{"id":893,"date":"2024-03-04T16:53:58","date_gmt":"2024-03-04T15:53:58","guid":{"rendered":"https:\/\/www.frabeg.de\/?p=893"},"modified":"2025-11-29T19:26:15","modified_gmt":"2025-11-29T18:26:15","slug":"gruendung-der-frabeg-energiewende-in-buergerhand","status":"publish","type":"post","link":"https:\/\/www.frabeg.de\/index.php\/2024\/03\/04\/gruendung-der-frabeg-energiewende-in-buergerhand\/","title":{"rendered":"Unsere Mission: Energiewende in B\u00fcrgerhand!"},"content":{"rendered":"\n<h4 class=\"wp-block-heading\">Gr\u00fcndung der FraBeG<\/h4>\n\n\n\n<p>Nach ersten Ideen im Februar 2023, viele Gespr\u00e4che im Freundeskreis, neue und verworfene Ideen, Gespr\u00e4che mit der st\u00e4dtischen Verwaltung, der Politik und der Mainova und final der Ausarbeitung aller formalen Unterlagen trafen sich am 5.Januar 2024 12 Gr\u00fcndungsmitglieder im Center for dialogue am Riedberg um die FraBeG Frankfurter B\u00fcrgerenergiegenossenschaft eG iG zu gr\u00fcnden<\/p>\n\n\n\n<p>Wir sind der \u00dcberzeugung, dass die Energiewende nicht nur \u201cvon oben\u201c verordnet, sondern vielmehr von jedem Menschen umgesetzt und gelebt werden kann<br><\/p>\n\n\n\n<p>Unsere Motivation ist die Energiewende in B\u00fcrgerhand mit Ihnen als Mitstreiterin und Mitstreiter zu gestalten. Wir alle haben die gemeinsame Vision einer lebenswerten Zukunft f\u00fcr alle Generationen.<br>Jeder bringt sein Wissen ein, wo es helfen kann.<br><\/p>\n\n\n\n<p>Das wollen wir gemeinsam mit m\u00f6glichst vielen Frankfurter B\u00fcrgerinnen und B\u00fcrgern erreichen z.B. durch<\/p>\n\n\n\n<p>\u2022Aufbau von gro\u00dfen alternativen Energieerzeugungsanlagen, wie Solar, Wasser und Wind<\/p>\n\n\n\n<p>\u2022Entwickeln und Umsetzen von Energiesparma\u00dfnahmen<\/p>\n\n\n\n<p>\u2022Alternative W\u00e4rmeerzeugung<\/p>\n\n\n\n<p>\u2022Schulungen und Informationsaustausch<\/p>\n\n\n\n<p>\u2022\u2026<\/p>\n\n\n<style>.kadence-column893_d78cfe-76 > .kt-inside-inner-col,.kadence-column893_d78cfe-76 > .kt-inside-inner-col:before{border-top-left-radius:0px;border-top-right-radius:0px;border-bottom-right-radius:0px;border-bottom-left-radius:0px;}.kadence-column893_d78cfe-76 > .kt-inside-inner-col{column-gap:var(--global-kb-gap-sm, 1rem);}.kadence-column893_d78cfe-76 > .kt-inside-inner-col{flex-direction:column;}.kadence-column893_d78cfe-76 > .kt-inside-inner-col > .aligncenter{width:100%;}.kadence-column893_d78cfe-76 > .kt-inside-inner-col:before{opacity:0.3;}.kadence-column893_d78cfe-76{position:relative;}@media all and (max-width: 1024px){.kadence-column893_d78cfe-76 > .kt-inside-inner-col{flex-direction:column;justify-content:center;}}@media all and (max-width: 767px){.kadence-column893_d78cfe-76 > .kt-inside-inner-col{flex-direction:column;justify-content:center;}}<\/style>\n<div class=\"wp-block-kadence-column kadence-column893_d78cfe-76\"><div class=\"kt-inside-inner-col\"><style>.wp-block-kadence-advancedbtn.kb-btns893_c51c0a-b6{gap:var(--global-kb-gap-xs, 0.5rem );justify-content:center;align-items:center;}.kt-btns893_c51c0a-b6 .kt-button{font-weight:normal;font-style:normal;}.kt-btns893_c51c0a-b6 .kt-btn-wrap-0{margin-right:5px;}.wp-block-kadence-advancedbtn.kt-btns893_c51c0a-b6 .kt-btn-wrap-0 .kt-button{color:#555555;border-color:#555555;}.wp-block-kadence-advancedbtn.kt-btns893_c51c0a-b6 .kt-btn-wrap-0 .kt-button:hover, .wp-block-kadence-advancedbtn.kt-btns893_c51c0a-b6 .kt-btn-wrap-0 .kt-button:focus{color:#ffffff;border-color:#444444;}.wp-block-kadence-advancedbtn.kt-btns893_c51c0a-b6 .kt-btn-wrap-0 .kt-button::before{display:none;}.wp-block-kadence-advancedbtn.kt-btns893_c51c0a-b6 .kt-btn-wrap-0 .kt-button:hover, .wp-block-kadence-advancedbtn.kt-btns893_c51c0a-b6 .kt-btn-wrap-0 .kt-button:focus{background:#444444;}<\/style>\n<div class=\"wp-block-kadence-advancedbtn kb-buttons-wrap kb-btns893_c51c0a-b6\"><style>ul.menu .wp-block-kadence-advancedbtn .kb-btn893_54ec2a-c9.kb-button{width:initial;}<\/style><span class=\"kb-button kt-button button kb-btn893_54ec2a-c9 kt-btn-size-standard kt-btn-width-type-auto kb-btn-global-fill  kt-btn-has-text-true kt-btn-has-svg-false  wp-block-kadence-singlebtn\"><span class=\"kt-btn-inner-text\">zur\u00fcck zur News\u00fcbersicht<\/span><\/span><\/div>\n<\/div><\/div>\n","protected":false},"excerpt":{"rendered":"<p>Gr\u00fcndung der FraBeG<\/p>\n","protected":false},"author":10,"featured_media":1004,"comment_status":"closed","ping_status":"closed","sticky":false,"template":"","format":"standard","meta":{"_kadence_starter_templates_imported_post":false,"_kad_post_transparent":"","_kad_post_title":"","_kad_post_layout":"","_kad_post_sidebar_id":"","_kad_post_content_style":"","_kad_post_vertical_padding":"","_kad_post_feature":"","_kad_post_feature_position":"","_kad_post_header":false,"_kad_post_footer":false,"_kad_post_classname":"","footnotes":""},"categories":[1],"tags":[],"class_list":["post-893","post","type-post","status-publish","format-standard","has-post-thumbnail","hentry","category-allgemeine-news"],"yoast_head":"<!-- This site is optimized with the Yoast SEO plugin v27.4 - https:\/\/yoast.com\/product\/yoast-seo-wordpress\/ -->\n<title>Unsere Mission: Energiewende in B\u00fcrgerhand! - Frankfurter B\u00fcrgerenergiegenossenschaft eG<\/title>\n<meta name=\"robots\" content=\"index, follow, max-snippet:-1, max-image-preview:large, max-video-preview:-1\" \/>\n<link rel=\"canonical\" href=\"https:\/\/www.frabeg.de\/index.php\/2024\/03\/04\/gruendung-der-frabeg-energiewende-in-buergerhand\/\" \/>\n<script type=\"application\/ld+json\" class=\"yoast-schema-graph\">{\"@context\":\"https:\\\/\\\/schema.org\",\"@graph\":[{\"@type\":\"Article\",\"@id\":\"https:\\\/\\\/www.frabeg.de\\\/index.php\\\/2024\\\/03\\\/04\\\/gruendung-der-frabeg-energiewende-in-buergerhand\\\/#article\",\"isPartOf\":{\"@id\":\"https:\\\/\\\/www.frabeg.de\\\/index.php\\\/2024\\\/03\\\/04\\\/gruendung-der-frabeg-energiewende-in-buergerhand\\\/\"},\"author\":{\"name\":\"Christian Stenglein\",\"@id\":\"https:\\\/\\\/www.frabeg.de\\\/#\\\/schema\\\/person\\\/ccc11827b8f406f540dacccbbcaa72ba\"},\"headline\":\"Unsere Mission: Energiewende in B\u00fcrgerhand!\",\"datePublished\":\"2024-03-04T15:53:58+00:00\",\"dateModified\":\"2025-11-29T18:26:15+00:00\",\"mainEntityOfPage\":{\"@id\":\"https:\\\/\\\/www.frabeg.de\\\/index.php\\\/2024\\\/03\\\/04\\\/gruendung-der-frabeg-energiewende-in-buergerhand\\\/\"},\"wordCount\":167,\"publisher\":{\"@id\":\"https:\\\/\\\/www.frabeg.de\\\/#organization\"},\"image\":{\"@id\":\"https:\\\/\\\/www.frabeg.de\\\/index.php\\\/2024\\\/03\\\/04\\\/gruendung-der-frabeg-energiewende-in-buergerhand\\\/#primaryimage\"},\"thumbnailUrl\":\"https:\\\/\\\/www.frabeg.de\\\/wp-content\\\/uploads\\\/2024\\\/03\\\/bild_skyline-2.jpg\",\"inLanguage\":\"de\"},{\"@type\":\"WebPage\",\"@id\":\"https:\\\/\\\/www.frabeg.de\\\/index.php\\\/2024\\\/03\\\/04\\\/gruendung-der-frabeg-energiewende-in-buergerhand\\\/\",\"url\":\"https:\\\/\\\/www.frabeg.de\\\/index.php\\\/2024\\\/03\\\/04\\\/gruendung-der-frabeg-energiewende-in-buergerhand\\\/\",\"name\":\"Unsere Mission: Energiewende in B\u00fcrgerhand! - Frankfurter B\u00fcrgerenergiegenossenschaft eG\",\"isPartOf\":{\"@id\":\"https:\\\/\\\/www.frabeg.de\\\/#website\"},\"primaryImageOfPage\":{\"@id\":\"https:\\\/\\\/www.frabeg.de\\\/index.php\\\/2024\\\/03\\\/04\\\/gruendung-der-frabeg-energiewende-in-buergerhand\\\/#primaryimage\"},\"image\":{\"@id\":\"https:\\\/\\\/www.frabeg.de\\\/index.php\\\/2024\\\/03\\\/04\\\/gruendung-der-frabeg-energiewende-in-buergerhand\\\/#primaryimage\"},\"thumbnailUrl\":\"https:\\\/\\\/www.frabeg.de\\\/wp-content\\\/uploads\\\/2024\\\/03\\\/bild_skyline-2.jpg\",\"datePublished\":\"2024-03-04T15:53:58+00:00\",\"dateModified\":\"2025-11-29T18:26:15+00:00\",\"breadcrumb\":{\"@id\":\"https:\\\/\\\/www.frabeg.de\\\/index.php\\\/2024\\\/03\\\/04\\\/gruendung-der-frabeg-energiewende-in-buergerhand\\\/#breadcrumb\"},\"inLanguage\":\"de\",\"potentialAction\":[{\"@type\":\"ReadAction\",\"target\":[\"https:\\\/\\\/www.frabeg.de\\\/index.php\\\/2024\\\/03\\\/04\\\/gruendung-der-frabeg-energiewende-in-buergerhand\\\/\"]}]},{\"@type\":\"ImageObject\",\"inLanguage\":\"de\",\"@id\":\"https:\\\/\\\/www.frabeg.de\\\/index.php\\\/2024\\\/03\\\/04\\\/gruendung-der-frabeg-energiewende-in-buergerhand\\\/#primaryimage\",\"url\":\"https:\\\/\\\/www.frabeg.de\\\/wp-content\\\/uploads\\\/2024\\\/03\\\/bild_skyline-2.jpg\",\"contentUrl\":\"https:\\\/\\\/www.frabeg.de\\\/wp-content\\\/uploads\\\/2024\\\/03\\\/bild_skyline-2.jpg\",\"width\":1182,\"height\":889},{\"@type\":\"BreadcrumbList\",\"@id\":\"https:\\\/\\\/www.frabeg.de\\\/index.php\\\/2024\\\/03\\\/04\\\/gruendung-der-frabeg-energiewende-in-buergerhand\\\/#breadcrumb\",\"itemListElement\":[{\"@type\":\"ListItem\",\"position\":1,\"name\":\"Startseite\",\"item\":\"https:\\\/\\\/www.frabeg.de\\\/\"},{\"@type\":\"ListItem\",\"position\":2,\"name\":\"Unsere Mission: Energiewende in B\u00fcrgerhand!\"}]},{\"@type\":\"WebSite\",\"@id\":\"https:\\\/\\\/www.frabeg.de\\\/#website\",\"url\":\"https:\\\/\\\/www.frabeg.de\\\/\",\"name\":\"Frankfurter B\u00fcrgerenergiegenossenschaft eG\",\"description\":\"Seien sie bei der Energiewende dabei\",\"publisher\":{\"@id\":\"https:\\\/\\\/www.frabeg.de\\\/#organization\"},\"potentialAction\":[{\"@type\":\"SearchAction\",\"target\":{\"@type\":\"EntryPoint\",\"urlTemplate\":\"https:\\\/\\\/www.frabeg.de\\\/?s={search_term_string}\"},\"query-input\":{\"@type\":\"PropertyValueSpecification\",\"valueRequired\":true,\"valueName\":\"search_term_string\"}}],\"inLanguage\":\"de\"},{\"@type\":\"Organization\",\"@id\":\"https:\\\/\\\/www.frabeg.de\\\/#organization\",\"name\":\"Frankfurter B\u00fcrgerenergiegenossenschaft eG\",\"url\":\"https:\\\/\\\/www.frabeg.de\\\/\",\"logo\":{\"@type\":\"ImageObject\",\"inLanguage\":\"de\",\"@id\":\"https:\\\/\\\/www.frabeg.de\\\/#\\\/schema\\\/logo\\\/image\\\/\",\"url\":\"https:\\\/\\\/www.frabeg.de\\\/wp-content\\\/uploads\\\/2024\\\/05\\\/ar_FRB_LCI_Logo-C-04-b-HiRes_freistell_NEBENeinander_UM_0180424.png\",\"contentUrl\":\"https:\\\/\\\/www.frabeg.de\\\/wp-content\\\/uploads\\\/2024\\\/05\\\/ar_FRB_LCI_Logo-C-04-b-HiRes_freistell_NEBENeinander_UM_0180424.png\",\"width\":8000,\"height\":3000,\"caption\":\"Frankfurter B\u00fcrgerenergiegenossenschaft eG\"},\"image\":{\"@id\":\"https:\\\/\\\/www.frabeg.de\\\/#\\\/schema\\\/logo\\\/image\\\/\"}},{\"@type\":\"Person\",\"@id\":\"https:\\\/\\\/www.frabeg.de\\\/#\\\/schema\\\/person\\\/ccc11827b8f406f540dacccbbcaa72ba\",\"name\":\"Christian Stenglein\",\"image\":{\"@type\":\"ImageObject\",\"inLanguage\":\"de\",\"@id\":\"https:\\\/\\\/secure.gravatar.com\\\/avatar\\\/e86c9f0c02602df006f8aefe813d6ff54311a55bf9390b09db2d87de7db689f6?s=96&d=mm&r=g\",\"url\":\"https:\\\/\\\/secure.gravatar.com\\\/avatar\\\/e86c9f0c02602df006f8aefe813d6ff54311a55bf9390b09db2d87de7db689f6?s=96&d=mm&r=g\",\"contentUrl\":\"https:\\\/\\\/secure.gravatar.com\\\/avatar\\\/e86c9f0c02602df006f8aefe813d6ff54311a55bf9390b09db2d87de7db689f6?s=96&d=mm&r=g\",\"caption\":\"Christian Stenglein\"},\"url\":\"https:\\\/\\\/www.frabeg.de\\\/index.php\\\/author\\\/christian-stengleinfrabeg-de\\\/\"}]}<\/script>\n<!-- \/ Yoast SEO plugin. -->","yoast_head_json":{"title":"Unsere Mission: Energiewende in B\u00fcrgerhand! - Frankfurter B\u00fcrgerenergiegenossenschaft eG","robots":{"index":"index","follow":"follow","max-snippet":"max-snippet:-1","max-image-preview":"max-image-preview:large","max-video-preview":"max-video-preview:-1"},"canonical":"https:\/\/www.frabeg.de\/index.php\/2024\/03\/04\/gruendung-der-frabeg-energiewende-in-buergerhand\/","schema":{"@context":"https:\/\/schema.org","@graph":[{"@type":"Article","@id":"https:\/\/www.frabeg.de\/index.php\/2024\/03\/04\/gruendung-der-frabeg-energiewende-in-buergerhand\/#article","isPartOf":{"@id":"https:\/\/www.frabeg.de\/index.php\/2024\/03\/04\/gruendung-der-frabeg-energiewende-in-buergerhand\/"},"author":{"name":"Christian Stenglein","@id":"https:\/\/www.frabeg.de\/#\/schema\/person\/ccc11827b8f406f540dacccbbcaa72ba"},"headline":"Unsere Mission: Energiewende in B\u00fcrgerhand!","datePublished":"2024-03-04T15:53:58+00:00","dateModified":"2025-11-29T18:26:15+00:00","mainEntityOfPage":{"@id":"https:\/\/www.frabeg.de\/index.php\/2024\/03\/04\/gruendung-der-frabeg-energiewende-in-buergerhand\/"},"wordCount":167,"publisher":{"@id":"https:\/\/www.frabeg.de\/#organization"},"image":{"@id":"https:\/\/www.frabeg.de\/index.php\/2024\/03\/04\/gruendung-der-frabeg-energiewende-in-buergerhand\/#primaryimage"},"thumbnailUrl":"https:\/\/www.frabeg.de\/wp-content\/uploads\/2024\/03\/bild_skyline-2.jpg","inLanguage":"de"},{"@type":"WebPage","@id":"https:\/\/www.frabeg.de\/index.php\/2024\/03\/04\/gruendung-der-frabeg-energiewende-in-buergerhand\/","url":"https:\/\/www.frabeg.de\/index.php\/2024\/03\/04\/gruendung-der-frabeg-energiewende-in-buergerhand\/","name":"Unsere Mission: Energiewende in B\u00fcrgerhand! - Frankfurter B\u00fcrgerenergiegenossenschaft eG","isPartOf":{"@id":"https:\/\/www.frabeg.de\/#website"},"primaryImageOfPage":{"@id":"https:\/\/www.frabeg.de\/index.php\/2024\/03\/04\/gruendung-der-frabeg-energiewende-in-buergerhand\/#primaryimage"},"image":{"@id":"https:\/\/www.frabeg.de\/index.php\/2024\/03\/04\/gruendung-der-frabeg-energiewende-in-buergerhand\/#primaryimage"},"thumbnailUrl":"https:\/\/www.frabeg.de\/wp-content\/uploads\/2024\/03\/bild_skyline-2.jpg","datePublished":"2024-03-04T15:53:58+00:00","dateModified":"2025-11-29T18:26:15+00:00","breadcrumb":{"@id":"https:\/\/www.frabeg.de\/index.php\/2024\/03\/04\/gruendung-der-frabeg-energiewende-in-buergerhand\/#breadcrumb"},"inLanguage":"de","potentialAction":[{"@type":"ReadAction","target":["https:\/\/www.frabeg.de\/index.php\/2024\/03\/04\/gruendung-der-frabeg-energiewende-in-buergerhand\/"]}]},{"@type":"ImageObject","inLanguage":"de","@id":"https:\/\/www.frabeg.de\/index.php\/2024\/03\/04\/gruendung-der-frabeg-energiewende-in-buergerhand\/#primaryimage","url":"https:\/\/www.frabeg.de\/wp-content\/uploads\/2024\/03\/bild_skyline-2.jpg","contentUrl":"https:\/\/www.frabeg.de\/wp-content\/uploads\/2024\/03\/bild_skyline-2.jpg","width":1182,"height":889},{"@type":"BreadcrumbList","@id":"https:\/\/www.frabeg.de\/index.php\/2024\/03\/04\/gruendung-der-frabeg-energiewende-in-buergerhand\/#breadcrumb","itemListElement":[{"@type":"ListItem","position":1,"name":"Startseite","item":"https:\/\/www.frabeg.de\/"},{"@type":"ListItem","position":2,"name":"Unsere Mission: Energiewende in B\u00fcrgerhand!"}]},{"@type":"WebSite","@id":"https:\/\/www.frabeg.de\/#website","url":"https:\/\/www.frabeg.de\/","name":"Frankfurter B\u00fcrgerenergiegenossenschaft eG","description":"Seien sie bei der Energiewende dabei","publisher":{"@id":"https:\/\/www.frabeg.de\/#organization"},"potentialAction":[{"@type":"SearchAction","target":{"@type":"EntryPoint","urlTemplate":"https:\/\/www.frabeg.de\/?s={search_term_string}"},"query-input":{"@type":"PropertyValueSpecification","valueRequired":true,"valueName":"search_term_string"}}],"inLanguage":"de"},{"@type":"Organization","@id":"https:\/\/www.frabeg.de\/#organization","name":"Frankfurter B\u00fcrgerenergiegenossenschaft eG","url":"https:\/\/www.frabeg.de\/","logo":{"@type":"ImageObject","inLanguage":"de","@id":"https:\/\/www.frabeg.de\/#\/schema\/logo\/image\/","url":"https:\/\/www.frabeg.de\/wp-content\/uploads\/2024\/05\/ar_FRB_LCI_Logo-C-04-b-HiRes_freistell_NEBENeinander_UM_0180424.png","contentUrl":"https:\/\/www.frabeg.de\/wp-content\/uploads\/2024\/05\/ar_FRB_LCI_Logo-C-04-b-HiRes_freistell_NEBENeinander_UM_0180424.png","width":8000,"height":3000,"caption":"Frankfurter B\u00fcrgerenergiegenossenschaft eG"},"image":{"@id":"https:\/\/www.frabeg.de\/#\/schema\/logo\/image\/"}},{"@type":"Person","@id":"https:\/\/www.frabeg.de\/#\/schema\/person\/ccc11827b8f406f540dacccbbcaa72ba","name":"Christian Stenglein","image":{"@type":"ImageObject","inLanguage":"de","@id":"https:\/\/secure.gravatar.com\/avatar\/e86c9f0c02602df006f8aefe813d6ff54311a55bf9390b09db2d87de7db689f6?s=96&d=mm&r=g","url":"https:\/\/secure.gravatar.com\/avatar\/e86c9f0c02602df006f8aefe813d6ff54311a55bf9390b09db2d87de7db689f6?s=96&d=mm&r=g","contentUrl":"https:\/\/secure.gravatar.com\/avatar\/e86c9f0c02602df006f8aefe813d6ff54311a55bf9390b09db2d87de7db689f6?s=96&d=mm&r=g","caption":"Christian Stenglein"},"url":"https:\/\/www.frabeg.de\/index.php\/author\/christian-stengleinfrabeg-de\/"}]}},"_links":{"self":[{"href":"https:\/\/www.frabeg.de\/index.php\/wp-json\/wp\/v2\/posts\/893","targetHints":{"allow":["GET"]}}],"collection":[{"href":"https:\/\/www.frabeg.de\/index.php\/wp-json\/wp\/v2\/posts"}],"about":[{"href":"https:\/\/www.frabeg.de\/index.php\/wp-json\/wp\/v2\/types\/post"}],"author":[{"embeddable":true,"href":"https:\/\/www.frabeg.de\/index.php\/wp-json\/wp\/v2\/users\/10"}],"replies":[{"embeddable":true,"href":"https:\/\/www.frabeg.de\/index.php\/wp-json\/wp\/v2\/comments?post=893"}],"version-history":[{"count":10,"href":"https:\/\/www.frabeg.de\/index.php\/wp-json\/wp\/v2\/posts\/893\/revisions"}],"predecessor-version":[{"id":1442,"href":"https:\/\/www.frabeg.de\/index.php\/wp-json\/wp\/v2\/posts\/893\/revisions\/1442"}],"wp:featuredmedia":[{"embeddable":true,"href":"https:\/\/www.frabeg.de\/index.php\/wp-json\/wp\/v2\/media\/1004"}],"wp:attachment":[{"href":"https:\/\/www.frabeg.de\/index.php\/wp-json\/wp\/v2\/media?parent=893"}],"wp:term":[{"taxonomy":"category","embeddable":true,"href":"https:\/\/www.frabeg.de\/index.php\/wp-json\/wp\/v2\/categories?post=893"},{"taxonomy":"post_tag","embeddable":true,"href":"https:\/\/www.frabeg.de\/index.php\/wp-json\/wp\/v2\/tags?post=893"}],"curies":[{"name":"wp","href":"https:\/\/api.w.org\/{rel}","templated":true}]}}