{"id":1736,"date":"2025-12-03T23:35:48","date_gmt":"2025-12-03T22:35:48","guid":{"rendered":"https:\/\/www.frabeg.de\/?p=1736"},"modified":"2026-04-07T12:45:26","modified_gmt":"2026-04-07T10:45:26","slug":"frabeg-vorstand-steht-rede-und-antwort","status":"publish","type":"post","link":"https:\/\/www.frabeg.de\/index.php\/2025\/12\/03\/frabeg-vorstand-steht-rede-und-antwort\/","title":{"rendered":"FraBeG \u2013 Vorstand steht Rede und Antwort\u00a0"},"content":{"rendered":"\n<h3 class=\"wp-block-heading\">Angek\u00fcndigter Windpark Sch\u00e4ferk\u00f6ppel&nbsp; Topthema im Ortsbeirat 13 Nieder-Erlenbach.&nbsp;<\/h3>\n\n\n\n<p>Nur einen Tag nach der Bekanntgabe der konkreten Planungen f\u00fcr die Umsetzung des Windparks Sch\u00e4ferk\u00f6ppel ist das Interesse daran gro\u00df. Rund 70 Nieder-Erlenbacher sind zur Ortsbeiratssitzung erschienen und haben jede Menge Fragen \u2013 auch an den Vorstand der Frankfurter B\u00fcrgerenergiegenossenschaft (FraBeG).\u00a0\u00a0<\/p>\n\n\n\n<p>Wie es sich der Ortsbeirat vor 14 Jahren bereits w\u00fcnschte, sollen sich am neuen Windpark auch B\u00fcrger und B\u00fcrgerinnen beteiligen k\u00f6nnen. Diese Vision wird dank der FraBeG&nbsp;nun wahr. 15 % des Gesamtkapitals \u2013 genauere Summen dar\u00fcber werden erst 2026 zu haben sein \u2013 sollen von Mitgliedern der Genossenschaft gezeichnet werden k\u00f6nnen.&nbsp;&nbsp;<\/p>\n\n\n\n<div class=\"wp-block-columns is-layout-flex wp-container-core-columns-is-layout-9d6595d7 wp-block-columns-is-layout-flex\">\n<div class=\"wp-block-column is-layout-flow wp-block-column-is-layout-flow\" style=\"flex-basis:50%\">\n<p>Die Anwesenden interessierten sich insbesondere f\u00fcr die Modalit\u00e4ten der Zeichnungsrunden, die Menge der geplanten Anteile und Abw\u00e4gungen, inwieweit die Investitionen mit einem Risiko verbunden sind.&nbsp;<\/p>\n\n\n\n<p>\u201eDie genaue Menge der Anteile wird erst zu Baubeginn im Fr\u00fchjahr\/Sommer 2026 bestimmt,\u201c erl\u00e4uterte Vorstandsmitglied der FraBeG Markus Schaufler. Es werden sch\u00e4tzungsweise an die 10.000 sein. Die FraBeG-Mitglieder, die in den direkt involvierten Gemeinden wohnen, d\u00fcrfen auch als erste Anteile zeichnen. Das betrifft die Orte Kloppenheim, Nieder-Erlenbach, Ober-Erlenbach und Petterweil.&nbsp;&nbsp;&nbsp;<\/p>\n<\/div>\n\n\n\n<div class=\"wp-block-column is-layout-flow wp-block-column-is-layout-flow\" style=\"flex-basis:50%\"><style>.kb-image1736_93198d-3b .kb-image-has-overlay:after{opacity:0.3;}<\/style>\n<figure class=\"wp-block-kadence-image kb-image1736_93198d-3b size-full\"><img loading=\"lazy\" decoding=\"async\" width=\"640\" height=\"480\" src=\"https:\/\/www.frabeg.de\/wp-content\/uploads\/2025\/12\/20251202-OBSitzung-Nieder-Erlenbach13-2.jpg\" alt=\"\" class=\"kb-img wp-image-1740\" srcset=\"https:\/\/www.frabeg.de\/wp-content\/uploads\/2025\/12\/20251202-OBSitzung-Nieder-Erlenbach13-2.jpg 640w, https:\/\/www.frabeg.de\/wp-content\/uploads\/2025\/12\/20251202-OBSitzung-Nieder-Erlenbach13-2-300x225.jpg 300w\" sizes=\"auto, (max-width: 640px) 100vw, 640px\" \/><figcaption>Die FraBeG konnte vor vielen Anwesenden das Konzept einer B\u00fcrgerbeteiligung vorstellen.&nbsp;<\/figcaption><\/figure>\n<\/div>\n<\/div>\n\n\n\n<p>Christian Stenglein, Vorstandsmitglied der FraBeG erg\u00e4nzte: \u201eIn einer zweiten Runde wird der Radius auf f\u00fcnf Kilometer rund um den Windpark erweitert. In einer dritten Runde sind die \u00fcbrigen Genossinnen und Genossen der drei Gemeinden Frankfurt am Main, Bad Homburg vor der H\u00f6he und Karben aufgefordert, sich Anteile anzueignen\u201c.&nbsp;&nbsp;<\/p>\n\n\n\n<div class=\"wp-block-columns is-layout-flex wp-container-core-columns-is-layout-9d6595d7 wp-block-columns-is-layout-flex\">\n<div class=\"wp-block-column is-layout-flow wp-block-column-is-layout-flow\"><style>.kb-image1736_b51442-4f .kb-image-has-overlay:after{opacity:0.3;}<\/style>\n<figure class=\"wp-block-kadence-image kb-image1736_b51442-4f size-full\"><img loading=\"lazy\" decoding=\"async\" width=\"640\" height=\"480\" src=\"https:\/\/www.frabeg.de\/wp-content\/uploads\/2025\/12\/20251202-OBSitzung-Nieder-Erlenbach13-3.jpg\" alt=\"\" class=\"kb-img wp-image-1741\" srcset=\"https:\/\/www.frabeg.de\/wp-content\/uploads\/2025\/12\/20251202-OBSitzung-Nieder-Erlenbach13-3.jpg 640w, https:\/\/www.frabeg.de\/wp-content\/uploads\/2025\/12\/20251202-OBSitzung-Nieder-Erlenbach13-3-300x225.jpg 300w\" sizes=\"auto, (max-width: 640px) 100vw, 640px\" \/><figcaption>Christian Stenglein, Vorstand der FraBeg, und Andreas Heming, Aufsichtsratsvorsitzender der FraBeG stellen sich den Fragen der Anwesenden.&nbsp;<\/figcaption><\/figure>\n<\/div>\n\n\n\n<div class=\"wp-block-column is-layout-flow wp-block-column-is-layout-flow\">\n<p>Warum die FraBeG? Wieso diese Art der B\u00fcrgerbeteiligung? Aufsichtsratsvorsitzender Andreas Heming erl\u00e4utert die Vorteile einer Genossenschaft, der basisdemokratische Aufbau, denn jedes Mitglied hat unabh\u00e4ngig der Zeichnungsmenge genau eine Stimme. Auch die Geschichte, woher die FraBeG kommt, wurde aufgezeigt.&nbsp;<\/p>\n<\/div>\n<\/div>\n\n\n\n<p>Das Investitionsrisiko sch\u00e4tzt der FraBeG-Vorstand als sehr gering ein. Der neue Windpark mit seinen vier Windr\u00e4dern ist von der Mainova \u00fcber viele Jahre genau geplant und gepr\u00fcft worden, alle Genehmigungen liegen vor.&nbsp;Es gibt keine Gr\u00fcnde, sich mit dem Szenario eines Scheiterns zu besch\u00e4ftigen, denn Frankfurt braucht und verbraucht unglaubliche Mengen an Strom.&nbsp;Um so sch\u00f6ner, wenn es gr\u00fcner Strom sein kann.&nbsp;<\/p>\n\n\n\n<p>Und noch etwas:&nbsp;&nbsp;<\/p>\n\n\n\n<p>Sollte jemand die Genossenschaft wieder verlassen und die Anteile zur\u00fcckgeben wollen, so wird das problemlos m\u00f6glich sein. Die Beteiligung wird innerhalb einer \u00fcberschaubaren Frist zur\u00fcckerstattet, so der FraBeG-Vorstand.&nbsp;<\/p>\n\n\n\n<p>Doch jetzt geht es darum, die Genossenschaft weiter zu st\u00e4rken, Mitglied zu werden und sich am Windpark Sch\u00e4ferk\u00f6ppel zu beteiligen \u2013 damit Frankfurt, Bad Homburg und Karben ein St\u00fcck klimafreundlicher werden.&nbsp;<\/p>\n\n\n\n<p style=\"font-size:14px\">Titelbildunterschrift: Die Vorst\u00e4nde Markus Schaufler und Christian Stenglein sowie der Aufsichtsratsvorsitzender Andreas Heming erl\u00e4utern den Interessenten die Beteiligungsform am Windpark durch die FraBeG.&nbsp;<\/p>\n\n\n\n<p><\/p>\n","protected":false},"excerpt":{"rendered":"<p>Angek\u00fcndigter Windpark Sch\u00e4ferk\u00f6ppel&nbsp; Topthema im Ortsbeirat 13 Nieder-Erlenbach.&nbsp; Nur einen Tag nach der Bekanntgabe der konkreten Planungen f\u00fcr die Umsetzung des Windparks Sch\u00e4ferk\u00f6ppel ist das Interesse daran gro\u00df. Rund 70 Nieder-Erlenbacher sind zur Ortsbeiratssitzung erschienen und haben jede Menge Fragen \u2013 auch an den Vorstand der Frankfurter B\u00fcrgerenergiegenossenschaft (FraBeG).\u00a0\u00a0 Wie es sich der Ortsbeirat vor&#8230;<\/p>\n","protected":false},"author":1,"featured_media":1738,"comment_status":"closed","ping_status":"open","sticky":false,"template":"","format":"standard","meta":{"_kadence_starter_templates_imported_post":false,"_kad_post_transparent":"","_kad_post_title":"","_kad_post_layout":"","_kad_post_sidebar_id":"","_kad_post_content_style":"","_kad_post_vertical_padding":"","_kad_post_feature":"","_kad_post_feature_position":"","_kad_post_header":false,"_kad_post_footer":false,"_kad_post_classname":"","footnotes":""},"categories":[1],"tags":[18,87,84,88,89],"class_list":["post-1736","post","type-post","status-publish","format-standard","has-post-thumbnail","hentry","category-allgemeine-news","tag-frabeg","tag-nieder-erlenbach","tag-ortsbeiratssitzung","tag-windpark","tag-windpark-schaeferkoeppel"],"yoast_head":"<!-- This site is optimized with the Yoast SEO plugin v27.4 - https:\/\/yoast.com\/product\/yoast-seo-wordpress\/ -->\n<title>FraBeG \u2013 Vorstand steht Rede und Antwort\u00a0 - Frankfurter B\u00fcrgerenergiegenossenschaft eG<\/title>\n<meta name=\"description\" content=\"FraBeG \u2013 Vorstand steht Rede und Antwort. Angek\u00fcndigter Windpark Sch\u00e4ferk\u00f6ppel\u00a0ist Topthema im Ortsbeirat 13 Nieder-Erlenbach\" \/>\n<meta name=\"robots\" content=\"index, follow, max-snippet:-1, max-image-preview:large, max-video-preview:-1\" \/>\n<link rel=\"canonical\" href=\"https:\/\/www.frabeg.de\/index.php\/2025\/12\/03\/frabeg-vorstand-steht-rede-und-antwort\/\" \/>\n<script type=\"application\/ld+json\" class=\"yoast-schema-graph\">{\"@context\":\"https:\\\/\\\/schema.org\",\"@graph\":[{\"@type\":\"Article\",\"@id\":\"https:\\\/\\\/www.frabeg.de\\\/index.php\\\/2025\\\/12\\\/03\\\/frabeg-vorstand-steht-rede-und-antwort\\\/#article\",\"isPartOf\":{\"@id\":\"https:\\\/\\\/www.frabeg.de\\\/index.php\\\/2025\\\/12\\\/03\\\/frabeg-vorstand-steht-rede-und-antwort\\\/\"},\"author\":{\"name\":\"admin\",\"@id\":\"https:\\\/\\\/www.frabeg.de\\\/#\\\/schema\\\/person\\\/581e01cefa7f04805f855d18805d5762\"},\"headline\":\"FraBeG \u2013 Vorstand steht Rede und Antwort\u00a0\",\"datePublished\":\"2025-12-03T22:35:48+00:00\",\"dateModified\":\"2026-04-07T10:45:26+00:00\",\"mainEntityOfPage\":{\"@id\":\"https:\\\/\\\/www.frabeg.de\\\/index.php\\\/2025\\\/12\\\/03\\\/frabeg-vorstand-steht-rede-und-antwort\\\/\"},\"wordCount\":497,\"publisher\":{\"@id\":\"https:\\\/\\\/www.frabeg.de\\\/#organization\"},\"image\":{\"@id\":\"https:\\\/\\\/www.frabeg.de\\\/index.php\\\/2025\\\/12\\\/03\\\/frabeg-vorstand-steht-rede-und-antwort\\\/#primaryimage\"},\"thumbnailUrl\":\"https:\\\/\\\/www.frabeg.de\\\/wp-content\\\/uploads\\\/2025\\\/12\\\/20251202-OBSitzung-Nieder-Erlenbach-13-1a.jpg\",\"keywords\":[\"frabeg\",\"Nieder-Erlenbach\",\"ortsbeiratssitzung\",\"windpark\",\"windpark sch\u00e4ferk\u00f6ppel\"],\"inLanguage\":\"de\"},{\"@type\":\"WebPage\",\"@id\":\"https:\\\/\\\/www.frabeg.de\\\/index.php\\\/2025\\\/12\\\/03\\\/frabeg-vorstand-steht-rede-und-antwort\\\/\",\"url\":\"https:\\\/\\\/www.frabeg.de\\\/index.php\\\/2025\\\/12\\\/03\\\/frabeg-vorstand-steht-rede-und-antwort\\\/\",\"name\":\"FraBeG \u2013 Vorstand steht Rede und Antwort\u00a0 - Frankfurter B\u00fcrgerenergiegenossenschaft eG\",\"isPartOf\":{\"@id\":\"https:\\\/\\\/www.frabeg.de\\\/#website\"},\"primaryImageOfPage\":{\"@id\":\"https:\\\/\\\/www.frabeg.de\\\/index.php\\\/2025\\\/12\\\/03\\\/frabeg-vorstand-steht-rede-und-antwort\\\/#primaryimage\"},\"image\":{\"@id\":\"https:\\\/\\\/www.frabeg.de\\\/index.php\\\/2025\\\/12\\\/03\\\/frabeg-vorstand-steht-rede-und-antwort\\\/#primaryimage\"},\"thumbnailUrl\":\"https:\\\/\\\/www.frabeg.de\\\/wp-content\\\/uploads\\\/2025\\\/12\\\/20251202-OBSitzung-Nieder-Erlenbach-13-1a.jpg\",\"datePublished\":\"2025-12-03T22:35:48+00:00\",\"dateModified\":\"2026-04-07T10:45:26+00:00\",\"description\":\"FraBeG \u2013 Vorstand steht Rede und Antwort. Angek\u00fcndigter Windpark Sch\u00e4ferk\u00f6ppel\u00a0ist Topthema im Ortsbeirat 13 Nieder-Erlenbach\",\"breadcrumb\":{\"@id\":\"https:\\\/\\\/www.frabeg.de\\\/index.php\\\/2025\\\/12\\\/03\\\/frabeg-vorstand-steht-rede-und-antwort\\\/#breadcrumb\"},\"inLanguage\":\"de\",\"potentialAction\":[{\"@type\":\"ReadAction\",\"target\":[\"https:\\\/\\\/www.frabeg.de\\\/index.php\\\/2025\\\/12\\\/03\\\/frabeg-vorstand-steht-rede-und-antwort\\\/\"]}]},{\"@type\":\"ImageObject\",\"inLanguage\":\"de\",\"@id\":\"https:\\\/\\\/www.frabeg.de\\\/index.php\\\/2025\\\/12\\\/03\\\/frabeg-vorstand-steht-rede-und-antwort\\\/#primaryimage\",\"url\":\"https:\\\/\\\/www.frabeg.de\\\/wp-content\\\/uploads\\\/2025\\\/12\\\/20251202-OBSitzung-Nieder-Erlenbach-13-1a.jpg\",\"contentUrl\":\"https:\\\/\\\/www.frabeg.de\\\/wp-content\\\/uploads\\\/2025\\\/12\\\/20251202-OBSitzung-Nieder-Erlenbach-13-1a.jpg\",\"width\":640,\"height\":480},{\"@type\":\"BreadcrumbList\",\"@id\":\"https:\\\/\\\/www.frabeg.de\\\/index.php\\\/2025\\\/12\\\/03\\\/frabeg-vorstand-steht-rede-und-antwort\\\/#breadcrumb\",\"itemListElement\":[{\"@type\":\"ListItem\",\"position\":1,\"name\":\"Startseite\",\"item\":\"https:\\\/\\\/www.frabeg.de\\\/\"},{\"@type\":\"ListItem\",\"position\":2,\"name\":\"FraBeG \u2013 Vorstand steht Rede und Antwort\u00a0\"}]},{\"@type\":\"WebSite\",\"@id\":\"https:\\\/\\\/www.frabeg.de\\\/#website\",\"url\":\"https:\\\/\\\/www.frabeg.de\\\/\",\"name\":\"Frankfurter B\u00fcrgerenergiegenossenschaft eG\",\"description\":\"Seien sie bei der Energiewende dabei\",\"publisher\":{\"@id\":\"https:\\\/\\\/www.frabeg.de\\\/#organization\"},\"potentialAction\":[{\"@type\":\"SearchAction\",\"target\":{\"@type\":\"EntryPoint\",\"urlTemplate\":\"https:\\\/\\\/www.frabeg.de\\\/?s={search_term_string}\"},\"query-input\":{\"@type\":\"PropertyValueSpecification\",\"valueRequired\":true,\"valueName\":\"search_term_string\"}}],\"inLanguage\":\"de\"},{\"@type\":\"Organization\",\"@id\":\"https:\\\/\\\/www.frabeg.de\\\/#organization\",\"name\":\"Frankfurter B\u00fcrgerenergiegenossenschaft eG\",\"url\":\"https:\\\/\\\/www.frabeg.de\\\/\",\"logo\":{\"@type\":\"ImageObject\",\"inLanguage\":\"de\",\"@id\":\"https:\\\/\\\/www.frabeg.de\\\/#\\\/schema\\\/logo\\\/image\\\/\",\"url\":\"https:\\\/\\\/www.frabeg.de\\\/wp-content\\\/uploads\\\/2024\\\/05\\\/ar_FRB_LCI_Logo-C-04-b-HiRes_freistell_NEBENeinander_UM_0180424.png\",\"contentUrl\":\"https:\\\/\\\/www.frabeg.de\\\/wp-content\\\/uploads\\\/2024\\\/05\\\/ar_FRB_LCI_Logo-C-04-b-HiRes_freistell_NEBENeinander_UM_0180424.png\",\"width\":8000,\"height\":3000,\"caption\":\"Frankfurter B\u00fcrgerenergiegenossenschaft eG\"},\"image\":{\"@id\":\"https:\\\/\\\/www.frabeg.de\\\/#\\\/schema\\\/logo\\\/image\\\/\"}},{\"@type\":\"Person\",\"@id\":\"https:\\\/\\\/www.frabeg.de\\\/#\\\/schema\\\/person\\\/581e01cefa7f04805f855d18805d5762\",\"name\":\"admin\",\"image\":{\"@type\":\"ImageObject\",\"inLanguage\":\"de\",\"@id\":\"https:\\\/\\\/secure.gravatar.com\\\/avatar\\\/76d187f7cecdac6652b9dcfaef58cda08a1823d0e12de71c5d9977b6c05cf1ae?s=96&d=mm&r=g\",\"url\":\"https:\\\/\\\/secure.gravatar.com\\\/avatar\\\/76d187f7cecdac6652b9dcfaef58cda08a1823d0e12de71c5d9977b6c05cf1ae?s=96&d=mm&r=g\",\"contentUrl\":\"https:\\\/\\\/secure.gravatar.com\\\/avatar\\\/76d187f7cecdac6652b9dcfaef58cda08a1823d0e12de71c5d9977b6c05cf1ae?s=96&d=mm&r=g\",\"caption\":\"admin\"},\"sameAs\":[\"https:\\\/\\\/www.frabeg.de\"],\"url\":\"https:\\\/\\\/www.frabeg.de\\\/index.php\\\/author\\\/fm_yismh9xu\\\/\"}]}<\/script>\n<!-- \/ Yoast SEO plugin. -->","yoast_head_json":{"title":"FraBeG \u2013 Vorstand steht Rede und Antwort\u00a0 - Frankfurter B\u00fcrgerenergiegenossenschaft eG","description":"FraBeG \u2013 Vorstand steht Rede und Antwort. Angek\u00fcndigter Windpark Sch\u00e4ferk\u00f6ppel\u00a0ist Topthema im Ortsbeirat 13 Nieder-Erlenbach","robots":{"index":"index","follow":"follow","max-snippet":"max-snippet:-1","max-image-preview":"max-image-preview:large","max-video-preview":"max-video-preview:-1"},"canonical":"https:\/\/www.frabeg.de\/index.php\/2025\/12\/03\/frabeg-vorstand-steht-rede-und-antwort\/","schema":{"@context":"https:\/\/schema.org","@graph":[{"@type":"Article","@id":"https:\/\/www.frabeg.de\/index.php\/2025\/12\/03\/frabeg-vorstand-steht-rede-und-antwort\/#article","isPartOf":{"@id":"https:\/\/www.frabeg.de\/index.php\/2025\/12\/03\/frabeg-vorstand-steht-rede-und-antwort\/"},"author":{"name":"admin","@id":"https:\/\/www.frabeg.de\/#\/schema\/person\/581e01cefa7f04805f855d18805d5762"},"headline":"FraBeG \u2013 Vorstand steht Rede und Antwort\u00a0","datePublished":"2025-12-03T22:35:48+00:00","dateModified":"2026-04-07T10:45:26+00:00","mainEntityOfPage":{"@id":"https:\/\/www.frabeg.de\/index.php\/2025\/12\/03\/frabeg-vorstand-steht-rede-und-antwort\/"},"wordCount":497,"publisher":{"@id":"https:\/\/www.frabeg.de\/#organization"},"image":{"@id":"https:\/\/www.frabeg.de\/index.php\/2025\/12\/03\/frabeg-vorstand-steht-rede-und-antwort\/#primaryimage"},"thumbnailUrl":"https:\/\/www.frabeg.de\/wp-content\/uploads\/2025\/12\/20251202-OBSitzung-Nieder-Erlenbach-13-1a.jpg","keywords":["frabeg","Nieder-Erlenbach","ortsbeiratssitzung","windpark","windpark sch\u00e4ferk\u00f6ppel"],"inLanguage":"de"},{"@type":"WebPage","@id":"https:\/\/www.frabeg.de\/index.php\/2025\/12\/03\/frabeg-vorstand-steht-rede-und-antwort\/","url":"https:\/\/www.frabeg.de\/index.php\/2025\/12\/03\/frabeg-vorstand-steht-rede-und-antwort\/","name":"FraBeG \u2013 Vorstand steht Rede und Antwort\u00a0 - Frankfurter B\u00fcrgerenergiegenossenschaft eG","isPartOf":{"@id":"https:\/\/www.frabeg.de\/#website"},"primaryImageOfPage":{"@id":"https:\/\/www.frabeg.de\/index.php\/2025\/12\/03\/frabeg-vorstand-steht-rede-und-antwort\/#primaryimage"},"image":{"@id":"https:\/\/www.frabeg.de\/index.php\/2025\/12\/03\/frabeg-vorstand-steht-rede-und-antwort\/#primaryimage"},"thumbnailUrl":"https:\/\/www.frabeg.de\/wp-content\/uploads\/2025\/12\/20251202-OBSitzung-Nieder-Erlenbach-13-1a.jpg","datePublished":"2025-12-03T22:35:48+00:00","dateModified":"2026-04-07T10:45:26+00:00","description":"FraBeG \u2013 Vorstand steht Rede und Antwort. Angek\u00fcndigter Windpark Sch\u00e4ferk\u00f6ppel\u00a0ist Topthema im Ortsbeirat 13 Nieder-Erlenbach","breadcrumb":{"@id":"https:\/\/www.frabeg.de\/index.php\/2025\/12\/03\/frabeg-vorstand-steht-rede-und-antwort\/#breadcrumb"},"inLanguage":"de","potentialAction":[{"@type":"ReadAction","target":["https:\/\/www.frabeg.de\/index.php\/2025\/12\/03\/frabeg-vorstand-steht-rede-und-antwort\/"]}]},{"@type":"ImageObject","inLanguage":"de","@id":"https:\/\/www.frabeg.de\/index.php\/2025\/12\/03\/frabeg-vorstand-steht-rede-und-antwort\/#primaryimage","url":"https:\/\/www.frabeg.de\/wp-content\/uploads\/2025\/12\/20251202-OBSitzung-Nieder-Erlenbach-13-1a.jpg","contentUrl":"https:\/\/www.frabeg.de\/wp-content\/uploads\/2025\/12\/20251202-OBSitzung-Nieder-Erlenbach-13-1a.jpg","width":640,"height":480},{"@type":"BreadcrumbList","@id":"https:\/\/www.frabeg.de\/index.php\/2025\/12\/03\/frabeg-vorstand-steht-rede-und-antwort\/#breadcrumb","itemListElement":[{"@type":"ListItem","position":1,"name":"Startseite","item":"https:\/\/www.frabeg.de\/"},{"@type":"ListItem","position":2,"name":"FraBeG \u2013 Vorstand steht Rede und Antwort\u00a0"}]},{"@type":"WebSite","@id":"https:\/\/www.frabeg.de\/#website","url":"https:\/\/www.frabeg.de\/","name":"Frankfurter B\u00fcrgerenergiegenossenschaft eG","description":"Seien sie bei der Energiewende dabei","publisher":{"@id":"https:\/\/www.frabeg.de\/#organization"},"potentialAction":[{"@type":"SearchAction","target":{"@type":"EntryPoint","urlTemplate":"https:\/\/www.frabeg.de\/?s={search_term_string}"},"query-input":{"@type":"PropertyValueSpecification","valueRequired":true,"valueName":"search_term_string"}}],"inLanguage":"de"},{"@type":"Organization","@id":"https:\/\/www.frabeg.de\/#organization","name":"Frankfurter B\u00fcrgerenergiegenossenschaft eG","url":"https:\/\/www.frabeg.de\/","logo":{"@type":"ImageObject","inLanguage":"de","@id":"https:\/\/www.frabeg.de\/#\/schema\/logo\/image\/","url":"https:\/\/www.frabeg.de\/wp-content\/uploads\/2024\/05\/ar_FRB_LCI_Logo-C-04-b-HiRes_freistell_NEBENeinander_UM_0180424.png","contentUrl":"https:\/\/www.frabeg.de\/wp-content\/uploads\/2024\/05\/ar_FRB_LCI_Logo-C-04-b-HiRes_freistell_NEBENeinander_UM_0180424.png","width":8000,"height":3000,"caption":"Frankfurter B\u00fcrgerenergiegenossenschaft eG"},"image":{"@id":"https:\/\/www.frabeg.de\/#\/schema\/logo\/image\/"}},{"@type":"Person","@id":"https:\/\/www.frabeg.de\/#\/schema\/person\/581e01cefa7f04805f855d18805d5762","name":"admin","image":{"@type":"ImageObject","inLanguage":"de","@id":"https:\/\/secure.gravatar.com\/avatar\/76d187f7cecdac6652b9dcfaef58cda08a1823d0e12de71c5d9977b6c05cf1ae?s=96&d=mm&r=g","url":"https:\/\/secure.gravatar.com\/avatar\/76d187f7cecdac6652b9dcfaef58cda08a1823d0e12de71c5d9977b6c05cf1ae?s=96&d=mm&r=g","contentUrl":"https:\/\/secure.gravatar.com\/avatar\/76d187f7cecdac6652b9dcfaef58cda08a1823d0e12de71c5d9977b6c05cf1ae?s=96&d=mm&r=g","caption":"admin"},"sameAs":["https:\/\/www.frabeg.de"],"url":"https:\/\/www.frabeg.de\/index.php\/author\/fm_yismh9xu\/"}]}},"_links":{"self":[{"href":"https:\/\/www.frabeg.de\/index.php\/wp-json\/wp\/v2\/posts\/1736","targetHints":{"allow":["GET"]}}],"collection":[{"href":"https:\/\/www.frabeg.de\/index.php\/wp-json\/wp\/v2\/posts"}],"about":[{"href":"https:\/\/www.frabeg.de\/index.php\/wp-json\/wp\/v2\/types\/post"}],"author":[{"embeddable":true,"href":"https:\/\/www.frabeg.de\/index.php\/wp-json\/wp\/v2\/users\/1"}],"replies":[{"embeddable":true,"href":"https:\/\/www.frabeg.de\/index.php\/wp-json\/wp\/v2\/comments?post=1736"}],"version-history":[{"count":9,"href":"https:\/\/www.frabeg.de\/index.php\/wp-json\/wp\/v2\/posts\/1736\/revisions"}],"predecessor-version":[{"id":1927,"href":"https:\/\/www.frabeg.de\/index.php\/wp-json\/wp\/v2\/posts\/1736\/revisions\/1927"}],"wp:featuredmedia":[{"embeddable":true,"href":"https:\/\/www.frabeg.de\/index.php\/wp-json\/wp\/v2\/media\/1738"}],"wp:attachment":[{"href":"https:\/\/www.frabeg.de\/index.php\/wp-json\/wp\/v2\/media?parent=1736"}],"wp:term":[{"taxonomy":"category","embeddable":true,"href":"https:\/\/www.frabeg.de\/index.php\/wp-json\/wp\/v2\/categories?post=1736"},{"taxonomy":"post_tag","embeddable":true,"href":"https:\/\/www.frabeg.de\/index.php\/wp-json\/wp\/v2\/tags?post=1736"}],"curies":[{"name":"wp","href":"https:\/\/api.w.org\/{rel}","templated":true}]}}