{"id":1722,"date":"2025-12-02T21:09:37","date_gmt":"2025-12-02T20:09:37","guid":{"rendered":"https:\/\/www.frabeg.de\/?p=1722"},"modified":"2026-04-07T12:46:06","modified_gmt":"2026-04-07T10:46:06","slug":"frischer-wind-bei-der-frabeg","status":"publish","type":"post","link":"https:\/\/www.frabeg.de\/index.php\/2025\/12\/02\/frischer-wind-bei-der-frabeg\/","title":{"rendered":"Frischer Wind bei der FraBeG!"},"content":{"rendered":"\n<p><em>Genossen und Genossinnen k\u00f6nnen ab Q2\/ 2026 durch Beteiligungen an der FraBeG die Windkraftanlagen realisieren.<\/em><\/p>\n\n\n\n<p>Ein Windpark direkt vor den Toren von Frankfurt \u2013 und die Frankfurter B\u00fcrgerenergiegenossenschaft (FraBeG) ist von Anfang an mit dabei. Realisiert wird das Windprojekt von der Mainova AG.<\/p>\n\n\n\n<p>Mehr als 20.000 Haushalte sollen in Zukunft mit gr\u00fcnem Strom versorgt werden, den vier Windr\u00e4der mit stattlichen 266,5 Metern H\u00f6he generieren. Sie werden in einem Gebiet zwischen Frankfurt, Bad Homburg vor der H\u00f6he und Karben stehen. Windpark Sch\u00e4ferk\u00f6ppel \u2013 so der Name des neuen Energie-Areals.<\/p>\n\n\n\n<div class=\"wp-block-columns is-layout-flex wp-container-core-columns-is-layout-9d6595d7 wp-block-columns-is-layout-flex\">\n<div class=\"wp-block-column is-layout-flow wp-block-column-is-layout-flow\" style=\"flex-basis:50%\">\n<p>Die FraBeG begleitet bei diesem Mainova-Projekt die B\u00fcrgerbeteiligung. B\u00fcrgerinnen und B\u00fcrger k\u00f6nnen Mitglied unserer Genossenschaft werden und \u00fcber die FraBeG am Erfolg der Windkraftanlagen teilhaben.&nbsp;<\/p>\n\n\n\n<p>Ab dem zweiten Quartal 2026 startet die erste Zeichnungsrunde. Zeichnungsberechtigt sind zuerst Mitglieder aus den direkt angrenzenden Ortsteilen Kloppenheim, Nieder-Erlenbach, Ober-Erlenbach und Petterweil. Dann werden diejenigen Mitglieder drankommen, die in einem Radius bis zu f\u00fcnf Kilometer um die Anlage wohnen. Danach erst werden Genossen aus den drei St\u00e4dten Bad Homburg, Frankfurt und Karben ber\u00fccksichtigt.<\/p>\n<\/div>\n\n\n\n<div class=\"wp-block-column is-layout-flow wp-block-column-is-layout-flow\" style=\"flex-basis:50%\"><style>.kb-image1722_d2c286-55 .kb-image-has-overlay:after{opacity:0.3;}<\/style>\n<figure class=\"wp-block-kadence-image kb-image1722_d2c286-55 size-large\"><img loading=\"lazy\" decoding=\"async\" width=\"845\" height=\"1024\" src=\"https:\/\/www.frabeg.de\/wp-content\/uploads\/2025\/12\/20251201_-frabeg_pk_windpark-schaefferkoeppel-scaled-e1764771682801-845x1024.jpg\" alt=\"\" class=\"kb-img wp-image-1731\" srcset=\"https:\/\/www.frabeg.de\/wp-content\/uploads\/2025\/12\/20251201_-frabeg_pk_windpark-schaefferkoeppel-scaled-e1764771682801-845x1024.jpg 845w, https:\/\/www.frabeg.de\/wp-content\/uploads\/2025\/12\/20251201_-frabeg_pk_windpark-schaefferkoeppel-scaled-e1764771682801-248x300.jpg 248w, https:\/\/www.frabeg.de\/wp-content\/uploads\/2025\/12\/20251201_-frabeg_pk_windpark-schaefferkoeppel-scaled-e1764771682801-768x930.jpg 768w, https:\/\/www.frabeg.de\/wp-content\/uploads\/2025\/12\/20251201_-frabeg_pk_windpark-schaefferkoeppel-scaled-e1764771682801.jpg 1212w\" sizes=\"auto, (max-width: 845px) 100vw, 845px\" \/><figcaption>(Quelle: FraBeG) Ein starkes Team f\u00fcr die Energiewende: V.l.n.r.: Markus Schaufler, Vorstandsmitglied FraBeG, Dr. Michael Maxelon, Vorstandsvorsitzender Mainova AG, Mike Josef, Oberb\u00fcrgermeister Frankfurt am Main, Andreas Heming, Aufsichtsratsvorsitzender FraBeG, Christian Stenglein, Vorstandsmitglied FraBeG&nbsp;<\/figcaption><\/figure>\n<\/div>\n<\/div>\n\n\n\n<p>Wenn alles nach Plan verl\u00e4uft, k\u00f6nnte der Windpark Ende 2027 gr\u00fcnen Strom liefern.<\/p>\n\n\n\n<p class=\"has-small-font-size\">Titelbild: (Quelle: FraBeG) Arbeiten Hand in Hand f\u00fcr die Energiewende in Frankfurt und der Region. V.l.n.r.: Tina Zapf Rodriguez, Frankfurter Dezernentin f\u00fcr Klima, Umwelt und Frauen, Thomas Schrage, Erster Stadtrat Karben, Dr. Michael Maxelon, Vorstandsvorsitzender Mainova AG, Dr. Oliver Jedynak, B\u00fcrgermeister Bad Homburg vor der H\u00f6he, Mike Josef, Oberb\u00fcrgermeister Frankfurt am Main, Martin Giehl, Vorstand Technik &amp; Erzeugung Mainova AG, Christian Stenglein, Vorstandsmitglied FraBeG, Yannick Schwander, Ortsvorsteher Nieder-Erlenbach.<\/p>\n\n\n\n<p><\/p>\n","protected":false},"excerpt":{"rendered":"<p>Genossen und Genossinnen k\u00f6nnen ab Q2\/ 2026 durch Beteiligungen an der FraBeG die Windkraftanlagen realisieren. Ein Windpark direkt vor den Toren von Frankfurt \u2013 und die Frankfurter B\u00fcrgerenergiegenossenschaft (FraBeG) ist von Anfang an mit dabei. Realisiert wird das Windprojekt von der Mainova AG. Mehr als 20.000 Haushalte sollen in Zukunft mit gr\u00fcnem Strom versorgt werden,&#8230;<\/p>\n","protected":false},"author":1,"featured_media":1725,"comment_status":"closed","ping_status":"open","sticky":false,"template":"","format":"standard","meta":{"_kadence_starter_templates_imported_post":false,"_kad_post_transparent":"","_kad_post_title":"","_kad_post_layout":"","_kad_post_sidebar_id":"","_kad_post_content_style":"","_kad_post_vertical_padding":"","_kad_post_feature":"","_kad_post_feature_position":"","_kad_post_header":false,"_kad_post_footer":false,"_kad_post_classname":"","footnotes":""},"categories":[1],"tags":[83],"class_list":["post-1722","post","type-post","status-publish","format-standard","has-post-thumbnail","hentry","category-allgemeine-news","tag-windkraft"],"yoast_head":"<!-- This site is optimized with the Yoast SEO plugin v27.4 - https:\/\/yoast.com\/product\/yoast-seo-wordpress\/ -->\n<title>Frischer Wind bei der FraBeG! - Frankfurter B\u00fcrgerenergiegenossenschaft eG<\/title>\n<meta name=\"description\" content=\"Ein Windpark direkt vor den Toren von Frankfurt \u2013 und die Frankfurter B\u00fcrger-Energie-Genossenschaft (FraBeG) ist von Anfang an mit dabei.\" \/>\n<meta name=\"robots\" content=\"index, follow, max-snippet:-1, max-image-preview:large, max-video-preview:-1\" \/>\n<link rel=\"canonical\" href=\"https:\/\/www.frabeg.de\/index.php\/2025\/12\/02\/frischer-wind-bei-der-frabeg\/\" \/>\n<script type=\"application\/ld+json\" class=\"yoast-schema-graph\">{\"@context\":\"https:\\\/\\\/schema.org\",\"@graph\":[{\"@type\":\"Article\",\"@id\":\"https:\\\/\\\/www.frabeg.de\\\/index.php\\\/2025\\\/12\\\/02\\\/frischer-wind-bei-der-frabeg\\\/#article\",\"isPartOf\":{\"@id\":\"https:\\\/\\\/www.frabeg.de\\\/index.php\\\/2025\\\/12\\\/02\\\/frischer-wind-bei-der-frabeg\\\/\"},\"author\":{\"name\":\"admin\",\"@id\":\"https:\\\/\\\/www.frabeg.de\\\/#\\\/schema\\\/person\\\/581e01cefa7f04805f855d18805d5762\"},\"headline\":\"Frischer Wind bei der FraBeG!\",\"datePublished\":\"2025-12-02T20:09:37+00:00\",\"dateModified\":\"2026-04-07T10:46:06+00:00\",\"mainEntityOfPage\":{\"@id\":\"https:\\\/\\\/www.frabeg.de\\\/index.php\\\/2025\\\/12\\\/02\\\/frischer-wind-bei-der-frabeg\\\/\"},\"wordCount\":312,\"publisher\":{\"@id\":\"https:\\\/\\\/www.frabeg.de\\\/#organization\"},\"image\":{\"@id\":\"https:\\\/\\\/www.frabeg.de\\\/index.php\\\/2025\\\/12\\\/02\\\/frischer-wind-bei-der-frabeg\\\/#primaryimage\"},\"thumbnailUrl\":\"https:\\\/\\\/www.frabeg.de\\\/wp-content\\\/uploads\\\/2025\\\/12\\\/20251201_Mainova_Windpark_Scaeferkoeppel.jpg\",\"keywords\":[\"Windkraft\"],\"inLanguage\":\"de\"},{\"@type\":\"WebPage\",\"@id\":\"https:\\\/\\\/www.frabeg.de\\\/index.php\\\/2025\\\/12\\\/02\\\/frischer-wind-bei-der-frabeg\\\/\",\"url\":\"https:\\\/\\\/www.frabeg.de\\\/index.php\\\/2025\\\/12\\\/02\\\/frischer-wind-bei-der-frabeg\\\/\",\"name\":\"Frischer Wind bei der FraBeG! - Frankfurter B\u00fcrgerenergiegenossenschaft eG\",\"isPartOf\":{\"@id\":\"https:\\\/\\\/www.frabeg.de\\\/#website\"},\"primaryImageOfPage\":{\"@id\":\"https:\\\/\\\/www.frabeg.de\\\/index.php\\\/2025\\\/12\\\/02\\\/frischer-wind-bei-der-frabeg\\\/#primaryimage\"},\"image\":{\"@id\":\"https:\\\/\\\/www.frabeg.de\\\/index.php\\\/2025\\\/12\\\/02\\\/frischer-wind-bei-der-frabeg\\\/#primaryimage\"},\"thumbnailUrl\":\"https:\\\/\\\/www.frabeg.de\\\/wp-content\\\/uploads\\\/2025\\\/12\\\/20251201_Mainova_Windpark_Scaeferkoeppel.jpg\",\"datePublished\":\"2025-12-02T20:09:37+00:00\",\"dateModified\":\"2026-04-07T10:46:06+00:00\",\"description\":\"Ein Windpark direkt vor den Toren von Frankfurt \u2013 und die Frankfurter B\u00fcrger-Energie-Genossenschaft (FraBeG) ist von Anfang an mit dabei.\",\"breadcrumb\":{\"@id\":\"https:\\\/\\\/www.frabeg.de\\\/index.php\\\/2025\\\/12\\\/02\\\/frischer-wind-bei-der-frabeg\\\/#breadcrumb\"},\"inLanguage\":\"de\",\"potentialAction\":[{\"@type\":\"ReadAction\",\"target\":[\"https:\\\/\\\/www.frabeg.de\\\/index.php\\\/2025\\\/12\\\/02\\\/frischer-wind-bei-der-frabeg\\\/\"]}]},{\"@type\":\"ImageObject\",\"inLanguage\":\"de\",\"@id\":\"https:\\\/\\\/www.frabeg.de\\\/index.php\\\/2025\\\/12\\\/02\\\/frischer-wind-bei-der-frabeg\\\/#primaryimage\",\"url\":\"https:\\\/\\\/www.frabeg.de\\\/wp-content\\\/uploads\\\/2025\\\/12\\\/20251201_Mainova_Windpark_Scaeferkoeppel.jpg\",\"contentUrl\":\"https:\\\/\\\/www.frabeg.de\\\/wp-content\\\/uploads\\\/2025\\\/12\\\/20251201_Mainova_Windpark_Scaeferkoeppel.jpg\",\"width\":2500,\"height\":1667,\"caption\":\"(Quelle: Mainova AG)\"},{\"@type\":\"BreadcrumbList\",\"@id\":\"https:\\\/\\\/www.frabeg.de\\\/index.php\\\/2025\\\/12\\\/02\\\/frischer-wind-bei-der-frabeg\\\/#breadcrumb\",\"itemListElement\":[{\"@type\":\"ListItem\",\"position\":1,\"name\":\"Startseite\",\"item\":\"https:\\\/\\\/www.frabeg.de\\\/\"},{\"@type\":\"ListItem\",\"position\":2,\"name\":\"Frischer Wind bei der FraBeG!\"}]},{\"@type\":\"WebSite\",\"@id\":\"https:\\\/\\\/www.frabeg.de\\\/#website\",\"url\":\"https:\\\/\\\/www.frabeg.de\\\/\",\"name\":\"Frankfurter B\u00fcrgerenergiegenossenschaft eG\",\"description\":\"Seien sie bei der Energiewende dabei\",\"publisher\":{\"@id\":\"https:\\\/\\\/www.frabeg.de\\\/#organization\"},\"potentialAction\":[{\"@type\":\"SearchAction\",\"target\":{\"@type\":\"EntryPoint\",\"urlTemplate\":\"https:\\\/\\\/www.frabeg.de\\\/?s={search_term_string}\"},\"query-input\":{\"@type\":\"PropertyValueSpecification\",\"valueRequired\":true,\"valueName\":\"search_term_string\"}}],\"inLanguage\":\"de\"},{\"@type\":\"Organization\",\"@id\":\"https:\\\/\\\/www.frabeg.de\\\/#organization\",\"name\":\"Frankfurter B\u00fcrgerenergiegenossenschaft eG\",\"url\":\"https:\\\/\\\/www.frabeg.de\\\/\",\"logo\":{\"@type\":\"ImageObject\",\"inLanguage\":\"de\",\"@id\":\"https:\\\/\\\/www.frabeg.de\\\/#\\\/schema\\\/logo\\\/image\\\/\",\"url\":\"https:\\\/\\\/www.frabeg.de\\\/wp-content\\\/uploads\\\/2024\\\/05\\\/ar_FRB_LCI_Logo-C-04-b-HiRes_freistell_NEBENeinander_UM_0180424.png\",\"contentUrl\":\"https:\\\/\\\/www.frabeg.de\\\/wp-content\\\/uploads\\\/2024\\\/05\\\/ar_FRB_LCI_Logo-C-04-b-HiRes_freistell_NEBENeinander_UM_0180424.png\",\"width\":8000,\"height\":3000,\"caption\":\"Frankfurter B\u00fcrgerenergiegenossenschaft eG\"},\"image\":{\"@id\":\"https:\\\/\\\/www.frabeg.de\\\/#\\\/schema\\\/logo\\\/image\\\/\"}},{\"@type\":\"Person\",\"@id\":\"https:\\\/\\\/www.frabeg.de\\\/#\\\/schema\\\/person\\\/581e01cefa7f04805f855d18805d5762\",\"name\":\"admin\",\"image\":{\"@type\":\"ImageObject\",\"inLanguage\":\"de\",\"@id\":\"https:\\\/\\\/secure.gravatar.com\\\/avatar\\\/76d187f7cecdac6652b9dcfaef58cda08a1823d0e12de71c5d9977b6c05cf1ae?s=96&d=mm&r=g\",\"url\":\"https:\\\/\\\/secure.gravatar.com\\\/avatar\\\/76d187f7cecdac6652b9dcfaef58cda08a1823d0e12de71c5d9977b6c05cf1ae?s=96&d=mm&r=g\",\"contentUrl\":\"https:\\\/\\\/secure.gravatar.com\\\/avatar\\\/76d187f7cecdac6652b9dcfaef58cda08a1823d0e12de71c5d9977b6c05cf1ae?s=96&d=mm&r=g\",\"caption\":\"admin\"},\"sameAs\":[\"https:\\\/\\\/www.frabeg.de\"],\"url\":\"https:\\\/\\\/www.frabeg.de\\\/index.php\\\/author\\\/fm_yismh9xu\\\/\"}]}<\/script>\n<!-- \/ Yoast SEO plugin. -->","yoast_head_json":{"title":"Frischer Wind bei der FraBeG! - Frankfurter B\u00fcrgerenergiegenossenschaft eG","description":"Ein Windpark direkt vor den Toren von Frankfurt \u2013 und die Frankfurter B\u00fcrger-Energie-Genossenschaft (FraBeG) ist von Anfang an mit dabei.","robots":{"index":"index","follow":"follow","max-snippet":"max-snippet:-1","max-image-preview":"max-image-preview:large","max-video-preview":"max-video-preview:-1"},"canonical":"https:\/\/www.frabeg.de\/index.php\/2025\/12\/02\/frischer-wind-bei-der-frabeg\/","schema":{"@context":"https:\/\/schema.org","@graph":[{"@type":"Article","@id":"https:\/\/www.frabeg.de\/index.php\/2025\/12\/02\/frischer-wind-bei-der-frabeg\/#article","isPartOf":{"@id":"https:\/\/www.frabeg.de\/index.php\/2025\/12\/02\/frischer-wind-bei-der-frabeg\/"},"author":{"name":"admin","@id":"https:\/\/www.frabeg.de\/#\/schema\/person\/581e01cefa7f04805f855d18805d5762"},"headline":"Frischer Wind bei der FraBeG!","datePublished":"2025-12-02T20:09:37+00:00","dateModified":"2026-04-07T10:46:06+00:00","mainEntityOfPage":{"@id":"https:\/\/www.frabeg.de\/index.php\/2025\/12\/02\/frischer-wind-bei-der-frabeg\/"},"wordCount":312,"publisher":{"@id":"https:\/\/www.frabeg.de\/#organization"},"image":{"@id":"https:\/\/www.frabeg.de\/index.php\/2025\/12\/02\/frischer-wind-bei-der-frabeg\/#primaryimage"},"thumbnailUrl":"https:\/\/www.frabeg.de\/wp-content\/uploads\/2025\/12\/20251201_Mainova_Windpark_Scaeferkoeppel.jpg","keywords":["Windkraft"],"inLanguage":"de"},{"@type":"WebPage","@id":"https:\/\/www.frabeg.de\/index.php\/2025\/12\/02\/frischer-wind-bei-der-frabeg\/","url":"https:\/\/www.frabeg.de\/index.php\/2025\/12\/02\/frischer-wind-bei-der-frabeg\/","name":"Frischer Wind bei der FraBeG! - Frankfurter B\u00fcrgerenergiegenossenschaft eG","isPartOf":{"@id":"https:\/\/www.frabeg.de\/#website"},"primaryImageOfPage":{"@id":"https:\/\/www.frabeg.de\/index.php\/2025\/12\/02\/frischer-wind-bei-der-frabeg\/#primaryimage"},"image":{"@id":"https:\/\/www.frabeg.de\/index.php\/2025\/12\/02\/frischer-wind-bei-der-frabeg\/#primaryimage"},"thumbnailUrl":"https:\/\/www.frabeg.de\/wp-content\/uploads\/2025\/12\/20251201_Mainova_Windpark_Scaeferkoeppel.jpg","datePublished":"2025-12-02T20:09:37+00:00","dateModified":"2026-04-07T10:46:06+00:00","description":"Ein Windpark direkt vor den Toren von Frankfurt \u2013 und die Frankfurter B\u00fcrger-Energie-Genossenschaft (FraBeG) ist von Anfang an mit dabei.","breadcrumb":{"@id":"https:\/\/www.frabeg.de\/index.php\/2025\/12\/02\/frischer-wind-bei-der-frabeg\/#breadcrumb"},"inLanguage":"de","potentialAction":[{"@type":"ReadAction","target":["https:\/\/www.frabeg.de\/index.php\/2025\/12\/02\/frischer-wind-bei-der-frabeg\/"]}]},{"@type":"ImageObject","inLanguage":"de","@id":"https:\/\/www.frabeg.de\/index.php\/2025\/12\/02\/frischer-wind-bei-der-frabeg\/#primaryimage","url":"https:\/\/www.frabeg.de\/wp-content\/uploads\/2025\/12\/20251201_Mainova_Windpark_Scaeferkoeppel.jpg","contentUrl":"https:\/\/www.frabeg.de\/wp-content\/uploads\/2025\/12\/20251201_Mainova_Windpark_Scaeferkoeppel.jpg","width":2500,"height":1667,"caption":"(Quelle: Mainova AG)"},{"@type":"BreadcrumbList","@id":"https:\/\/www.frabeg.de\/index.php\/2025\/12\/02\/frischer-wind-bei-der-frabeg\/#breadcrumb","itemListElement":[{"@type":"ListItem","position":1,"name":"Startseite","item":"https:\/\/www.frabeg.de\/"},{"@type":"ListItem","position":2,"name":"Frischer Wind bei der FraBeG!"}]},{"@type":"WebSite","@id":"https:\/\/www.frabeg.de\/#website","url":"https:\/\/www.frabeg.de\/","name":"Frankfurter B\u00fcrgerenergiegenossenschaft eG","description":"Seien sie bei der Energiewende dabei","publisher":{"@id":"https:\/\/www.frabeg.de\/#organization"},"potentialAction":[{"@type":"SearchAction","target":{"@type":"EntryPoint","urlTemplate":"https:\/\/www.frabeg.de\/?s={search_term_string}"},"query-input":{"@type":"PropertyValueSpecification","valueRequired":true,"valueName":"search_term_string"}}],"inLanguage":"de"},{"@type":"Organization","@id":"https:\/\/www.frabeg.de\/#organization","name":"Frankfurter B\u00fcrgerenergiegenossenschaft eG","url":"https:\/\/www.frabeg.de\/","logo":{"@type":"ImageObject","inLanguage":"de","@id":"https:\/\/www.frabeg.de\/#\/schema\/logo\/image\/","url":"https:\/\/www.frabeg.de\/wp-content\/uploads\/2024\/05\/ar_FRB_LCI_Logo-C-04-b-HiRes_freistell_NEBENeinander_UM_0180424.png","contentUrl":"https:\/\/www.frabeg.de\/wp-content\/uploads\/2024\/05\/ar_FRB_LCI_Logo-C-04-b-HiRes_freistell_NEBENeinander_UM_0180424.png","width":8000,"height":3000,"caption":"Frankfurter B\u00fcrgerenergiegenossenschaft eG"},"image":{"@id":"https:\/\/www.frabeg.de\/#\/schema\/logo\/image\/"}},{"@type":"Person","@id":"https:\/\/www.frabeg.de\/#\/schema\/person\/581e01cefa7f04805f855d18805d5762","name":"admin","image":{"@type":"ImageObject","inLanguage":"de","@id":"https:\/\/secure.gravatar.com\/avatar\/76d187f7cecdac6652b9dcfaef58cda08a1823d0e12de71c5d9977b6c05cf1ae?s=96&d=mm&r=g","url":"https:\/\/secure.gravatar.com\/avatar\/76d187f7cecdac6652b9dcfaef58cda08a1823d0e12de71c5d9977b6c05cf1ae?s=96&d=mm&r=g","contentUrl":"https:\/\/secure.gravatar.com\/avatar\/76d187f7cecdac6652b9dcfaef58cda08a1823d0e12de71c5d9977b6c05cf1ae?s=96&d=mm&r=g","caption":"admin"},"sameAs":["https:\/\/www.frabeg.de"],"url":"https:\/\/www.frabeg.de\/index.php\/author\/fm_yismh9xu\/"}]}},"_links":{"self":[{"href":"https:\/\/www.frabeg.de\/index.php\/wp-json\/wp\/v2\/posts\/1722","targetHints":{"allow":["GET"]}}],"collection":[{"href":"https:\/\/www.frabeg.de\/index.php\/wp-json\/wp\/v2\/posts"}],"about":[{"href":"https:\/\/www.frabeg.de\/index.php\/wp-json\/wp\/v2\/types\/post"}],"author":[{"embeddable":true,"href":"https:\/\/www.frabeg.de\/index.php\/wp-json\/wp\/v2\/users\/1"}],"replies":[{"embeddable":true,"href":"https:\/\/www.frabeg.de\/index.php\/wp-json\/wp\/v2\/comments?post=1722"}],"version-history":[{"count":10,"href":"https:\/\/www.frabeg.de\/index.php\/wp-json\/wp\/v2\/posts\/1722\/revisions"}],"predecessor-version":[{"id":1928,"href":"https:\/\/www.frabeg.de\/index.php\/wp-json\/wp\/v2\/posts\/1722\/revisions\/1928"}],"wp:featuredmedia":[{"embeddable":true,"href":"https:\/\/www.frabeg.de\/index.php\/wp-json\/wp\/v2\/media\/1725"}],"wp:attachment":[{"href":"https:\/\/www.frabeg.de\/index.php\/wp-json\/wp\/v2\/media?parent=1722"}],"wp:term":[{"taxonomy":"category","embeddable":true,"href":"https:\/\/www.frabeg.de\/index.php\/wp-json\/wp\/v2\/categories?post=1722"},{"taxonomy":"post_tag","embeddable":true,"href":"https:\/\/www.frabeg.de\/index.php\/wp-json\/wp\/v2\/tags?post=1722"}],"curies":[{"name":"wp","href":"https:\/\/api.w.org\/{rel}","templated":true}]}}