{"id":1593,"date":"2025-10-09T06:00:00","date_gmt":"2025-10-09T04:00:00","guid":{"rendered":"https:\/\/www.frabeg.de\/?p=1593"},"modified":"2026-04-07T12:38:26","modified_gmt":"2026-04-07T10:38:26","slug":"waermewende-fuer-die-frabeg-ist-die-buergerbeteiligung-unverzichtbar","status":"publish","type":"post","link":"https:\/\/www.frabeg.de\/index.php\/2025\/10\/09\/waermewende-fuer-die-frabeg-ist-die-buergerbeteiligung-unverzichtbar\/","title":{"rendered":"W\u00e4rmewende: F\u00fcr die FraBeG ist die B\u00fcrgerbeteiligung unverzichtbar"},"content":{"rendered":"\n<p>\u201eW\u00e4rmewende ja!&#8230;aber wie?\u201c war am 23. September eine Podiumsdiskussion im Senckenberg-Komplex betitelt, zu dem das W\u00e4rmewendeb\u00fcndnis eingeladen hatte. Die Frankfurter B\u00fcrgerenergiegenossenschaft (FraBeG) war mit einem Stand vor Ort vertreten. Dort suchten FraBeG-Vorstand Christian Stenglein und die Genossenschaftsmitglieder Uli Scheel und Stephan Eckert das Gespr\u00e4ch mit den Besucherinnen und Besuchern.<\/p>\n\n\n\n<p>Zur Erinnerung: Die Stadt Frankfurt will sich ab 2035 klimaneutral mit Energie versorgen. Doch Professor Joachim Curtius vom Institut f\u00fcr Atmosph\u00e4re und Umwelt, der zugleich Mitglied des Frankfurter Klimabeirats ist, beklagte die langsame Umsetzung in Frankfurt angesichts des fortschreitenden Klimawandels. Bislang konnte das Niveau des CO<sub>2<\/sub>-Aussto\u00dfes gerade einmal um neun Prozent gesenkt werden.<\/p>\n\n\n\n<p>Dr. Helmut Paschlau vom Netzwerk Saubere Energie M\u00fcnchen legte in der Diskussion dar, wie es schneller geht: Die Stadt M\u00fcnchen verf\u00fcgt bereits seit 2024 \u00fcber einen kommunalen W\u00e4rmeplan und setzt statt auf Wasserstoff unter anderem auf Geothermie und aufsuchende Energieberatung. Angesichts der hohen Kosten sei die W\u00e4rmewende auch eine soziale Herausforderung \u2013 ein Stichwort: Nebenkosten f\u00fcr Mieterinnen und Mieter.<\/p>\n\n\n\n<p>Paschlau machte klar, dass diese Transformation nur zu bew\u00e4ltigen ist, wenn die B\u00fcrgerinnen und B\u00fcrger aktiviert und beteiligt werden. \u201eDas ist auch das zentrale Credo der FraBeG\u201c, kommentierte Christian Stenglein den Tenor der Podiumsdiskussion. \u201eEs sollten so viele Frankfurterinnen und Frankfurter beteiligt und mitgenommen werden und ihnen die M\u00f6glichkeit gegeben werden, die Energiewende mitzugestalten.\u201c<\/p>\n\n\n\n<p>Vielen Besuchern und Besucherinnen sei gar nicht bekannt gewesen, dass Frankfurt schon geologisch untersucht wurde und dass es auf einer W\u00e4rmeblase sitzt, sagte der FraBeG-Vorstand. Sein Res\u00fcmee: Es besteht viel Interesse daran, mit der FraBeG zusammen die W\u00e4rmewende voranzutreiben.<\/p>\n\n\n\n<p class=\"has-small-font-size\">Titelbild: Conny Petzold (mit Mikrofon) vom Verein Mieter helfen Mietern warnte bei der Podiumsdiskussion vor den sozialen Folgen einer Heizkostenexplosion im Zuge der W\u00e4rmewende.<\/p>\n","protected":false},"excerpt":{"rendered":"<p>\u201eW\u00e4rmewende ja!&#8230;aber wie?\u201c war am 23. September eine Podiumsdiskussion im Senckenberg-Komplex betitelt, zu dem das W\u00e4rmewendeb\u00fcndnis eingeladen hatte. Die Frankfurter B\u00fcrgerenergiegenossenschaft (FraBeG) war mit einem Stand vor Ort vertreten. Dort suchten FraBeG-Vorstand Christian Stenglein und die Genossenschaftsmitglieder Uli Scheel und Stephan Eckert das Gespr\u00e4ch mit den Besucherinnen und Besuchern. Zur Erinnerung: Die Stadt Frankfurt will&#8230;<\/p>\n","protected":false},"author":1,"featured_media":1594,"comment_status":"closed","ping_status":"open","sticky":false,"template":"","format":"standard","meta":{"_kadence_starter_templates_imported_post":false,"_kad_post_transparent":"","_kad_post_title":"","_kad_post_layout":"","_kad_post_sidebar_id":"","_kad_post_content_style":"","_kad_post_vertical_padding":"","_kad_post_feature":"","_kad_post_feature_position":"","_kad_post_header":false,"_kad_post_footer":false,"_kad_post_classname":"","footnotes":""},"categories":[1],"tags":[78,82,18,80,81,79,37,76],"class_list":["post-1593","post","type-post","status-publish","format-standard","has-post-thumbnail","hentry","category-allgemeine-news","tag-buergerbeteiligung","tag-co2-ausstoss","tag-frabeg","tag-klimabeirat-frankfurt","tag-klimawandel","tag-podiumsdiskussion","tag-stadt-frankfurt","tag-waermewende"],"yoast_head":"<!-- This site is optimized with the Yoast SEO plugin v27.4 - https:\/\/yoast.com\/product\/yoast-seo-wordpress\/ -->\n<title>W\u00e4rmewende: F\u00fcr die FraBeG ist die B\u00fcrgerbeteiligung unverzichtbar - Frankfurter B\u00fcrgerenergiegenossenschaft eG<\/title>\n<meta name=\"robots\" content=\"index, follow, max-snippet:-1, max-image-preview:large, max-video-preview:-1\" \/>\n<link rel=\"canonical\" href=\"https:\/\/www.frabeg.de\/index.php\/2025\/10\/09\/waermewende-fuer-die-frabeg-ist-die-buergerbeteiligung-unverzichtbar\/\" \/>\n<script type=\"application\/ld+json\" class=\"yoast-schema-graph\">{\"@context\":\"https:\\\/\\\/schema.org\",\"@graph\":[{\"@type\":\"Article\",\"@id\":\"https:\\\/\\\/www.frabeg.de\\\/index.php\\\/2025\\\/10\\\/09\\\/waermewende-fuer-die-frabeg-ist-die-buergerbeteiligung-unverzichtbar\\\/#article\",\"isPartOf\":{\"@id\":\"https:\\\/\\\/www.frabeg.de\\\/index.php\\\/2025\\\/10\\\/09\\\/waermewende-fuer-die-frabeg-ist-die-buergerbeteiligung-unverzichtbar\\\/\"},\"author\":{\"name\":\"admin\",\"@id\":\"https:\\\/\\\/www.frabeg.de\\\/#\\\/schema\\\/person\\\/581e01cefa7f04805f855d18805d5762\"},\"headline\":\"W\u00e4rmewende: F\u00fcr die FraBeG ist die B\u00fcrgerbeteiligung unverzichtbar\",\"datePublished\":\"2025-10-09T04:00:00+00:00\",\"dateModified\":\"2026-04-07T10:38:26+00:00\",\"mainEntityOfPage\":{\"@id\":\"https:\\\/\\\/www.frabeg.de\\\/index.php\\\/2025\\\/10\\\/09\\\/waermewende-fuer-die-frabeg-ist-die-buergerbeteiligung-unverzichtbar\\\/\"},\"wordCount\":309,\"publisher\":{\"@id\":\"https:\\\/\\\/www.frabeg.de\\\/#organization\"},\"image\":{\"@id\":\"https:\\\/\\\/www.frabeg.de\\\/index.php\\\/2025\\\/10\\\/09\\\/waermewende-fuer-die-frabeg-ist-die-buergerbeteiligung-unverzichtbar\\\/#primaryimage\"},\"thumbnailUrl\":\"https:\\\/\\\/www.frabeg.de\\\/wp-content\\\/uploads\\\/2025\\\/10\\\/20250923_194620-Waermewende-scaled-e1759849039719.jpg\",\"keywords\":[\"b\u00fcrgerbeteiligung\",\"CO2 Aussto\u00df\",\"frabeg\",\"klimabeirat Frankfurt\",\"klimawandel\",\"podiumsdiskussion\",\"Stadt Frankfurt\",\"w\u00e4rmewende\"],\"inLanguage\":\"de\"},{\"@type\":\"WebPage\",\"@id\":\"https:\\\/\\\/www.frabeg.de\\\/index.php\\\/2025\\\/10\\\/09\\\/waermewende-fuer-die-frabeg-ist-die-buergerbeteiligung-unverzichtbar\\\/\",\"url\":\"https:\\\/\\\/www.frabeg.de\\\/index.php\\\/2025\\\/10\\\/09\\\/waermewende-fuer-die-frabeg-ist-die-buergerbeteiligung-unverzichtbar\\\/\",\"name\":\"W\u00e4rmewende: F\u00fcr die FraBeG ist die B\u00fcrgerbeteiligung unverzichtbar - Frankfurter B\u00fcrgerenergiegenossenschaft eG\",\"isPartOf\":{\"@id\":\"https:\\\/\\\/www.frabeg.de\\\/#website\"},\"primaryImageOfPage\":{\"@id\":\"https:\\\/\\\/www.frabeg.de\\\/index.php\\\/2025\\\/10\\\/09\\\/waermewende-fuer-die-frabeg-ist-die-buergerbeteiligung-unverzichtbar\\\/#primaryimage\"},\"image\":{\"@id\":\"https:\\\/\\\/www.frabeg.de\\\/index.php\\\/2025\\\/10\\\/09\\\/waermewende-fuer-die-frabeg-ist-die-buergerbeteiligung-unverzichtbar\\\/#primaryimage\"},\"thumbnailUrl\":\"https:\\\/\\\/www.frabeg.de\\\/wp-content\\\/uploads\\\/2025\\\/10\\\/20250923_194620-Waermewende-scaled-e1759849039719.jpg\",\"datePublished\":\"2025-10-09T04:00:00+00:00\",\"dateModified\":\"2026-04-07T10:38:26+00:00\",\"breadcrumb\":{\"@id\":\"https:\\\/\\\/www.frabeg.de\\\/index.php\\\/2025\\\/10\\\/09\\\/waermewende-fuer-die-frabeg-ist-die-buergerbeteiligung-unverzichtbar\\\/#breadcrumb\"},\"inLanguage\":\"de\",\"potentialAction\":[{\"@type\":\"ReadAction\",\"target\":[\"https:\\\/\\\/www.frabeg.de\\\/index.php\\\/2025\\\/10\\\/09\\\/waermewende-fuer-die-frabeg-ist-die-buergerbeteiligung-unverzichtbar\\\/\"]}]},{\"@type\":\"ImageObject\",\"inLanguage\":\"de\",\"@id\":\"https:\\\/\\\/www.frabeg.de\\\/index.php\\\/2025\\\/10\\\/09\\\/waermewende-fuer-die-frabeg-ist-die-buergerbeteiligung-unverzichtbar\\\/#primaryimage\",\"url\":\"https:\\\/\\\/www.frabeg.de\\\/wp-content\\\/uploads\\\/2025\\\/10\\\/20250923_194620-Waermewende-scaled-e1759849039719.jpg\",\"contentUrl\":\"https:\\\/\\\/www.frabeg.de\\\/wp-content\\\/uploads\\\/2025\\\/10\\\/20250923_194620-Waermewende-scaled-e1759849039719.jpg\",\"width\":2197,\"height\":1152,\"caption\":\"Conny Petzold (mit Mikrofon) vom Verein Mieter helfen Mietern warnte bei der Podiumsdiskussion vor den sozialen Folgen einer Heizkostenexplosion im Zuge der W\u00e4rmewende.\"},{\"@type\":\"BreadcrumbList\",\"@id\":\"https:\\\/\\\/www.frabeg.de\\\/index.php\\\/2025\\\/10\\\/09\\\/waermewende-fuer-die-frabeg-ist-die-buergerbeteiligung-unverzichtbar\\\/#breadcrumb\",\"itemListElement\":[{\"@type\":\"ListItem\",\"position\":1,\"name\":\"Startseite\",\"item\":\"https:\\\/\\\/www.frabeg.de\\\/\"},{\"@type\":\"ListItem\",\"position\":2,\"name\":\"W\u00e4rmewende: F\u00fcr die FraBeG ist die B\u00fcrgerbeteiligung unverzichtbar\"}]},{\"@type\":\"WebSite\",\"@id\":\"https:\\\/\\\/www.frabeg.de\\\/#website\",\"url\":\"https:\\\/\\\/www.frabeg.de\\\/\",\"name\":\"Frankfurter B\u00fcrgerenergiegenossenschaft eG\",\"description\":\"Seien sie bei der Energiewende dabei\",\"publisher\":{\"@id\":\"https:\\\/\\\/www.frabeg.de\\\/#organization\"},\"potentialAction\":[{\"@type\":\"SearchAction\",\"target\":{\"@type\":\"EntryPoint\",\"urlTemplate\":\"https:\\\/\\\/www.frabeg.de\\\/?s={search_term_string}\"},\"query-input\":{\"@type\":\"PropertyValueSpecification\",\"valueRequired\":true,\"valueName\":\"search_term_string\"}}],\"inLanguage\":\"de\"},{\"@type\":\"Organization\",\"@id\":\"https:\\\/\\\/www.frabeg.de\\\/#organization\",\"name\":\"Frankfurter B\u00fcrgerenergiegenossenschaft eG\",\"url\":\"https:\\\/\\\/www.frabeg.de\\\/\",\"logo\":{\"@type\":\"ImageObject\",\"inLanguage\":\"de\",\"@id\":\"https:\\\/\\\/www.frabeg.de\\\/#\\\/schema\\\/logo\\\/image\\\/\",\"url\":\"https:\\\/\\\/www.frabeg.de\\\/wp-content\\\/uploads\\\/2024\\\/05\\\/ar_FRB_LCI_Logo-C-04-b-HiRes_freistell_NEBENeinander_UM_0180424.png\",\"contentUrl\":\"https:\\\/\\\/www.frabeg.de\\\/wp-content\\\/uploads\\\/2024\\\/05\\\/ar_FRB_LCI_Logo-C-04-b-HiRes_freistell_NEBENeinander_UM_0180424.png\",\"width\":8000,\"height\":3000,\"caption\":\"Frankfurter B\u00fcrgerenergiegenossenschaft eG\"},\"image\":{\"@id\":\"https:\\\/\\\/www.frabeg.de\\\/#\\\/schema\\\/logo\\\/image\\\/\"}},{\"@type\":\"Person\",\"@id\":\"https:\\\/\\\/www.frabeg.de\\\/#\\\/schema\\\/person\\\/581e01cefa7f04805f855d18805d5762\",\"name\":\"admin\",\"image\":{\"@type\":\"ImageObject\",\"inLanguage\":\"de\",\"@id\":\"https:\\\/\\\/secure.gravatar.com\\\/avatar\\\/76d187f7cecdac6652b9dcfaef58cda08a1823d0e12de71c5d9977b6c05cf1ae?s=96&d=mm&r=g\",\"url\":\"https:\\\/\\\/secure.gravatar.com\\\/avatar\\\/76d187f7cecdac6652b9dcfaef58cda08a1823d0e12de71c5d9977b6c05cf1ae?s=96&d=mm&r=g\",\"contentUrl\":\"https:\\\/\\\/secure.gravatar.com\\\/avatar\\\/76d187f7cecdac6652b9dcfaef58cda08a1823d0e12de71c5d9977b6c05cf1ae?s=96&d=mm&r=g\",\"caption\":\"admin\"},\"sameAs\":[\"https:\\\/\\\/www.frabeg.de\"],\"url\":\"https:\\\/\\\/www.frabeg.de\\\/index.php\\\/author\\\/fm_yismh9xu\\\/\"}]}<\/script>\n<!-- \/ Yoast SEO plugin. -->","yoast_head_json":{"title":"W\u00e4rmewende: F\u00fcr die FraBeG ist die B\u00fcrgerbeteiligung unverzichtbar - Frankfurter B\u00fcrgerenergiegenossenschaft eG","robots":{"index":"index","follow":"follow","max-snippet":"max-snippet:-1","max-image-preview":"max-image-preview:large","max-video-preview":"max-video-preview:-1"},"canonical":"https:\/\/www.frabeg.de\/index.php\/2025\/10\/09\/waermewende-fuer-die-frabeg-ist-die-buergerbeteiligung-unverzichtbar\/","schema":{"@context":"https:\/\/schema.org","@graph":[{"@type":"Article","@id":"https:\/\/www.frabeg.de\/index.php\/2025\/10\/09\/waermewende-fuer-die-frabeg-ist-die-buergerbeteiligung-unverzichtbar\/#article","isPartOf":{"@id":"https:\/\/www.frabeg.de\/index.php\/2025\/10\/09\/waermewende-fuer-die-frabeg-ist-die-buergerbeteiligung-unverzichtbar\/"},"author":{"name":"admin","@id":"https:\/\/www.frabeg.de\/#\/schema\/person\/581e01cefa7f04805f855d18805d5762"},"headline":"W\u00e4rmewende: F\u00fcr die FraBeG ist die B\u00fcrgerbeteiligung unverzichtbar","datePublished":"2025-10-09T04:00:00+00:00","dateModified":"2026-04-07T10:38:26+00:00","mainEntityOfPage":{"@id":"https:\/\/www.frabeg.de\/index.php\/2025\/10\/09\/waermewende-fuer-die-frabeg-ist-die-buergerbeteiligung-unverzichtbar\/"},"wordCount":309,"publisher":{"@id":"https:\/\/www.frabeg.de\/#organization"},"image":{"@id":"https:\/\/www.frabeg.de\/index.php\/2025\/10\/09\/waermewende-fuer-die-frabeg-ist-die-buergerbeteiligung-unverzichtbar\/#primaryimage"},"thumbnailUrl":"https:\/\/www.frabeg.de\/wp-content\/uploads\/2025\/10\/20250923_194620-Waermewende-scaled-e1759849039719.jpg","keywords":["b\u00fcrgerbeteiligung","CO2 Aussto\u00df","frabeg","klimabeirat Frankfurt","klimawandel","podiumsdiskussion","Stadt Frankfurt","w\u00e4rmewende"],"inLanguage":"de"},{"@type":"WebPage","@id":"https:\/\/www.frabeg.de\/index.php\/2025\/10\/09\/waermewende-fuer-die-frabeg-ist-die-buergerbeteiligung-unverzichtbar\/","url":"https:\/\/www.frabeg.de\/index.php\/2025\/10\/09\/waermewende-fuer-die-frabeg-ist-die-buergerbeteiligung-unverzichtbar\/","name":"W\u00e4rmewende: F\u00fcr die FraBeG ist die B\u00fcrgerbeteiligung unverzichtbar - Frankfurter B\u00fcrgerenergiegenossenschaft eG","isPartOf":{"@id":"https:\/\/www.frabeg.de\/#website"},"primaryImageOfPage":{"@id":"https:\/\/www.frabeg.de\/index.php\/2025\/10\/09\/waermewende-fuer-die-frabeg-ist-die-buergerbeteiligung-unverzichtbar\/#primaryimage"},"image":{"@id":"https:\/\/www.frabeg.de\/index.php\/2025\/10\/09\/waermewende-fuer-die-frabeg-ist-die-buergerbeteiligung-unverzichtbar\/#primaryimage"},"thumbnailUrl":"https:\/\/www.frabeg.de\/wp-content\/uploads\/2025\/10\/20250923_194620-Waermewende-scaled-e1759849039719.jpg","datePublished":"2025-10-09T04:00:00+00:00","dateModified":"2026-04-07T10:38:26+00:00","breadcrumb":{"@id":"https:\/\/www.frabeg.de\/index.php\/2025\/10\/09\/waermewende-fuer-die-frabeg-ist-die-buergerbeteiligung-unverzichtbar\/#breadcrumb"},"inLanguage":"de","potentialAction":[{"@type":"ReadAction","target":["https:\/\/www.frabeg.de\/index.php\/2025\/10\/09\/waermewende-fuer-die-frabeg-ist-die-buergerbeteiligung-unverzichtbar\/"]}]},{"@type":"ImageObject","inLanguage":"de","@id":"https:\/\/www.frabeg.de\/index.php\/2025\/10\/09\/waermewende-fuer-die-frabeg-ist-die-buergerbeteiligung-unverzichtbar\/#primaryimage","url":"https:\/\/www.frabeg.de\/wp-content\/uploads\/2025\/10\/20250923_194620-Waermewende-scaled-e1759849039719.jpg","contentUrl":"https:\/\/www.frabeg.de\/wp-content\/uploads\/2025\/10\/20250923_194620-Waermewende-scaled-e1759849039719.jpg","width":2197,"height":1152,"caption":"Conny Petzold (mit Mikrofon) vom Verein Mieter helfen Mietern warnte bei der Podiumsdiskussion vor den sozialen Folgen einer Heizkostenexplosion im Zuge der W\u00e4rmewende."},{"@type":"BreadcrumbList","@id":"https:\/\/www.frabeg.de\/index.php\/2025\/10\/09\/waermewende-fuer-die-frabeg-ist-die-buergerbeteiligung-unverzichtbar\/#breadcrumb","itemListElement":[{"@type":"ListItem","position":1,"name":"Startseite","item":"https:\/\/www.frabeg.de\/"},{"@type":"ListItem","position":2,"name":"W\u00e4rmewende: F\u00fcr die FraBeG ist die B\u00fcrgerbeteiligung unverzichtbar"}]},{"@type":"WebSite","@id":"https:\/\/www.frabeg.de\/#website","url":"https:\/\/www.frabeg.de\/","name":"Frankfurter B\u00fcrgerenergiegenossenschaft eG","description":"Seien sie bei der Energiewende dabei","publisher":{"@id":"https:\/\/www.frabeg.de\/#organization"},"potentialAction":[{"@type":"SearchAction","target":{"@type":"EntryPoint","urlTemplate":"https:\/\/www.frabeg.de\/?s={search_term_string}"},"query-input":{"@type":"PropertyValueSpecification","valueRequired":true,"valueName":"search_term_string"}}],"inLanguage":"de"},{"@type":"Organization","@id":"https:\/\/www.frabeg.de\/#organization","name":"Frankfurter B\u00fcrgerenergiegenossenschaft eG","url":"https:\/\/www.frabeg.de\/","logo":{"@type":"ImageObject","inLanguage":"de","@id":"https:\/\/www.frabeg.de\/#\/schema\/logo\/image\/","url":"https:\/\/www.frabeg.de\/wp-content\/uploads\/2024\/05\/ar_FRB_LCI_Logo-C-04-b-HiRes_freistell_NEBENeinander_UM_0180424.png","contentUrl":"https:\/\/www.frabeg.de\/wp-content\/uploads\/2024\/05\/ar_FRB_LCI_Logo-C-04-b-HiRes_freistell_NEBENeinander_UM_0180424.png","width":8000,"height":3000,"caption":"Frankfurter B\u00fcrgerenergiegenossenschaft eG"},"image":{"@id":"https:\/\/www.frabeg.de\/#\/schema\/logo\/image\/"}},{"@type":"Person","@id":"https:\/\/www.frabeg.de\/#\/schema\/person\/581e01cefa7f04805f855d18805d5762","name":"admin","image":{"@type":"ImageObject","inLanguage":"de","@id":"https:\/\/secure.gravatar.com\/avatar\/76d187f7cecdac6652b9dcfaef58cda08a1823d0e12de71c5d9977b6c05cf1ae?s=96&d=mm&r=g","url":"https:\/\/secure.gravatar.com\/avatar\/76d187f7cecdac6652b9dcfaef58cda08a1823d0e12de71c5d9977b6c05cf1ae?s=96&d=mm&r=g","contentUrl":"https:\/\/secure.gravatar.com\/avatar\/76d187f7cecdac6652b9dcfaef58cda08a1823d0e12de71c5d9977b6c05cf1ae?s=96&d=mm&r=g","caption":"admin"},"sameAs":["https:\/\/www.frabeg.de"],"url":"https:\/\/www.frabeg.de\/index.php\/author\/fm_yismh9xu\/"}]}},"_links":{"self":[{"href":"https:\/\/www.frabeg.de\/index.php\/wp-json\/wp\/v2\/posts\/1593","targetHints":{"allow":["GET"]}}],"collection":[{"href":"https:\/\/www.frabeg.de\/index.php\/wp-json\/wp\/v2\/posts"}],"about":[{"href":"https:\/\/www.frabeg.de\/index.php\/wp-json\/wp\/v2\/types\/post"}],"author":[{"embeddable":true,"href":"https:\/\/www.frabeg.de\/index.php\/wp-json\/wp\/v2\/users\/1"}],"replies":[{"embeddable":true,"href":"https:\/\/www.frabeg.de\/index.php\/wp-json\/wp\/v2\/comments?post=1593"}],"version-history":[{"count":3,"href":"https:\/\/www.frabeg.de\/index.php\/wp-json\/wp\/v2\/posts\/1593\/revisions"}],"predecessor-version":[{"id":1922,"href":"https:\/\/www.frabeg.de\/index.php\/wp-json\/wp\/v2\/posts\/1593\/revisions\/1922"}],"wp:featuredmedia":[{"embeddable":true,"href":"https:\/\/www.frabeg.de\/index.php\/wp-json\/wp\/v2\/media\/1594"}],"wp:attachment":[{"href":"https:\/\/www.frabeg.de\/index.php\/wp-json\/wp\/v2\/media?parent=1593"}],"wp:term":[{"taxonomy":"category","embeddable":true,"href":"https:\/\/www.frabeg.de\/index.php\/wp-json\/wp\/v2\/categories?post=1593"},{"taxonomy":"post_tag","embeddable":true,"href":"https:\/\/www.frabeg.de\/index.php\/wp-json\/wp\/v2\/tags?post=1593"}],"curies":[{"name":"wp","href":"https:\/\/api.w.org\/{rel}","templated":true}]}}