{"id":1590,"date":"2025-10-08T06:00:00","date_gmt":"2025-10-08T04:00:00","guid":{"rendered":"https:\/\/www.frabeg.de\/?p=1590"},"modified":"2026-04-07T12:40:23","modified_gmt":"2026-04-07T10:40:23","slug":"waermewende-in-frankfurt-chancen-fuer-kalte-nahwaerme-netze-und-buergerbeteiligung","status":"publish","type":"post","link":"https:\/\/www.frabeg.de\/index.php\/2025\/10\/08\/waermewende-in-frankfurt-chancen-fuer-kalte-nahwaerme-netze-und-buergerbeteiligung\/","title":{"rendered":"W\u00e4rmewende in Frankfurt: Chancen f\u00fcr Kalte Nahw\u00e4rme-Netze und B\u00fcrgerbeteiligung"},"content":{"rendered":"\n<p>Wo steht Frankfurt bei der W\u00e4rmewende? Beim Energieberatertag am 16. September im Haus am Dom zeigten Expertinnen und Experten aus Stadtverwaltung, Ingenieurpraxis und Technik auf, welche L\u00f6sungen umsetzbar sind.<\/p>\n\n\n\n<p>F\u00fcr die Frankfurter B\u00fcrgerenergiegenossenschaft (FraBeG) mit dabei war Uli Scheel. In einem Vortrag berichtete er dem Fachpublikum \u00fcber Rahmenbedingungen und Herausforderungen bei Kalten Nahw\u00e4rme-Netzen und schilderte die Konsequenzen f\u00fcr Hausbesitzende und Mieterinnen und Mieter. Sinn machen k\u00f6nnten diese Netze in Erg\u00e4nzung zur Fernw\u00e4rme in Zonen mit geringer W\u00e4rmedichte. Hier liege eine gro\u00dfe Chance f\u00fcr Energiegenossenschaften, die durch lokale N\u00e4he und B\u00fcrgerbeteiligung Akzeptanz finden k\u00f6nnten, so Scheel. Dies d\u00fcrfte sich bei externen Investoren anders verhalten, deren Fokus auf der Gewinnerzielung liegt.<\/p>\n\n\n\n<p>Deutlich wurde bei der Tagung: Inmitten der Debatte \u00fcber kommunale W\u00e4rmeplanung, W\u00e4rmepumpen und der k\u00fcnftigen Bedeutung von Wasserstoff stehen wichtige Entscheidungen an, die Verteilnetze, Quartiere und Bestandsgeb\u00e4ude gleicherma\u00dfen betreffen werden.<\/p>\n\n\n\n<p>Besondere Aufmerksamkeit fand bei der Tagung der Vortrag von Paul Ngahan, Referatsleiter Nahw\u00e4rme bei der Energieagentur Rheinland-Pfalz. Er rechnete dem Publikum vor, dass Frankfurt aktuell f\u00fcr seine W\u00e4rmeversorgung, die noch \u00fcberwiegend auf Gas und \u00d6l basiert, j\u00e4hrlich 300 Millionen Euro an Drittl\u00e4nder zahlt.<\/p>\n\n\n\n<p>F\u00fcr Christian Stenglein, Vorstandsmitglied der FraBeG, steckt in dieser Zahl eine wichtige Botschaft: \u201eMan stelle sich vor, was mit dieser Summe erreicht werden k\u00f6nnte, wenn dieses Geld vor Ort investiert w\u00fcrde \u2013 etwa im Hinblick auf Arbeitspl\u00e4tze oder Steuereinnahmen\u201c, so der FraBeG-Vorstand. Geothermie sei in Frankfurt reichlich vorhanden, erinnerte Christian Stenglein. Er warb daf\u00fcr, Kalte Nahw\u00e4rme-Netze k\u00f6nnten bei b\u00fcrgernaher Beteiligung stabile Verbraucherpreise erm\u00f6glichen und die Kostenentwicklung beim Fernw\u00e4rmenetz d\u00e4mpfen.<\/p>\n\n\n\n<p class=\"has-small-font-size\">Titelbild: FraBeG-Mitglied Uli Scheel warb beim Energieberatertag f\u00fcr die Chancen von Kalten Nahw\u00e4rme-Netzen und f\u00fcr die B\u00fcrgerbeteiligung im Zuge der W\u00e4rmewende.<\/p>\n","protected":false},"excerpt":{"rendered":"<p>Wo steht Frankfurt bei der W\u00e4rmewende? Beim Energieberatertag am 16. September im Haus am Dom zeigten Expertinnen und Experten aus Stadtverwaltung, Ingenieurpraxis und Technik auf, welche L\u00f6sungen umsetzbar sind. F\u00fcr die Frankfurter B\u00fcrgerenergiegenossenschaft (FraBeG) mit dabei war Uli Scheel. In einem Vortrag berichtete er dem Fachpublikum \u00fcber Rahmenbedingungen und Herausforderungen bei Kalten Nahw\u00e4rme-Netzen und schilderte&#8230;<\/p>\n","protected":false},"author":1,"featured_media":1591,"comment_status":"closed","ping_status":"open","sticky":false,"template":"","format":"standard","meta":{"_kadence_starter_templates_imported_post":false,"_kad_post_transparent":"","_kad_post_title":"","_kad_post_layout":"","_kad_post_sidebar_id":"","_kad_post_content_style":"","_kad_post_vertical_padding":"","_kad_post_feature":"","_kad_post_feature_position":"","_kad_post_header":false,"_kad_post_footer":false,"_kad_post_classname":"","footnotes":""},"categories":[1],"tags":[78,20,18,19,77,76],"class_list":["post-1590","post","type-post","status-publish","format-standard","has-post-thumbnail","hentry","category-allgemeine-news","tag-buergerbeteiligung","tag-buergerenergiegenossenschaft","tag-frabeg","tag-frankfurt-am-main","tag-waermepumpe","tag-waermewende"],"yoast_head":"<!-- This site is optimized with the Yoast SEO plugin v27.4 - https:\/\/yoast.com\/product\/yoast-seo-wordpress\/ -->\n<title>W\u00e4rmewende in Frankfurt: Chancen f\u00fcr Kalte Nahw\u00e4rme-Netze und B\u00fcrgerbeteiligung - Frankfurter B\u00fcrgerenergiegenossenschaft eG<\/title>\n<meta name=\"robots\" content=\"index, follow, max-snippet:-1, max-image-preview:large, max-video-preview:-1\" \/>\n<link rel=\"canonical\" href=\"https:\/\/www.frabeg.de\/index.php\/2025\/10\/08\/waermewende-in-frankfurt-chancen-fuer-kalte-nahwaerme-netze-und-buergerbeteiligung\/\" \/>\n<script type=\"application\/ld+json\" class=\"yoast-schema-graph\">{\"@context\":\"https:\\\/\\\/schema.org\",\"@graph\":[{\"@type\":\"Article\",\"@id\":\"https:\\\/\\\/www.frabeg.de\\\/index.php\\\/2025\\\/10\\\/08\\\/waermewende-in-frankfurt-chancen-fuer-kalte-nahwaerme-netze-und-buergerbeteiligung\\\/#article\",\"isPartOf\":{\"@id\":\"https:\\\/\\\/www.frabeg.de\\\/index.php\\\/2025\\\/10\\\/08\\\/waermewende-in-frankfurt-chancen-fuer-kalte-nahwaerme-netze-und-buergerbeteiligung\\\/\"},\"author\":{\"name\":\"admin\",\"@id\":\"https:\\\/\\\/www.frabeg.de\\\/#\\\/schema\\\/person\\\/581e01cefa7f04805f855d18805d5762\"},\"headline\":\"W\u00e4rmewende in Frankfurt: Chancen f\u00fcr Kalte Nahw\u00e4rme-Netze und B\u00fcrgerbeteiligung\",\"datePublished\":\"2025-10-08T04:00:00+00:00\",\"dateModified\":\"2026-04-07T10:40:23+00:00\",\"mainEntityOfPage\":{\"@id\":\"https:\\\/\\\/www.frabeg.de\\\/index.php\\\/2025\\\/10\\\/08\\\/waermewende-in-frankfurt-chancen-fuer-kalte-nahwaerme-netze-und-buergerbeteiligung\\\/\"},\"wordCount\":324,\"publisher\":{\"@id\":\"https:\\\/\\\/www.frabeg.de\\\/#organization\"},\"image\":{\"@id\":\"https:\\\/\\\/www.frabeg.de\\\/index.php\\\/2025\\\/10\\\/08\\\/waermewende-in-frankfurt-chancen-fuer-kalte-nahwaerme-netze-und-buergerbeteiligung\\\/#primaryimage\"},\"thumbnailUrl\":\"https:\\\/\\\/www.frabeg.de\\\/wp-content\\\/uploads\\\/2025\\\/10\\\/20250916_164000-Energieberatertag-scaled-e1759848654311.jpg\",\"keywords\":[\"b\u00fcrgerbeteiligung\",\"b\u00fcrgerenergiegenossenschaft\",\"frabeg\",\"frankfurt am main\",\"w\u00e4rmepumpe\",\"w\u00e4rmewende\"],\"inLanguage\":\"de\"},{\"@type\":\"WebPage\",\"@id\":\"https:\\\/\\\/www.frabeg.de\\\/index.php\\\/2025\\\/10\\\/08\\\/waermewende-in-frankfurt-chancen-fuer-kalte-nahwaerme-netze-und-buergerbeteiligung\\\/\",\"url\":\"https:\\\/\\\/www.frabeg.de\\\/index.php\\\/2025\\\/10\\\/08\\\/waermewende-in-frankfurt-chancen-fuer-kalte-nahwaerme-netze-und-buergerbeteiligung\\\/\",\"name\":\"W\u00e4rmewende in Frankfurt: Chancen f\u00fcr Kalte Nahw\u00e4rme-Netze und B\u00fcrgerbeteiligung - Frankfurter B\u00fcrgerenergiegenossenschaft eG\",\"isPartOf\":{\"@id\":\"https:\\\/\\\/www.frabeg.de\\\/#website\"},\"primaryImageOfPage\":{\"@id\":\"https:\\\/\\\/www.frabeg.de\\\/index.php\\\/2025\\\/10\\\/08\\\/waermewende-in-frankfurt-chancen-fuer-kalte-nahwaerme-netze-und-buergerbeteiligung\\\/#primaryimage\"},\"image\":{\"@id\":\"https:\\\/\\\/www.frabeg.de\\\/index.php\\\/2025\\\/10\\\/08\\\/waermewende-in-frankfurt-chancen-fuer-kalte-nahwaerme-netze-und-buergerbeteiligung\\\/#primaryimage\"},\"thumbnailUrl\":\"https:\\\/\\\/www.frabeg.de\\\/wp-content\\\/uploads\\\/2025\\\/10\\\/20250916_164000-Energieberatertag-scaled-e1759848654311.jpg\",\"datePublished\":\"2025-10-08T04:00:00+00:00\",\"dateModified\":\"2026-04-07T10:40:23+00:00\",\"breadcrumb\":{\"@id\":\"https:\\\/\\\/www.frabeg.de\\\/index.php\\\/2025\\\/10\\\/08\\\/waermewende-in-frankfurt-chancen-fuer-kalte-nahwaerme-netze-und-buergerbeteiligung\\\/#breadcrumb\"},\"inLanguage\":\"de\",\"potentialAction\":[{\"@type\":\"ReadAction\",\"target\":[\"https:\\\/\\\/www.frabeg.de\\\/index.php\\\/2025\\\/10\\\/08\\\/waermewende-in-frankfurt-chancen-fuer-kalte-nahwaerme-netze-und-buergerbeteiligung\\\/\"]}]},{\"@type\":\"ImageObject\",\"inLanguage\":\"de\",\"@id\":\"https:\\\/\\\/www.frabeg.de\\\/index.php\\\/2025\\\/10\\\/08\\\/waermewende-in-frankfurt-chancen-fuer-kalte-nahwaerme-netze-und-buergerbeteiligung\\\/#primaryimage\",\"url\":\"https:\\\/\\\/www.frabeg.de\\\/wp-content\\\/uploads\\\/2025\\\/10\\\/20250916_164000-Energieberatertag-scaled-e1759848654311.jpg\",\"contentUrl\":\"https:\\\/\\\/www.frabeg.de\\\/wp-content\\\/uploads\\\/2025\\\/10\\\/20250916_164000-Energieberatertag-scaled-e1759848654311.jpg\",\"width\":1924,\"height\":1152},{\"@type\":\"BreadcrumbList\",\"@id\":\"https:\\\/\\\/www.frabeg.de\\\/index.php\\\/2025\\\/10\\\/08\\\/waermewende-in-frankfurt-chancen-fuer-kalte-nahwaerme-netze-und-buergerbeteiligung\\\/#breadcrumb\",\"itemListElement\":[{\"@type\":\"ListItem\",\"position\":1,\"name\":\"Startseite\",\"item\":\"https:\\\/\\\/www.frabeg.de\\\/\"},{\"@type\":\"ListItem\",\"position\":2,\"name\":\"W\u00e4rmewende in Frankfurt: Chancen f\u00fcr Kalte Nahw\u00e4rme-Netze und B\u00fcrgerbeteiligung\"}]},{\"@type\":\"WebSite\",\"@id\":\"https:\\\/\\\/www.frabeg.de\\\/#website\",\"url\":\"https:\\\/\\\/www.frabeg.de\\\/\",\"name\":\"Frankfurter B\u00fcrgerenergiegenossenschaft eG\",\"description\":\"Seien sie bei der Energiewende dabei\",\"publisher\":{\"@id\":\"https:\\\/\\\/www.frabeg.de\\\/#organization\"},\"potentialAction\":[{\"@type\":\"SearchAction\",\"target\":{\"@type\":\"EntryPoint\",\"urlTemplate\":\"https:\\\/\\\/www.frabeg.de\\\/?s={search_term_string}\"},\"query-input\":{\"@type\":\"PropertyValueSpecification\",\"valueRequired\":true,\"valueName\":\"search_term_string\"}}],\"inLanguage\":\"de\"},{\"@type\":\"Organization\",\"@id\":\"https:\\\/\\\/www.frabeg.de\\\/#organization\",\"name\":\"Frankfurter B\u00fcrgerenergiegenossenschaft eG\",\"url\":\"https:\\\/\\\/www.frabeg.de\\\/\",\"logo\":{\"@type\":\"ImageObject\",\"inLanguage\":\"de\",\"@id\":\"https:\\\/\\\/www.frabeg.de\\\/#\\\/schema\\\/logo\\\/image\\\/\",\"url\":\"https:\\\/\\\/www.frabeg.de\\\/wp-content\\\/uploads\\\/2024\\\/05\\\/ar_FRB_LCI_Logo-C-04-b-HiRes_freistell_NEBENeinander_UM_0180424.png\",\"contentUrl\":\"https:\\\/\\\/www.frabeg.de\\\/wp-content\\\/uploads\\\/2024\\\/05\\\/ar_FRB_LCI_Logo-C-04-b-HiRes_freistell_NEBENeinander_UM_0180424.png\",\"width\":8000,\"height\":3000,\"caption\":\"Frankfurter B\u00fcrgerenergiegenossenschaft eG\"},\"image\":{\"@id\":\"https:\\\/\\\/www.frabeg.de\\\/#\\\/schema\\\/logo\\\/image\\\/\"}},{\"@type\":\"Person\",\"@id\":\"https:\\\/\\\/www.frabeg.de\\\/#\\\/schema\\\/person\\\/581e01cefa7f04805f855d18805d5762\",\"name\":\"admin\",\"image\":{\"@type\":\"ImageObject\",\"inLanguage\":\"de\",\"@id\":\"https:\\\/\\\/secure.gravatar.com\\\/avatar\\\/76d187f7cecdac6652b9dcfaef58cda08a1823d0e12de71c5d9977b6c05cf1ae?s=96&d=mm&r=g\",\"url\":\"https:\\\/\\\/secure.gravatar.com\\\/avatar\\\/76d187f7cecdac6652b9dcfaef58cda08a1823d0e12de71c5d9977b6c05cf1ae?s=96&d=mm&r=g\",\"contentUrl\":\"https:\\\/\\\/secure.gravatar.com\\\/avatar\\\/76d187f7cecdac6652b9dcfaef58cda08a1823d0e12de71c5d9977b6c05cf1ae?s=96&d=mm&r=g\",\"caption\":\"admin\"},\"sameAs\":[\"https:\\\/\\\/www.frabeg.de\"],\"url\":\"https:\\\/\\\/www.frabeg.de\\\/index.php\\\/author\\\/fm_yismh9xu\\\/\"}]}<\/script>\n<!-- \/ Yoast SEO plugin. -->","yoast_head_json":{"title":"W\u00e4rmewende in Frankfurt: Chancen f\u00fcr Kalte Nahw\u00e4rme-Netze und B\u00fcrgerbeteiligung - Frankfurter B\u00fcrgerenergiegenossenschaft eG","robots":{"index":"index","follow":"follow","max-snippet":"max-snippet:-1","max-image-preview":"max-image-preview:large","max-video-preview":"max-video-preview:-1"},"canonical":"https:\/\/www.frabeg.de\/index.php\/2025\/10\/08\/waermewende-in-frankfurt-chancen-fuer-kalte-nahwaerme-netze-und-buergerbeteiligung\/","schema":{"@context":"https:\/\/schema.org","@graph":[{"@type":"Article","@id":"https:\/\/www.frabeg.de\/index.php\/2025\/10\/08\/waermewende-in-frankfurt-chancen-fuer-kalte-nahwaerme-netze-und-buergerbeteiligung\/#article","isPartOf":{"@id":"https:\/\/www.frabeg.de\/index.php\/2025\/10\/08\/waermewende-in-frankfurt-chancen-fuer-kalte-nahwaerme-netze-und-buergerbeteiligung\/"},"author":{"name":"admin","@id":"https:\/\/www.frabeg.de\/#\/schema\/person\/581e01cefa7f04805f855d18805d5762"},"headline":"W\u00e4rmewende in Frankfurt: Chancen f\u00fcr Kalte Nahw\u00e4rme-Netze und B\u00fcrgerbeteiligung","datePublished":"2025-10-08T04:00:00+00:00","dateModified":"2026-04-07T10:40:23+00:00","mainEntityOfPage":{"@id":"https:\/\/www.frabeg.de\/index.php\/2025\/10\/08\/waermewende-in-frankfurt-chancen-fuer-kalte-nahwaerme-netze-und-buergerbeteiligung\/"},"wordCount":324,"publisher":{"@id":"https:\/\/www.frabeg.de\/#organization"},"image":{"@id":"https:\/\/www.frabeg.de\/index.php\/2025\/10\/08\/waermewende-in-frankfurt-chancen-fuer-kalte-nahwaerme-netze-und-buergerbeteiligung\/#primaryimage"},"thumbnailUrl":"https:\/\/www.frabeg.de\/wp-content\/uploads\/2025\/10\/20250916_164000-Energieberatertag-scaled-e1759848654311.jpg","keywords":["b\u00fcrgerbeteiligung","b\u00fcrgerenergiegenossenschaft","frabeg","frankfurt am main","w\u00e4rmepumpe","w\u00e4rmewende"],"inLanguage":"de"},{"@type":"WebPage","@id":"https:\/\/www.frabeg.de\/index.php\/2025\/10\/08\/waermewende-in-frankfurt-chancen-fuer-kalte-nahwaerme-netze-und-buergerbeteiligung\/","url":"https:\/\/www.frabeg.de\/index.php\/2025\/10\/08\/waermewende-in-frankfurt-chancen-fuer-kalte-nahwaerme-netze-und-buergerbeteiligung\/","name":"W\u00e4rmewende in Frankfurt: Chancen f\u00fcr Kalte Nahw\u00e4rme-Netze und B\u00fcrgerbeteiligung - Frankfurter B\u00fcrgerenergiegenossenschaft eG","isPartOf":{"@id":"https:\/\/www.frabeg.de\/#website"},"primaryImageOfPage":{"@id":"https:\/\/www.frabeg.de\/index.php\/2025\/10\/08\/waermewende-in-frankfurt-chancen-fuer-kalte-nahwaerme-netze-und-buergerbeteiligung\/#primaryimage"},"image":{"@id":"https:\/\/www.frabeg.de\/index.php\/2025\/10\/08\/waermewende-in-frankfurt-chancen-fuer-kalte-nahwaerme-netze-und-buergerbeteiligung\/#primaryimage"},"thumbnailUrl":"https:\/\/www.frabeg.de\/wp-content\/uploads\/2025\/10\/20250916_164000-Energieberatertag-scaled-e1759848654311.jpg","datePublished":"2025-10-08T04:00:00+00:00","dateModified":"2026-04-07T10:40:23+00:00","breadcrumb":{"@id":"https:\/\/www.frabeg.de\/index.php\/2025\/10\/08\/waermewende-in-frankfurt-chancen-fuer-kalte-nahwaerme-netze-und-buergerbeteiligung\/#breadcrumb"},"inLanguage":"de","potentialAction":[{"@type":"ReadAction","target":["https:\/\/www.frabeg.de\/index.php\/2025\/10\/08\/waermewende-in-frankfurt-chancen-fuer-kalte-nahwaerme-netze-und-buergerbeteiligung\/"]}]},{"@type":"ImageObject","inLanguage":"de","@id":"https:\/\/www.frabeg.de\/index.php\/2025\/10\/08\/waermewende-in-frankfurt-chancen-fuer-kalte-nahwaerme-netze-und-buergerbeteiligung\/#primaryimage","url":"https:\/\/www.frabeg.de\/wp-content\/uploads\/2025\/10\/20250916_164000-Energieberatertag-scaled-e1759848654311.jpg","contentUrl":"https:\/\/www.frabeg.de\/wp-content\/uploads\/2025\/10\/20250916_164000-Energieberatertag-scaled-e1759848654311.jpg","width":1924,"height":1152},{"@type":"BreadcrumbList","@id":"https:\/\/www.frabeg.de\/index.php\/2025\/10\/08\/waermewende-in-frankfurt-chancen-fuer-kalte-nahwaerme-netze-und-buergerbeteiligung\/#breadcrumb","itemListElement":[{"@type":"ListItem","position":1,"name":"Startseite","item":"https:\/\/www.frabeg.de\/"},{"@type":"ListItem","position":2,"name":"W\u00e4rmewende in Frankfurt: Chancen f\u00fcr Kalte Nahw\u00e4rme-Netze und B\u00fcrgerbeteiligung"}]},{"@type":"WebSite","@id":"https:\/\/www.frabeg.de\/#website","url":"https:\/\/www.frabeg.de\/","name":"Frankfurter B\u00fcrgerenergiegenossenschaft eG","description":"Seien sie bei der Energiewende dabei","publisher":{"@id":"https:\/\/www.frabeg.de\/#organization"},"potentialAction":[{"@type":"SearchAction","target":{"@type":"EntryPoint","urlTemplate":"https:\/\/www.frabeg.de\/?s={search_term_string}"},"query-input":{"@type":"PropertyValueSpecification","valueRequired":true,"valueName":"search_term_string"}}],"inLanguage":"de"},{"@type":"Organization","@id":"https:\/\/www.frabeg.de\/#organization","name":"Frankfurter B\u00fcrgerenergiegenossenschaft eG","url":"https:\/\/www.frabeg.de\/","logo":{"@type":"ImageObject","inLanguage":"de","@id":"https:\/\/www.frabeg.de\/#\/schema\/logo\/image\/","url":"https:\/\/www.frabeg.de\/wp-content\/uploads\/2024\/05\/ar_FRB_LCI_Logo-C-04-b-HiRes_freistell_NEBENeinander_UM_0180424.png","contentUrl":"https:\/\/www.frabeg.de\/wp-content\/uploads\/2024\/05\/ar_FRB_LCI_Logo-C-04-b-HiRes_freistell_NEBENeinander_UM_0180424.png","width":8000,"height":3000,"caption":"Frankfurter B\u00fcrgerenergiegenossenschaft eG"},"image":{"@id":"https:\/\/www.frabeg.de\/#\/schema\/logo\/image\/"}},{"@type":"Person","@id":"https:\/\/www.frabeg.de\/#\/schema\/person\/581e01cefa7f04805f855d18805d5762","name":"admin","image":{"@type":"ImageObject","inLanguage":"de","@id":"https:\/\/secure.gravatar.com\/avatar\/76d187f7cecdac6652b9dcfaef58cda08a1823d0e12de71c5d9977b6c05cf1ae?s=96&d=mm&r=g","url":"https:\/\/secure.gravatar.com\/avatar\/76d187f7cecdac6652b9dcfaef58cda08a1823d0e12de71c5d9977b6c05cf1ae?s=96&d=mm&r=g","contentUrl":"https:\/\/secure.gravatar.com\/avatar\/76d187f7cecdac6652b9dcfaef58cda08a1823d0e12de71c5d9977b6c05cf1ae?s=96&d=mm&r=g","caption":"admin"},"sameAs":["https:\/\/www.frabeg.de"],"url":"https:\/\/www.frabeg.de\/index.php\/author\/fm_yismh9xu\/"}]}},"_links":{"self":[{"href":"https:\/\/www.frabeg.de\/index.php\/wp-json\/wp\/v2\/posts\/1590","targetHints":{"allow":["GET"]}}],"collection":[{"href":"https:\/\/www.frabeg.de\/index.php\/wp-json\/wp\/v2\/posts"}],"about":[{"href":"https:\/\/www.frabeg.de\/index.php\/wp-json\/wp\/v2\/types\/post"}],"author":[{"embeddable":true,"href":"https:\/\/www.frabeg.de\/index.php\/wp-json\/wp\/v2\/users\/1"}],"replies":[{"embeddable":true,"href":"https:\/\/www.frabeg.de\/index.php\/wp-json\/wp\/v2\/comments?post=1590"}],"version-history":[{"count":3,"href":"https:\/\/www.frabeg.de\/index.php\/wp-json\/wp\/v2\/posts\/1590\/revisions"}],"predecessor-version":[{"id":1924,"href":"https:\/\/www.frabeg.de\/index.php\/wp-json\/wp\/v2\/posts\/1590\/revisions\/1924"}],"wp:featuredmedia":[{"embeddable":true,"href":"https:\/\/www.frabeg.de\/index.php\/wp-json\/wp\/v2\/media\/1591"}],"wp:attachment":[{"href":"https:\/\/www.frabeg.de\/index.php\/wp-json\/wp\/v2\/media?parent=1590"}],"wp:term":[{"taxonomy":"category","embeddable":true,"href":"https:\/\/www.frabeg.de\/index.php\/wp-json\/wp\/v2\/categories?post=1590"},{"taxonomy":"post_tag","embeddable":true,"href":"https:\/\/www.frabeg.de\/index.php\/wp-json\/wp\/v2\/tags?post=1590"}],"curies":[{"name":"wp","href":"https:\/\/api.w.org\/{rel}","templated":true}]}}