{"id":1583,"date":"2025-10-07T16:40:07","date_gmt":"2025-10-07T14:40:07","guid":{"rendered":"https:\/\/www.frabeg.de\/?p=1583"},"modified":"2026-01-23T15:55:34","modified_gmt":"2026-01-23T14:55:34","slug":"energiewende-ein-thema-fuer-alle-frankfurterinnen-und-frankfurter","status":"publish","type":"post","link":"https:\/\/www.frabeg.de\/index.php\/2025\/10\/07\/energiewende-ein-thema-fuer-alle-frankfurterinnen-und-frankfurter\/","title":{"rendered":"Energiewende \u2013 ein Thema f\u00fcr alle Frankfurterinnen und Frankfurter"},"content":{"rendered":"\n<p>Frankfurterinnen und Frankfurter aller Couleur interessieren sich f\u00fcr das Thema Klimawandel \u2013 und was man selbst tun kann, um die Energiewende voranzutreiben. Die Frankfurter B\u00fcrgerenergiegenossenschaft war am 10. September an der Hauptwache beim Infotag zur Solarenergie mit einem Stand pr\u00e4sent. Organisiert vom Klimareferat der Stadt Frankfurt, waren auch andere Initiativen wie Main Solar Balkon oder das Umweltforum Rhein-Main mit einem Stand vertreten.<\/p>\n\n\n\n<p>Bei der Veranstaltung direkt neben der Insel f\u00fcr Klima und Nachhaltigkeit standen Themen wie Solarthermie und Photovoltaik, F\u00f6rderoptionen und individuelle Umsetzungsm\u00f6glichkeiten im Mittelpunkt. Das Spektrum der Fragen von B\u00fcrgerinnen und B\u00fcrgern ist breit gewesen, berichten die FraBeG-Mitglieder Albert Zinkel und Christian Stenglein.<\/p>\n\n\n\n<p>F\u00fcr Interesse sorgte die von der FraBeG projektierte und finanzierte PV-Anlage auf dem Dach der Josephine-Baker-Schule in Frankfurt-Riedberg genauso wie Informationen rund um die Wirtschaftlichkeit von Solaranlagen im Einfamilienhaus oder in Wohnungseigent\u00fcmer-Gemeinschaften. \u201ePraktisch alle in Frankfurt wissen: So wie es ist, kann es nicht bleiben\u201c, res\u00fcmiert FraBeG-Vorstand Christian Stenglein.<\/p>\n\n\n\n<p>Denn in Frankfurt bleibt viel zu tun: Bei einem Vergleich von deutschen Gro\u00dfst\u00e4dten, wie stark das PV-Potenzial auf neugebauten Dachfl\u00e4chen ausgesch\u00f6pft wird, landet die Main-Metropole seit Jahren auf den hinteren Pl\u00e4tzen. F\u00fcr die Erhebung wird das Marktstammdatenregister der Bundesnetzagentur ausgewertet, aus der die Daten zur neu installierten PV-Leistung einer Stadt hervorgehen. \u201eJeder und jede kann einen Beitrag leisten\u201c, betont Christian Stenglein: Mitglieder der B\u00fcrgerenergiegenossenschaft unterst\u00fctzten durch ihre Einlagen Projekte, mit denen die Energiewende vorangetrieben wird. Interessiert? Mail: info@frabeg.de<\/p>\n\n\n\n<p class=\"has-small-font-size\">Titelbildunterschrift: Beim Infotag zur Solarenergie nutzen viele Frankfurterinnen und Frankfurter die M\u00f6glichkeit, sich am FraBeG-Stand \u00fcber die M\u00f6glichkeit einer eigenen PV-Anlage zu informieren.<\/p>\n","protected":false},"excerpt":{"rendered":"<p>Frankfurterinnen und Frankfurter aller Couleur interessieren sich f\u00fcr das Thema Klimawandel \u2013 und was man selbst tun kann, um die Energiewende voranzutreiben. Die Frankfurter B\u00fcrgerenergiegenossenschaft war am 10. September an der Hauptwache beim Infotag zur Solarenergie mit einem Stand pr\u00e4sent. Organisiert vom Klimareferat der Stadt Frankfurt, waren auch andere Initiativen wie Main Solar Balkon oder&#8230;<\/p>\n","protected":false},"author":1,"featured_media":1584,"comment_status":"closed","ping_status":"open","sticky":false,"template":"","format":"standard","meta":{"_kadence_starter_templates_imported_post":false,"_kad_post_transparent":"","_kad_post_title":"","_kad_post_layout":"","_kad_post_sidebar_id":"","_kad_post_content_style":"","_kad_post_vertical_padding":"","_kad_post_feature":"","_kad_post_feature_position":"","_kad_post_header":false,"_kad_post_footer":false,"_kad_post_classname":"","footnotes":""},"categories":[1],"tags":[20,22,18,19,73,27,75],"class_list":["post-1583","post","type-post","status-publish","format-standard","has-post-thumbnail","hentry","category-allgemeine-news","tag-buergerenergiegenossenschaft","tag-energiewende","tag-frabeg","tag-frankfurt-am-main","tag-hauptwache","tag-photovoltaik-anlage","tag-pv-leistung"],"yoast_head":"<!-- This site is optimized with the Yoast SEO plugin v27.4 - https:\/\/yoast.com\/product\/yoast-seo-wordpress\/ -->\n<title>Energiewende \u2013 ein Thema f\u00fcr alle Frankfurterinnen und Frankfurter - Frankfurter B\u00fcrgerenergiegenossenschaft eG<\/title>\n<meta name=\"description\" content=\"Energiewende \u2013 ein Thema f\u00fcr alle Frankfurterinnen und Frankfurter\" \/>\n<meta name=\"robots\" content=\"index, follow, max-snippet:-1, max-image-preview:large, max-video-preview:-1\" \/>\n<link rel=\"canonical\" href=\"https:\/\/www.frabeg.de\/index.php\/2025\/10\/07\/energiewende-ein-thema-fuer-alle-frankfurterinnen-und-frankfurter\/\" \/>\n<script type=\"application\/ld+json\" class=\"yoast-schema-graph\">{\"@context\":\"https:\\\/\\\/schema.org\",\"@graph\":[{\"@type\":\"Article\",\"@id\":\"https:\\\/\\\/www.frabeg.de\\\/index.php\\\/2025\\\/10\\\/07\\\/energiewende-ein-thema-fuer-alle-frankfurterinnen-und-frankfurter\\\/#article\",\"isPartOf\":{\"@id\":\"https:\\\/\\\/www.frabeg.de\\\/index.php\\\/2025\\\/10\\\/07\\\/energiewende-ein-thema-fuer-alle-frankfurterinnen-und-frankfurter\\\/\"},\"author\":{\"name\":\"admin\",\"@id\":\"https:\\\/\\\/www.frabeg.de\\\/#\\\/schema\\\/person\\\/581e01cefa7f04805f855d18805d5762\"},\"headline\":\"Energiewende \u2013 ein Thema f\u00fcr alle Frankfurterinnen und Frankfurter\",\"datePublished\":\"2025-10-07T14:40:07+00:00\",\"dateModified\":\"2026-01-23T14:55:34+00:00\",\"mainEntityOfPage\":{\"@id\":\"https:\\\/\\\/www.frabeg.de\\\/index.php\\\/2025\\\/10\\\/07\\\/energiewende-ein-thema-fuer-alle-frankfurterinnen-und-frankfurter\\\/\"},\"wordCount\":284,\"publisher\":{\"@id\":\"https:\\\/\\\/www.frabeg.de\\\/#organization\"},\"image\":{\"@id\":\"https:\\\/\\\/www.frabeg.de\\\/index.php\\\/2025\\\/10\\\/07\\\/energiewende-ein-thema-fuer-alle-frankfurterinnen-und-frankfurter\\\/#primaryimage\"},\"thumbnailUrl\":\"https:\\\/\\\/www.frabeg.de\\\/wp-content\\\/uploads\\\/2025\\\/10\\\/Klimainsel_Hauptwache_10092025__Copyright-Holger-MENZEL-30komprimiert-scaled.jpg\",\"keywords\":[\"b\u00fcrgerenergiegenossenschaft\",\"energiewende\",\"frabeg\",\"frankfurt am main\",\"Hauptwache\",\"photovoltaik-anlage\",\"PV-Leistung\"],\"inLanguage\":\"de\"},{\"@type\":\"WebPage\",\"@id\":\"https:\\\/\\\/www.frabeg.de\\\/index.php\\\/2025\\\/10\\\/07\\\/energiewende-ein-thema-fuer-alle-frankfurterinnen-und-frankfurter\\\/\",\"url\":\"https:\\\/\\\/www.frabeg.de\\\/index.php\\\/2025\\\/10\\\/07\\\/energiewende-ein-thema-fuer-alle-frankfurterinnen-und-frankfurter\\\/\",\"name\":\"Energiewende \u2013 ein Thema f\u00fcr alle Frankfurterinnen und Frankfurter - Frankfurter B\u00fcrgerenergiegenossenschaft eG\",\"isPartOf\":{\"@id\":\"https:\\\/\\\/www.frabeg.de\\\/#website\"},\"primaryImageOfPage\":{\"@id\":\"https:\\\/\\\/www.frabeg.de\\\/index.php\\\/2025\\\/10\\\/07\\\/energiewende-ein-thema-fuer-alle-frankfurterinnen-und-frankfurter\\\/#primaryimage\"},\"image\":{\"@id\":\"https:\\\/\\\/www.frabeg.de\\\/index.php\\\/2025\\\/10\\\/07\\\/energiewende-ein-thema-fuer-alle-frankfurterinnen-und-frankfurter\\\/#primaryimage\"},\"thumbnailUrl\":\"https:\\\/\\\/www.frabeg.de\\\/wp-content\\\/uploads\\\/2025\\\/10\\\/Klimainsel_Hauptwache_10092025__Copyright-Holger-MENZEL-30komprimiert-scaled.jpg\",\"datePublished\":\"2025-10-07T14:40:07+00:00\",\"dateModified\":\"2026-01-23T14:55:34+00:00\",\"description\":\"Energiewende \u2013 ein Thema f\u00fcr alle Frankfurterinnen und Frankfurter\",\"breadcrumb\":{\"@id\":\"https:\\\/\\\/www.frabeg.de\\\/index.php\\\/2025\\\/10\\\/07\\\/energiewende-ein-thema-fuer-alle-frankfurterinnen-und-frankfurter\\\/#breadcrumb\"},\"inLanguage\":\"de\",\"potentialAction\":[{\"@type\":\"ReadAction\",\"target\":[\"https:\\\/\\\/www.frabeg.de\\\/index.php\\\/2025\\\/10\\\/07\\\/energiewende-ein-thema-fuer-alle-frankfurterinnen-und-frankfurter\\\/\"]}]},{\"@type\":\"ImageObject\",\"inLanguage\":\"de\",\"@id\":\"https:\\\/\\\/www.frabeg.de\\\/index.php\\\/2025\\\/10\\\/07\\\/energiewende-ein-thema-fuer-alle-frankfurterinnen-und-frankfurter\\\/#primaryimage\",\"url\":\"https:\\\/\\\/www.frabeg.de\\\/wp-content\\\/uploads\\\/2025\\\/10\\\/Klimainsel_Hauptwache_10092025__Copyright-Holger-MENZEL-30komprimiert-scaled.jpg\",\"contentUrl\":\"https:\\\/\\\/www.frabeg.de\\\/wp-content\\\/uploads\\\/2025\\\/10\\\/Klimainsel_Hauptwache_10092025__Copyright-Holger-MENZEL-30komprimiert-scaled.jpg\",\"width\":2560,\"height\":1707,\"caption\":\"Beim Infotag zur Solarenergie nutzen viele Frankfurterinnen und Frankfurter die M\u00f6glichkeit, sich am FraBeG-Stand \u00fcber die M\u00f6glichkeit einer eigenen PV-Anlage zu informieren.\"},{\"@type\":\"BreadcrumbList\",\"@id\":\"https:\\\/\\\/www.frabeg.de\\\/index.php\\\/2025\\\/10\\\/07\\\/energiewende-ein-thema-fuer-alle-frankfurterinnen-und-frankfurter\\\/#breadcrumb\",\"itemListElement\":[{\"@type\":\"ListItem\",\"position\":1,\"name\":\"Startseite\",\"item\":\"https:\\\/\\\/www.frabeg.de\\\/\"},{\"@type\":\"ListItem\",\"position\":2,\"name\":\"Energiewende \u2013 ein Thema f\u00fcr alle Frankfurterinnen und Frankfurter\"}]},{\"@type\":\"WebSite\",\"@id\":\"https:\\\/\\\/www.frabeg.de\\\/#website\",\"url\":\"https:\\\/\\\/www.frabeg.de\\\/\",\"name\":\"Frankfurter B\u00fcrgerenergiegenossenschaft eG\",\"description\":\"Seien sie bei der Energiewende dabei\",\"publisher\":{\"@id\":\"https:\\\/\\\/www.frabeg.de\\\/#organization\"},\"potentialAction\":[{\"@type\":\"SearchAction\",\"target\":{\"@type\":\"EntryPoint\",\"urlTemplate\":\"https:\\\/\\\/www.frabeg.de\\\/?s={search_term_string}\"},\"query-input\":{\"@type\":\"PropertyValueSpecification\",\"valueRequired\":true,\"valueName\":\"search_term_string\"}}],\"inLanguage\":\"de\"},{\"@type\":\"Organization\",\"@id\":\"https:\\\/\\\/www.frabeg.de\\\/#organization\",\"name\":\"Frankfurter B\u00fcrgerenergiegenossenschaft eG\",\"url\":\"https:\\\/\\\/www.frabeg.de\\\/\",\"logo\":{\"@type\":\"ImageObject\",\"inLanguage\":\"de\",\"@id\":\"https:\\\/\\\/www.frabeg.de\\\/#\\\/schema\\\/logo\\\/image\\\/\",\"url\":\"https:\\\/\\\/www.frabeg.de\\\/wp-content\\\/uploads\\\/2024\\\/05\\\/ar_FRB_LCI_Logo-C-04-b-HiRes_freistell_NEBENeinander_UM_0180424.png\",\"contentUrl\":\"https:\\\/\\\/www.frabeg.de\\\/wp-content\\\/uploads\\\/2024\\\/05\\\/ar_FRB_LCI_Logo-C-04-b-HiRes_freistell_NEBENeinander_UM_0180424.png\",\"width\":8000,\"height\":3000,\"caption\":\"Frankfurter B\u00fcrgerenergiegenossenschaft eG\"},\"image\":{\"@id\":\"https:\\\/\\\/www.frabeg.de\\\/#\\\/schema\\\/logo\\\/image\\\/\"}},{\"@type\":\"Person\",\"@id\":\"https:\\\/\\\/www.frabeg.de\\\/#\\\/schema\\\/person\\\/581e01cefa7f04805f855d18805d5762\",\"name\":\"admin\",\"image\":{\"@type\":\"ImageObject\",\"inLanguage\":\"de\",\"@id\":\"https:\\\/\\\/secure.gravatar.com\\\/avatar\\\/76d187f7cecdac6652b9dcfaef58cda08a1823d0e12de71c5d9977b6c05cf1ae?s=96&d=mm&r=g\",\"url\":\"https:\\\/\\\/secure.gravatar.com\\\/avatar\\\/76d187f7cecdac6652b9dcfaef58cda08a1823d0e12de71c5d9977b6c05cf1ae?s=96&d=mm&r=g\",\"contentUrl\":\"https:\\\/\\\/secure.gravatar.com\\\/avatar\\\/76d187f7cecdac6652b9dcfaef58cda08a1823d0e12de71c5d9977b6c05cf1ae?s=96&d=mm&r=g\",\"caption\":\"admin\"},\"sameAs\":[\"https:\\\/\\\/www.frabeg.de\"],\"url\":\"https:\\\/\\\/www.frabeg.de\\\/index.php\\\/author\\\/fm_yismh9xu\\\/\"}]}<\/script>\n<!-- \/ Yoast SEO plugin. -->","yoast_head_json":{"title":"Energiewende \u2013 ein Thema f\u00fcr alle Frankfurterinnen und Frankfurter - Frankfurter B\u00fcrgerenergiegenossenschaft eG","description":"Energiewende \u2013 ein Thema f\u00fcr alle Frankfurterinnen und Frankfurter","robots":{"index":"index","follow":"follow","max-snippet":"max-snippet:-1","max-image-preview":"max-image-preview:large","max-video-preview":"max-video-preview:-1"},"canonical":"https:\/\/www.frabeg.de\/index.php\/2025\/10\/07\/energiewende-ein-thema-fuer-alle-frankfurterinnen-und-frankfurter\/","schema":{"@context":"https:\/\/schema.org","@graph":[{"@type":"Article","@id":"https:\/\/www.frabeg.de\/index.php\/2025\/10\/07\/energiewende-ein-thema-fuer-alle-frankfurterinnen-und-frankfurter\/#article","isPartOf":{"@id":"https:\/\/www.frabeg.de\/index.php\/2025\/10\/07\/energiewende-ein-thema-fuer-alle-frankfurterinnen-und-frankfurter\/"},"author":{"name":"admin","@id":"https:\/\/www.frabeg.de\/#\/schema\/person\/581e01cefa7f04805f855d18805d5762"},"headline":"Energiewende \u2013 ein Thema f\u00fcr alle Frankfurterinnen und Frankfurter","datePublished":"2025-10-07T14:40:07+00:00","dateModified":"2026-01-23T14:55:34+00:00","mainEntityOfPage":{"@id":"https:\/\/www.frabeg.de\/index.php\/2025\/10\/07\/energiewende-ein-thema-fuer-alle-frankfurterinnen-und-frankfurter\/"},"wordCount":284,"publisher":{"@id":"https:\/\/www.frabeg.de\/#organization"},"image":{"@id":"https:\/\/www.frabeg.de\/index.php\/2025\/10\/07\/energiewende-ein-thema-fuer-alle-frankfurterinnen-und-frankfurter\/#primaryimage"},"thumbnailUrl":"https:\/\/www.frabeg.de\/wp-content\/uploads\/2025\/10\/Klimainsel_Hauptwache_10092025__Copyright-Holger-MENZEL-30komprimiert-scaled.jpg","keywords":["b\u00fcrgerenergiegenossenschaft","energiewende","frabeg","frankfurt am main","Hauptwache","photovoltaik-anlage","PV-Leistung"],"inLanguage":"de"},{"@type":"WebPage","@id":"https:\/\/www.frabeg.de\/index.php\/2025\/10\/07\/energiewende-ein-thema-fuer-alle-frankfurterinnen-und-frankfurter\/","url":"https:\/\/www.frabeg.de\/index.php\/2025\/10\/07\/energiewende-ein-thema-fuer-alle-frankfurterinnen-und-frankfurter\/","name":"Energiewende \u2013 ein Thema f\u00fcr alle Frankfurterinnen und Frankfurter - Frankfurter B\u00fcrgerenergiegenossenschaft eG","isPartOf":{"@id":"https:\/\/www.frabeg.de\/#website"},"primaryImageOfPage":{"@id":"https:\/\/www.frabeg.de\/index.php\/2025\/10\/07\/energiewende-ein-thema-fuer-alle-frankfurterinnen-und-frankfurter\/#primaryimage"},"image":{"@id":"https:\/\/www.frabeg.de\/index.php\/2025\/10\/07\/energiewende-ein-thema-fuer-alle-frankfurterinnen-und-frankfurter\/#primaryimage"},"thumbnailUrl":"https:\/\/www.frabeg.de\/wp-content\/uploads\/2025\/10\/Klimainsel_Hauptwache_10092025__Copyright-Holger-MENZEL-30komprimiert-scaled.jpg","datePublished":"2025-10-07T14:40:07+00:00","dateModified":"2026-01-23T14:55:34+00:00","description":"Energiewende \u2013 ein Thema f\u00fcr alle Frankfurterinnen und Frankfurter","breadcrumb":{"@id":"https:\/\/www.frabeg.de\/index.php\/2025\/10\/07\/energiewende-ein-thema-fuer-alle-frankfurterinnen-und-frankfurter\/#breadcrumb"},"inLanguage":"de","potentialAction":[{"@type":"ReadAction","target":["https:\/\/www.frabeg.de\/index.php\/2025\/10\/07\/energiewende-ein-thema-fuer-alle-frankfurterinnen-und-frankfurter\/"]}]},{"@type":"ImageObject","inLanguage":"de","@id":"https:\/\/www.frabeg.de\/index.php\/2025\/10\/07\/energiewende-ein-thema-fuer-alle-frankfurterinnen-und-frankfurter\/#primaryimage","url":"https:\/\/www.frabeg.de\/wp-content\/uploads\/2025\/10\/Klimainsel_Hauptwache_10092025__Copyright-Holger-MENZEL-30komprimiert-scaled.jpg","contentUrl":"https:\/\/www.frabeg.de\/wp-content\/uploads\/2025\/10\/Klimainsel_Hauptwache_10092025__Copyright-Holger-MENZEL-30komprimiert-scaled.jpg","width":2560,"height":1707,"caption":"Beim Infotag zur Solarenergie nutzen viele Frankfurterinnen und Frankfurter die M\u00f6glichkeit, sich am FraBeG-Stand \u00fcber die M\u00f6glichkeit einer eigenen PV-Anlage zu informieren."},{"@type":"BreadcrumbList","@id":"https:\/\/www.frabeg.de\/index.php\/2025\/10\/07\/energiewende-ein-thema-fuer-alle-frankfurterinnen-und-frankfurter\/#breadcrumb","itemListElement":[{"@type":"ListItem","position":1,"name":"Startseite","item":"https:\/\/www.frabeg.de\/"},{"@type":"ListItem","position":2,"name":"Energiewende \u2013 ein Thema f\u00fcr alle Frankfurterinnen und Frankfurter"}]},{"@type":"WebSite","@id":"https:\/\/www.frabeg.de\/#website","url":"https:\/\/www.frabeg.de\/","name":"Frankfurter B\u00fcrgerenergiegenossenschaft eG","description":"Seien sie bei der Energiewende dabei","publisher":{"@id":"https:\/\/www.frabeg.de\/#organization"},"potentialAction":[{"@type":"SearchAction","target":{"@type":"EntryPoint","urlTemplate":"https:\/\/www.frabeg.de\/?s={search_term_string}"},"query-input":{"@type":"PropertyValueSpecification","valueRequired":true,"valueName":"search_term_string"}}],"inLanguage":"de"},{"@type":"Organization","@id":"https:\/\/www.frabeg.de\/#organization","name":"Frankfurter B\u00fcrgerenergiegenossenschaft eG","url":"https:\/\/www.frabeg.de\/","logo":{"@type":"ImageObject","inLanguage":"de","@id":"https:\/\/www.frabeg.de\/#\/schema\/logo\/image\/","url":"https:\/\/www.frabeg.de\/wp-content\/uploads\/2024\/05\/ar_FRB_LCI_Logo-C-04-b-HiRes_freistell_NEBENeinander_UM_0180424.png","contentUrl":"https:\/\/www.frabeg.de\/wp-content\/uploads\/2024\/05\/ar_FRB_LCI_Logo-C-04-b-HiRes_freistell_NEBENeinander_UM_0180424.png","width":8000,"height":3000,"caption":"Frankfurter B\u00fcrgerenergiegenossenschaft eG"},"image":{"@id":"https:\/\/www.frabeg.de\/#\/schema\/logo\/image\/"}},{"@type":"Person","@id":"https:\/\/www.frabeg.de\/#\/schema\/person\/581e01cefa7f04805f855d18805d5762","name":"admin","image":{"@type":"ImageObject","inLanguage":"de","@id":"https:\/\/secure.gravatar.com\/avatar\/76d187f7cecdac6652b9dcfaef58cda08a1823d0e12de71c5d9977b6c05cf1ae?s=96&d=mm&r=g","url":"https:\/\/secure.gravatar.com\/avatar\/76d187f7cecdac6652b9dcfaef58cda08a1823d0e12de71c5d9977b6c05cf1ae?s=96&d=mm&r=g","contentUrl":"https:\/\/secure.gravatar.com\/avatar\/76d187f7cecdac6652b9dcfaef58cda08a1823d0e12de71c5d9977b6c05cf1ae?s=96&d=mm&r=g","caption":"admin"},"sameAs":["https:\/\/www.frabeg.de"],"url":"https:\/\/www.frabeg.de\/index.php\/author\/fm_yismh9xu\/"}]}},"_links":{"self":[{"href":"https:\/\/www.frabeg.de\/index.php\/wp-json\/wp\/v2\/posts\/1583","targetHints":{"allow":["GET"]}}],"collection":[{"href":"https:\/\/www.frabeg.de\/index.php\/wp-json\/wp\/v2\/posts"}],"about":[{"href":"https:\/\/www.frabeg.de\/index.php\/wp-json\/wp\/v2\/types\/post"}],"author":[{"embeddable":true,"href":"https:\/\/www.frabeg.de\/index.php\/wp-json\/wp\/v2\/users\/1"}],"replies":[{"embeddable":true,"href":"https:\/\/www.frabeg.de\/index.php\/wp-json\/wp\/v2\/comments?post=1583"}],"version-history":[{"count":2,"href":"https:\/\/www.frabeg.de\/index.php\/wp-json\/wp\/v2\/posts\/1583\/revisions"}],"predecessor-version":[{"id":1803,"href":"https:\/\/www.frabeg.de\/index.php\/wp-json\/wp\/v2\/posts\/1583\/revisions\/1803"}],"wp:featuredmedia":[{"embeddable":true,"href":"https:\/\/www.frabeg.de\/index.php\/wp-json\/wp\/v2\/media\/1584"}],"wp:attachment":[{"href":"https:\/\/www.frabeg.de\/index.php\/wp-json\/wp\/v2\/media?parent=1583"}],"wp:term":[{"taxonomy":"category","embeddable":true,"href":"https:\/\/www.frabeg.de\/index.php\/wp-json\/wp\/v2\/categories?post=1583"},{"taxonomy":"post_tag","embeddable":true,"href":"https:\/\/www.frabeg.de\/index.php\/wp-json\/wp\/v2\/tags?post=1583"}],"curies":[{"name":"wp","href":"https:\/\/api.w.org\/{rel}","templated":true}]}}