{"id":1579,"date":"2025-10-02T18:11:01","date_gmt":"2025-10-02T16:11:01","guid":{"rendered":"https:\/\/www.frabeg.de\/?p=1579"},"modified":"2026-01-23T15:56:48","modified_gmt":"2026-01-23T14:56:48","slug":"frabeg-laengst-fester-teil-der-frankfurter-stadtgesellschaft","status":"publish","type":"post","link":"https:\/\/www.frabeg.de\/index.php\/2025\/10\/02\/frabeg-laengst-fester-teil-der-frankfurter-stadtgesellschaft\/","title":{"rendered":"FraBeG \u2013 l\u00e4ngst fester Teil der Frankfurter Stadtgesellschaft"},"content":{"rendered":"\n<p>Die Frankfurter B\u00fcrgerenergiegenossenschaft (FraBeG) ist noch jung, aber bereits fester Teil der Stadtgesellschaft. Das ist am 13. September bei der Ehrenamtsmesse im Frankfurter R\u00f6mer deutlich geworden \u2013 die FraBeG ist dort mit einem Stand vertreten gewesen.<\/p>\n\n\n\n<p>Mehr als 60 Vereine und Initiativen Akteure pr\u00e4sentierten sich dem Publikum. Die traditionsreiche Veranstaltung f\u00fchrt seit 18 Jahren Engagierte und Interessierte zusammen. Schon bei der Messe-Er\u00f6ffnung verwies Frankfurts Oberb\u00fcrgermeister Mike Josef auf die FraBeG als eine der neugegr\u00fcndeten Initiativen in der Stadt. Ehrenamtliches Engagement sei aus der Stadtgesellschaft nicht wegzudenken, betonte der OB. \u201eEs tr\u00e4gt unsere Gesellschaft und bereichert das soziale Miteinander\u201c, so Mike Josef.<\/p>\n\n\n<style>.kb-row-layout-id1579_cce3d9-16 > .kt-row-column-wrap{align-content:start;}:where(.kb-row-layout-id1579_cce3d9-16 > .kt-row-column-wrap) > .wp-block-kadence-column{justify-content:start;}.kb-row-layout-id1579_cce3d9-16 > .kt-row-column-wrap{column-gap:var(--global-kb-gap-md, 2rem);row-gap:var(--global-kb-gap-md, 2rem);padding-bottom:var(--global-kb-spacing-sm, 1.5rem);grid-template-columns:minmax(0, 2fr) minmax(0, 1fr);}.kb-row-layout-id1579_cce3d9-16 > .kt-row-layout-overlay{opacity:0.30;}@media all and (max-width: 1024px){.kb-row-layout-id1579_cce3d9-16 > .kt-row-column-wrap{grid-template-columns:minmax(0, 2fr) minmax(0, 1fr);}}@media all and (max-width: 767px){.kb-row-layout-id1579_cce3d9-16 > .kt-row-column-wrap{grid-template-columns:minmax(0, 1fr);}}<\/style><div class=\"kb-row-layout-wrap kb-row-layout-id1579_cce3d9-16 alignnone wp-block-kadence-rowlayout\"><div class=\"kt-row-column-wrap kt-has-2-columns kt-row-layout-left-golden kt-tab-layout-inherit kt-mobile-layout-row kt-row-valign-top\">\n<style>.kadence-column1579_87b0db-3a > .kt-inside-inner-col,.kadence-column1579_87b0db-3a > .kt-inside-inner-col:before{border-top-left-radius:0px;border-top-right-radius:0px;border-bottom-right-radius:0px;border-bottom-left-radius:0px;}.kadence-column1579_87b0db-3a > .kt-inside-inner-col{column-gap:var(--global-kb-gap-sm, 1rem);}.kadence-column1579_87b0db-3a > .kt-inside-inner-col{flex-direction:column;}.kadence-column1579_87b0db-3a > .kt-inside-inner-col > .aligncenter{width:100%;}.kadence-column1579_87b0db-3a > .kt-inside-inner-col:before{opacity:0.3;}.kadence-column1579_87b0db-3a{position:relative;}@media all and (max-width: 1024px){.kadence-column1579_87b0db-3a > .kt-inside-inner-col{flex-direction:column;justify-content:center;}}@media all and (max-width: 767px){.kadence-column1579_87b0db-3a > .kt-inside-inner-col{flex-direction:column;justify-content:center;}}<\/style>\n<div class=\"wp-block-kadence-column kadence-column1579_87b0db-3a\"><div class=\"kt-inside-inner-col\">\n<p>Der Oberb\u00fcrgermeister machte bei seinem Rundgang durch die Messe auch bei der FraBeG halt. Mike Josef begleitet die erste Frankfurter B\u00fcrgerenergiegenossenschaft von Anfang an &#8211; schon bei der Gr\u00fcndungsfeier im Mai und bei der Inbetriebnahme der ersten von der FraBeG projektierten und finanzierten Photovoltaik-Anlage in der Josefine Baker-Schule im November 2024 war der OB dabei.&nbsp;<\/p>\n\n\n\n<p>\u201eDie Zahl der an den Themen der FraBeG interessierten Besucherinnen und Besucher war hoch\u201c, res\u00fcmiert Vorstandsmitglied Christian Stenglein. Was das Team der Aktiven in der B\u00fcrgerenergiegenossenschaft besonders freut: \u201eSchon kurz nach der Veranstaltung sind die ersten R\u00fcckmeldungen von Interessierten eingegangen, die ehrenamtlich mitarbeiten m\u00f6chten\u201c, berichtet Vorstandsmitglied Markus Schaufler.<\/p>\n\n\n\n<p>Die FraBeG hat zurzeit rund 145 Mitglieder und sucht Aktive, die in den verschiedenen Teams der Genossenschaft mitarbeiten wollen. Oder in den Worten von OB Mike Josef: \u201eLassen Sie sich von der Begeisterung anstecken, aktiv unsere Stadt mitzugestalten und sich f\u00fcr Andere einzusetzen.\u201c Interesse? Mail: info@frabeg.de<\/p>\n<\/div><\/div>\n\n\n<style>.kadence-column1579_5765cc-c6 > .kt-inside-inner-col,.kadence-column1579_5765cc-c6 > .kt-inside-inner-col:before{border-top-left-radius:0px;border-top-right-radius:0px;border-bottom-right-radius:0px;border-bottom-left-radius:0px;}.kadence-column1579_5765cc-c6 > .kt-inside-inner-col{column-gap:var(--global-kb-gap-sm, 1rem);}.kadence-column1579_5765cc-c6 > .kt-inside-inner-col{flex-direction:column;}.kadence-column1579_5765cc-c6 > .kt-inside-inner-col > .aligncenter{width:100%;}.kadence-column1579_5765cc-c6 > .kt-inside-inner-col:before{opacity:0.3;}.kadence-column1579_5765cc-c6{position:relative;}@media all and (max-width: 1024px){.kadence-column1579_5765cc-c6 > .kt-inside-inner-col{flex-direction:column;justify-content:center;}}@media all and (max-width: 767px){.kadence-column1579_5765cc-c6 > .kt-inside-inner-col{flex-direction:column;justify-content:center;}}<\/style>\n<div class=\"wp-block-kadence-column kadence-column1579_5765cc-c6\"><div class=\"kt-inside-inner-col\"><style>.kb-image1579_94b0eb-45 .kb-image-has-overlay:after{opacity:0.3;}<\/style>\n<figure class=\"wp-block-kadence-image kb-image1579_94b0eb-45 size-large\"><img loading=\"lazy\" decoding=\"async\" width=\"461\" height=\"1024\" src=\"https:\/\/www.frabeg.de\/wp-content\/uploads\/2025\/10\/20250913_124752-Ehrenamtsmesse-461x1024.jpg\" alt=\"\" class=\"kb-img wp-image-1581\" srcset=\"https:\/\/www.frabeg.de\/wp-content\/uploads\/2025\/10\/20250913_124752-Ehrenamtsmesse-461x1024.jpg 461w, https:\/\/www.frabeg.de\/wp-content\/uploads\/2025\/10\/20250913_124752-Ehrenamtsmesse-135x300.jpg 135w, https:\/\/www.frabeg.de\/wp-content\/uploads\/2025\/10\/20250913_124752-Ehrenamtsmesse-768x1705.jpg 768w, https:\/\/www.frabeg.de\/wp-content\/uploads\/2025\/10\/20250913_124752-Ehrenamtsmesse-692x1536.jpg 692w, https:\/\/www.frabeg.de\/wp-content\/uploads\/2025\/10\/20250913_124752-Ehrenamtsmesse-922x2048.jpg 922w, https:\/\/www.frabeg.de\/wp-content\/uploads\/2025\/10\/20250913_124752-Ehrenamtsmesse-scaled.jpg 1153w\" sizes=\"auto, (max-width: 461px) 100vw, 461px\" \/><figcaption>Frankfurts Oberb\u00fcrgermeister Mike Josef (Mi.) im Gespr\u00e4ch mit den FraBeG-Vorstandsmitgliedern Markus Schaufler (li.) und Christian Stenglein.<\/figcaption><\/figure>\n<\/div><\/div>\n\n<\/div><\/div>\n\n\n<p class=\"has-small-font-size\">Titelbildunterschrift: Christian Stenglein (li.) und Markus Schaufler am Stand der FraBeG bei der Ehrenamtsmesse im R\u00f6mer.<\/p>\n","protected":false},"excerpt":{"rendered":"<p>Die Frankfurter B\u00fcrgerenergiegenossenschaft (FraBeG) ist noch jung, aber bereits fester Teil der Stadtgesellschaft. Das ist am 13. September bei der Ehrenamtsmesse im Frankfurter R\u00f6mer deutlich geworden \u2013 die FraBeG ist dort mit einem Stand vertreten gewesen. Mehr als 60 Vereine und Initiativen Akteure pr\u00e4sentierten sich dem Publikum. Die traditionsreiche Veranstaltung f\u00fchrt seit 18 Jahren Engagierte&#8230;<\/p>\n","protected":false},"author":1,"featured_media":1580,"comment_status":"closed","ping_status":"open","sticky":false,"template":"","format":"standard","meta":{"_kadence_starter_templates_imported_post":false,"_kad_post_transparent":"","_kad_post_title":"","_kad_post_layout":"","_kad_post_sidebar_id":"","_kad_post_content_style":"","_kad_post_vertical_padding":"","_kad_post_feature":"","_kad_post_feature_position":"","_kad_post_header":false,"_kad_post_footer":false,"_kad_post_classname":"","footnotes":""},"categories":[1],"tags":[20,72,18,19,12,37],"class_list":["post-1579","post","type-post","status-publish","format-standard","has-post-thumbnail","hentry","category-allgemeine-news","tag-buergerenergiegenossenschaft","tag-ehrenamt","tag-frabeg","tag-frankfurt-am-main","tag-oberbuergermeister-frankfurt","tag-stadt-frankfurt"],"yoast_head":"<!-- This site is optimized with the Yoast SEO plugin v27.4 - https:\/\/yoast.com\/product\/yoast-seo-wordpress\/ -->\n<title>FraBeG \u2013 l\u00e4ngst fester Teil der Frankfurter Stadtgesellschaft - Frankfurter B\u00fcrgerenergiegenossenschaft eG<\/title>\n<meta name=\"robots\" content=\"index, follow, max-snippet:-1, max-image-preview:large, max-video-preview:-1\" \/>\n<link rel=\"canonical\" href=\"https:\/\/www.frabeg.de\/index.php\/2025\/10\/02\/frabeg-laengst-fester-teil-der-frankfurter-stadtgesellschaft\/\" \/>\n<script type=\"application\/ld+json\" class=\"yoast-schema-graph\">{\"@context\":\"https:\\\/\\\/schema.org\",\"@graph\":[{\"@type\":\"Article\",\"@id\":\"https:\\\/\\\/www.frabeg.de\\\/index.php\\\/2025\\\/10\\\/02\\\/frabeg-laengst-fester-teil-der-frankfurter-stadtgesellschaft\\\/#article\",\"isPartOf\":{\"@id\":\"https:\\\/\\\/www.frabeg.de\\\/index.php\\\/2025\\\/10\\\/02\\\/frabeg-laengst-fester-teil-der-frankfurter-stadtgesellschaft\\\/\"},\"author\":{\"name\":\"admin\",\"@id\":\"https:\\\/\\\/www.frabeg.de\\\/#\\\/schema\\\/person\\\/581e01cefa7f04805f855d18805d5762\"},\"headline\":\"FraBeG \u2013 l\u00e4ngst fester Teil der Frankfurter Stadtgesellschaft\",\"datePublished\":\"2025-10-02T16:11:01+00:00\",\"dateModified\":\"2026-01-23T14:56:48+00:00\",\"mainEntityOfPage\":{\"@id\":\"https:\\\/\\\/www.frabeg.de\\\/index.php\\\/2025\\\/10\\\/02\\\/frabeg-laengst-fester-teil-der-frankfurter-stadtgesellschaft\\\/\"},\"wordCount\":306,\"publisher\":{\"@id\":\"https:\\\/\\\/www.frabeg.de\\\/#organization\"},\"image\":{\"@id\":\"https:\\\/\\\/www.frabeg.de\\\/index.php\\\/2025\\\/10\\\/02\\\/frabeg-laengst-fester-teil-der-frankfurter-stadtgesellschaft\\\/#primaryimage\"},\"thumbnailUrl\":\"https:\\\/\\\/www.frabeg.de\\\/wp-content\\\/uploads\\\/2025\\\/10\\\/20250913_095254-Ehrenamtsmesse-scaled.jpg\",\"keywords\":[\"b\u00fcrgerenergiegenossenschaft\",\"Ehrenamt\",\"frabeg\",\"frankfurt am main\",\"Oberb\u00fcrgermeister Frankfurt\",\"Stadt Frankfurt\"],\"inLanguage\":\"de\"},{\"@type\":\"WebPage\",\"@id\":\"https:\\\/\\\/www.frabeg.de\\\/index.php\\\/2025\\\/10\\\/02\\\/frabeg-laengst-fester-teil-der-frankfurter-stadtgesellschaft\\\/\",\"url\":\"https:\\\/\\\/www.frabeg.de\\\/index.php\\\/2025\\\/10\\\/02\\\/frabeg-laengst-fester-teil-der-frankfurter-stadtgesellschaft\\\/\",\"name\":\"FraBeG \u2013 l\u00e4ngst fester Teil der Frankfurter Stadtgesellschaft - Frankfurter B\u00fcrgerenergiegenossenschaft eG\",\"isPartOf\":{\"@id\":\"https:\\\/\\\/www.frabeg.de\\\/#website\"},\"primaryImageOfPage\":{\"@id\":\"https:\\\/\\\/www.frabeg.de\\\/index.php\\\/2025\\\/10\\\/02\\\/frabeg-laengst-fester-teil-der-frankfurter-stadtgesellschaft\\\/#primaryimage\"},\"image\":{\"@id\":\"https:\\\/\\\/www.frabeg.de\\\/index.php\\\/2025\\\/10\\\/02\\\/frabeg-laengst-fester-teil-der-frankfurter-stadtgesellschaft\\\/#primaryimage\"},\"thumbnailUrl\":\"https:\\\/\\\/www.frabeg.de\\\/wp-content\\\/uploads\\\/2025\\\/10\\\/20250913_095254-Ehrenamtsmesse-scaled.jpg\",\"datePublished\":\"2025-10-02T16:11:01+00:00\",\"dateModified\":\"2026-01-23T14:56:48+00:00\",\"breadcrumb\":{\"@id\":\"https:\\\/\\\/www.frabeg.de\\\/index.php\\\/2025\\\/10\\\/02\\\/frabeg-laengst-fester-teil-der-frankfurter-stadtgesellschaft\\\/#breadcrumb\"},\"inLanguage\":\"de\",\"potentialAction\":[{\"@type\":\"ReadAction\",\"target\":[\"https:\\\/\\\/www.frabeg.de\\\/index.php\\\/2025\\\/10\\\/02\\\/frabeg-laengst-fester-teil-der-frankfurter-stadtgesellschaft\\\/\"]}]},{\"@type\":\"ImageObject\",\"inLanguage\":\"de\",\"@id\":\"https:\\\/\\\/www.frabeg.de\\\/index.php\\\/2025\\\/10\\\/02\\\/frabeg-laengst-fester-teil-der-frankfurter-stadtgesellschaft\\\/#primaryimage\",\"url\":\"https:\\\/\\\/www.frabeg.de\\\/wp-content\\\/uploads\\\/2025\\\/10\\\/20250913_095254-Ehrenamtsmesse-scaled.jpg\",\"contentUrl\":\"https:\\\/\\\/www.frabeg.de\\\/wp-content\\\/uploads\\\/2025\\\/10\\\/20250913_095254-Ehrenamtsmesse-scaled.jpg\",\"width\":2560,\"height\":1152,\"caption\":\"Christian Stenglein (li.) und Markus Schaufler am Stand der FraBeG bei der Ehrenamtsmesse im R\u00f6mer.\"},{\"@type\":\"BreadcrumbList\",\"@id\":\"https:\\\/\\\/www.frabeg.de\\\/index.php\\\/2025\\\/10\\\/02\\\/frabeg-laengst-fester-teil-der-frankfurter-stadtgesellschaft\\\/#breadcrumb\",\"itemListElement\":[{\"@type\":\"ListItem\",\"position\":1,\"name\":\"Startseite\",\"item\":\"https:\\\/\\\/www.frabeg.de\\\/\"},{\"@type\":\"ListItem\",\"position\":2,\"name\":\"FraBeG \u2013 l\u00e4ngst fester Teil der Frankfurter Stadtgesellschaft\"}]},{\"@type\":\"WebSite\",\"@id\":\"https:\\\/\\\/www.frabeg.de\\\/#website\",\"url\":\"https:\\\/\\\/www.frabeg.de\\\/\",\"name\":\"Frankfurter B\u00fcrgerenergiegenossenschaft eG\",\"description\":\"Seien sie bei der Energiewende dabei\",\"publisher\":{\"@id\":\"https:\\\/\\\/www.frabeg.de\\\/#organization\"},\"potentialAction\":[{\"@type\":\"SearchAction\",\"target\":{\"@type\":\"EntryPoint\",\"urlTemplate\":\"https:\\\/\\\/www.frabeg.de\\\/?s={search_term_string}\"},\"query-input\":{\"@type\":\"PropertyValueSpecification\",\"valueRequired\":true,\"valueName\":\"search_term_string\"}}],\"inLanguage\":\"de\"},{\"@type\":\"Organization\",\"@id\":\"https:\\\/\\\/www.frabeg.de\\\/#organization\",\"name\":\"Frankfurter B\u00fcrgerenergiegenossenschaft eG\",\"url\":\"https:\\\/\\\/www.frabeg.de\\\/\",\"logo\":{\"@type\":\"ImageObject\",\"inLanguage\":\"de\",\"@id\":\"https:\\\/\\\/www.frabeg.de\\\/#\\\/schema\\\/logo\\\/image\\\/\",\"url\":\"https:\\\/\\\/www.frabeg.de\\\/wp-content\\\/uploads\\\/2024\\\/05\\\/ar_FRB_LCI_Logo-C-04-b-HiRes_freistell_NEBENeinander_UM_0180424.png\",\"contentUrl\":\"https:\\\/\\\/www.frabeg.de\\\/wp-content\\\/uploads\\\/2024\\\/05\\\/ar_FRB_LCI_Logo-C-04-b-HiRes_freistell_NEBENeinander_UM_0180424.png\",\"width\":8000,\"height\":3000,\"caption\":\"Frankfurter B\u00fcrgerenergiegenossenschaft eG\"},\"image\":{\"@id\":\"https:\\\/\\\/www.frabeg.de\\\/#\\\/schema\\\/logo\\\/image\\\/\"}},{\"@type\":\"Person\",\"@id\":\"https:\\\/\\\/www.frabeg.de\\\/#\\\/schema\\\/person\\\/581e01cefa7f04805f855d18805d5762\",\"name\":\"admin\",\"image\":{\"@type\":\"ImageObject\",\"inLanguage\":\"de\",\"@id\":\"https:\\\/\\\/secure.gravatar.com\\\/avatar\\\/76d187f7cecdac6652b9dcfaef58cda08a1823d0e12de71c5d9977b6c05cf1ae?s=96&d=mm&r=g\",\"url\":\"https:\\\/\\\/secure.gravatar.com\\\/avatar\\\/76d187f7cecdac6652b9dcfaef58cda08a1823d0e12de71c5d9977b6c05cf1ae?s=96&d=mm&r=g\",\"contentUrl\":\"https:\\\/\\\/secure.gravatar.com\\\/avatar\\\/76d187f7cecdac6652b9dcfaef58cda08a1823d0e12de71c5d9977b6c05cf1ae?s=96&d=mm&r=g\",\"caption\":\"admin\"},\"sameAs\":[\"https:\\\/\\\/www.frabeg.de\"],\"url\":\"https:\\\/\\\/www.frabeg.de\\\/index.php\\\/author\\\/fm_yismh9xu\\\/\"}]}<\/script>\n<!-- \/ Yoast SEO plugin. -->","yoast_head_json":{"title":"FraBeG \u2013 l\u00e4ngst fester Teil der Frankfurter Stadtgesellschaft - Frankfurter B\u00fcrgerenergiegenossenschaft eG","robots":{"index":"index","follow":"follow","max-snippet":"max-snippet:-1","max-image-preview":"max-image-preview:large","max-video-preview":"max-video-preview:-1"},"canonical":"https:\/\/www.frabeg.de\/index.php\/2025\/10\/02\/frabeg-laengst-fester-teil-der-frankfurter-stadtgesellschaft\/","schema":{"@context":"https:\/\/schema.org","@graph":[{"@type":"Article","@id":"https:\/\/www.frabeg.de\/index.php\/2025\/10\/02\/frabeg-laengst-fester-teil-der-frankfurter-stadtgesellschaft\/#article","isPartOf":{"@id":"https:\/\/www.frabeg.de\/index.php\/2025\/10\/02\/frabeg-laengst-fester-teil-der-frankfurter-stadtgesellschaft\/"},"author":{"name":"admin","@id":"https:\/\/www.frabeg.de\/#\/schema\/person\/581e01cefa7f04805f855d18805d5762"},"headline":"FraBeG \u2013 l\u00e4ngst fester Teil der Frankfurter Stadtgesellschaft","datePublished":"2025-10-02T16:11:01+00:00","dateModified":"2026-01-23T14:56:48+00:00","mainEntityOfPage":{"@id":"https:\/\/www.frabeg.de\/index.php\/2025\/10\/02\/frabeg-laengst-fester-teil-der-frankfurter-stadtgesellschaft\/"},"wordCount":306,"publisher":{"@id":"https:\/\/www.frabeg.de\/#organization"},"image":{"@id":"https:\/\/www.frabeg.de\/index.php\/2025\/10\/02\/frabeg-laengst-fester-teil-der-frankfurter-stadtgesellschaft\/#primaryimage"},"thumbnailUrl":"https:\/\/www.frabeg.de\/wp-content\/uploads\/2025\/10\/20250913_095254-Ehrenamtsmesse-scaled.jpg","keywords":["b\u00fcrgerenergiegenossenschaft","Ehrenamt","frabeg","frankfurt am main","Oberb\u00fcrgermeister Frankfurt","Stadt Frankfurt"],"inLanguage":"de"},{"@type":"WebPage","@id":"https:\/\/www.frabeg.de\/index.php\/2025\/10\/02\/frabeg-laengst-fester-teil-der-frankfurter-stadtgesellschaft\/","url":"https:\/\/www.frabeg.de\/index.php\/2025\/10\/02\/frabeg-laengst-fester-teil-der-frankfurter-stadtgesellschaft\/","name":"FraBeG \u2013 l\u00e4ngst fester Teil der Frankfurter Stadtgesellschaft - Frankfurter B\u00fcrgerenergiegenossenschaft eG","isPartOf":{"@id":"https:\/\/www.frabeg.de\/#website"},"primaryImageOfPage":{"@id":"https:\/\/www.frabeg.de\/index.php\/2025\/10\/02\/frabeg-laengst-fester-teil-der-frankfurter-stadtgesellschaft\/#primaryimage"},"image":{"@id":"https:\/\/www.frabeg.de\/index.php\/2025\/10\/02\/frabeg-laengst-fester-teil-der-frankfurter-stadtgesellschaft\/#primaryimage"},"thumbnailUrl":"https:\/\/www.frabeg.de\/wp-content\/uploads\/2025\/10\/20250913_095254-Ehrenamtsmesse-scaled.jpg","datePublished":"2025-10-02T16:11:01+00:00","dateModified":"2026-01-23T14:56:48+00:00","breadcrumb":{"@id":"https:\/\/www.frabeg.de\/index.php\/2025\/10\/02\/frabeg-laengst-fester-teil-der-frankfurter-stadtgesellschaft\/#breadcrumb"},"inLanguage":"de","potentialAction":[{"@type":"ReadAction","target":["https:\/\/www.frabeg.de\/index.php\/2025\/10\/02\/frabeg-laengst-fester-teil-der-frankfurter-stadtgesellschaft\/"]}]},{"@type":"ImageObject","inLanguage":"de","@id":"https:\/\/www.frabeg.de\/index.php\/2025\/10\/02\/frabeg-laengst-fester-teil-der-frankfurter-stadtgesellschaft\/#primaryimage","url":"https:\/\/www.frabeg.de\/wp-content\/uploads\/2025\/10\/20250913_095254-Ehrenamtsmesse-scaled.jpg","contentUrl":"https:\/\/www.frabeg.de\/wp-content\/uploads\/2025\/10\/20250913_095254-Ehrenamtsmesse-scaled.jpg","width":2560,"height":1152,"caption":"Christian Stenglein (li.) und Markus Schaufler am Stand der FraBeG bei der Ehrenamtsmesse im R\u00f6mer."},{"@type":"BreadcrumbList","@id":"https:\/\/www.frabeg.de\/index.php\/2025\/10\/02\/frabeg-laengst-fester-teil-der-frankfurter-stadtgesellschaft\/#breadcrumb","itemListElement":[{"@type":"ListItem","position":1,"name":"Startseite","item":"https:\/\/www.frabeg.de\/"},{"@type":"ListItem","position":2,"name":"FraBeG \u2013 l\u00e4ngst fester Teil der Frankfurter Stadtgesellschaft"}]},{"@type":"WebSite","@id":"https:\/\/www.frabeg.de\/#website","url":"https:\/\/www.frabeg.de\/","name":"Frankfurter B\u00fcrgerenergiegenossenschaft eG","description":"Seien sie bei der Energiewende dabei","publisher":{"@id":"https:\/\/www.frabeg.de\/#organization"},"potentialAction":[{"@type":"SearchAction","target":{"@type":"EntryPoint","urlTemplate":"https:\/\/www.frabeg.de\/?s={search_term_string}"},"query-input":{"@type":"PropertyValueSpecification","valueRequired":true,"valueName":"search_term_string"}}],"inLanguage":"de"},{"@type":"Organization","@id":"https:\/\/www.frabeg.de\/#organization","name":"Frankfurter B\u00fcrgerenergiegenossenschaft eG","url":"https:\/\/www.frabeg.de\/","logo":{"@type":"ImageObject","inLanguage":"de","@id":"https:\/\/www.frabeg.de\/#\/schema\/logo\/image\/","url":"https:\/\/www.frabeg.de\/wp-content\/uploads\/2024\/05\/ar_FRB_LCI_Logo-C-04-b-HiRes_freistell_NEBENeinander_UM_0180424.png","contentUrl":"https:\/\/www.frabeg.de\/wp-content\/uploads\/2024\/05\/ar_FRB_LCI_Logo-C-04-b-HiRes_freistell_NEBENeinander_UM_0180424.png","width":8000,"height":3000,"caption":"Frankfurter B\u00fcrgerenergiegenossenschaft eG"},"image":{"@id":"https:\/\/www.frabeg.de\/#\/schema\/logo\/image\/"}},{"@type":"Person","@id":"https:\/\/www.frabeg.de\/#\/schema\/person\/581e01cefa7f04805f855d18805d5762","name":"admin","image":{"@type":"ImageObject","inLanguage":"de","@id":"https:\/\/secure.gravatar.com\/avatar\/76d187f7cecdac6652b9dcfaef58cda08a1823d0e12de71c5d9977b6c05cf1ae?s=96&d=mm&r=g","url":"https:\/\/secure.gravatar.com\/avatar\/76d187f7cecdac6652b9dcfaef58cda08a1823d0e12de71c5d9977b6c05cf1ae?s=96&d=mm&r=g","contentUrl":"https:\/\/secure.gravatar.com\/avatar\/76d187f7cecdac6652b9dcfaef58cda08a1823d0e12de71c5d9977b6c05cf1ae?s=96&d=mm&r=g","caption":"admin"},"sameAs":["https:\/\/www.frabeg.de"],"url":"https:\/\/www.frabeg.de\/index.php\/author\/fm_yismh9xu\/"}]}},"_links":{"self":[{"href":"https:\/\/www.frabeg.de\/index.php\/wp-json\/wp\/v2\/posts\/1579","targetHints":{"allow":["GET"]}}],"collection":[{"href":"https:\/\/www.frabeg.de\/index.php\/wp-json\/wp\/v2\/posts"}],"about":[{"href":"https:\/\/www.frabeg.de\/index.php\/wp-json\/wp\/v2\/types\/post"}],"author":[{"embeddable":true,"href":"https:\/\/www.frabeg.de\/index.php\/wp-json\/wp\/v2\/users\/1"}],"replies":[{"embeddable":true,"href":"https:\/\/www.frabeg.de\/index.php\/wp-json\/wp\/v2\/comments?post=1579"}],"version-history":[{"count":2,"href":"https:\/\/www.frabeg.de\/index.php\/wp-json\/wp\/v2\/posts\/1579\/revisions"}],"predecessor-version":[{"id":1804,"href":"https:\/\/www.frabeg.de\/index.php\/wp-json\/wp\/v2\/posts\/1579\/revisions\/1804"}],"wp:featuredmedia":[{"embeddable":true,"href":"https:\/\/www.frabeg.de\/index.php\/wp-json\/wp\/v2\/media\/1580"}],"wp:attachment":[{"href":"https:\/\/www.frabeg.de\/index.php\/wp-json\/wp\/v2\/media?parent=1579"}],"wp:term":[{"taxonomy":"category","embeddable":true,"href":"https:\/\/www.frabeg.de\/index.php\/wp-json\/wp\/v2\/categories?post=1579"},{"taxonomy":"post_tag","embeddable":true,"href":"https:\/\/www.frabeg.de\/index.php\/wp-json\/wp\/v2\/tags?post=1579"}],"curies":[{"name":"wp","href":"https:\/\/api.w.org\/{rel}","templated":true}]}}