{"id":1560,"date":"2025-06-17T20:52:34","date_gmt":"2025-06-17T18:52:34","guid":{"rendered":"https:\/\/www.frabeg.de\/?p=1560"},"modified":"2026-04-07T12:48:00","modified_gmt":"2026-04-07T10:48:00","slug":"frabeg-beim-tag-der-energiewende-am-21-juni-2025-in-dietzenbach","status":"publish","type":"post","link":"https:\/\/www.frabeg.de\/index.php\/2025\/06\/17\/frabeg-beim-tag-der-energiewende-am-21-juni-2025-in-dietzenbach\/","title":{"rendered":"FraBeG beim Tag der Energiewende am 21. Juni 2025 in Dietzenbach"},"content":{"rendered":"\n<p>Die Frankfurter B\u00fcrgerenergiegenossenschaft ist am Samstag, 21. Juni, in Dietzenbach beim \u201eTag der Energiewende\u201c vertreten, zu dem der Kreis Offenbach gemeinsam mit dem Verein \u201eByeByeBiblis \u2013 Energiewende in der Region e.V.\u201c&nbsp; einl\u00e4dt.<\/p>\n\n\n\n<p>Die Informationsmesse findet von 10.00 bis 17.00 Uhr rund um das Kreishaus in Dietzenbach statt. Sie richtet sich an Hausbesitzende, Mietende und alle, die sich f\u00fcr Klimaschutz und eine nachhaltige Energiezukunft interessieren. Der Eintritt ist frei.<\/p>\n\n\n\n<p>\u00dcber 30 Ausstellende pr\u00e4sentieren dort ihre Angebote, Projekte und Ideen f\u00fcr eine gelingende Energiewende. Erg\u00e4nzt wird die Messe durch ein Rahmenprogramm mit Fachvortr\u00e4gen, Diskussionsrunden und Mitmachaktionen f\u00fcr alle Altersgruppen.<\/p>\n\n\n\n<p>Im Mittelpunkt der Veranstaltung stehen praktische Ans\u00e4tze und L\u00f6sungen f\u00fcr den Klimaschutz und eine zukunftsf\u00e4hige Energieversorgung. Fachleute und Unternehmen aus der Region informieren \u00fcber Themen wie Photovoltaik, Solarthermie, Speichertechnologien, energetisches Bauen und Geb\u00e4udesanierung. Ziel ist es, B\u00fcrgerinnen und B\u00fcrger zu motivieren, selbst aktiv zu werden.<\/p>\n\n\n\n<p>\u201eBei der Messe werden wir die FraBeG nicht nur als Aussteller pr\u00e4sentieren, sondern wir werden unsere Mission auch im Rahmen einer Diskussions-Plattform um 16.10 Uhr vorstellen\u201c, k\u00fcndigte Andreas Heming, Vorsitzender des Aufsichtsrats der FraBeG an.<\/p>\n\n\n\n<p><strong>Wann: Samstag, 21. Juni, 10.00 bis 17.00 Uhr<\/strong><\/p>\n\n\n\n<p><strong>Wo: Kreishaus Dietzenbach, Werner-Hilpert-Stra\u00dfe&nbsp;1, 63128&nbsp;Dietzenbach<\/strong><\/p>\n\n\n\n<p><strong>Weitere Informationen: <\/strong><a href=\"http:\/\/www.kreis-offenbach.de\/tag-der-energiewende\" target=\"_blank\" rel=\"noreferrer noopener\"><strong>www.kreis-offenbach.de\/tag-der-energiewende<\/strong><\/a><strong>#<\/strong><\/p>\n\n\n\n<div class=\"wp-block-file\"><a id=\"wp-block-file--media-b67298a9-18e2-41ce-9e66-9a47c9d3047c\" href=\"https:\/\/www.frabeg.de\/wp-content\/uploads\/2025\/06\/Programm-Austeller-2025-Faltflyer-Tag-der-Energiewende.pdf\">Programm + Austeller 2025 Faltflyer Tag der Energiewende<\/a><a href=\"https:\/\/www.frabeg.de\/wp-content\/uploads\/2025\/06\/Programm-Austeller-2025-Faltflyer-Tag-der-Energiewende.pdf\" class=\"wp-block-file__button wp-element-button\" download aria-describedby=\"wp-block-file--media-b67298a9-18e2-41ce-9e66-9a47c9d3047c\">Herunterladen<\/a><\/div>\n\n\n\n<p><strong>Anfahrt: Parkpl\u00e4tze sind rund um das Kreishaus vorhanden. Der Bahnhof Dietzenbach-Mitte liegt zwei Minuten zu Fu\u00df entfernt. Dort h\u00e4lt die S-Bahn-Linie 2.<\/strong><\/p>\n\n\n\n<p><\/p>\n","protected":false},"excerpt":{"rendered":"<p>Die Frankfurter B\u00fcrgerenergiegenossenschaft ist am Samstag, 21. Juni, in Dietzenbach beim \u201eTag der Energiewende\u201c vertreten, zu dem der Kreis Offenbach gemeinsam mit dem Verein \u201eByeByeBiblis \u2013 Energiewende in der Region e.V.\u201c&nbsp; einl\u00e4dt. Die Informationsmesse findet von 10.00 bis 17.00 Uhr rund um das Kreishaus in Dietzenbach statt. Sie richtet sich an Hausbesitzende, Mietende und alle,&#8230;<\/p>\n","protected":false},"author":1,"featured_media":1454,"comment_status":"closed","ping_status":"open","sticky":false,"template":"","format":"standard","meta":{"_kadence_starter_templates_imported_post":false,"_kad_post_transparent":"","_kad_post_title":"","_kad_post_layout":"","_kad_post_sidebar_id":"","_kad_post_content_style":"","_kad_post_vertical_padding":"","_kad_post_feature":"","_kad_post_feature_position":"","_kad_post_header":false,"_kad_post_footer":false,"_kad_post_classname":"","footnotes":""},"categories":[1],"tags":[20,71,22,18],"class_list":["post-1560","post","type-post","status-publish","format-standard","has-post-thumbnail","hentry","category-allgemeine-news","tag-buergerenergiegenossenschaft","tag-dietzenbach","tag-energiewende","tag-frabeg"],"yoast_head":"<!-- This site is optimized with the Yoast SEO plugin v27.4 - https:\/\/yoast.com\/product\/yoast-seo-wordpress\/ -->\n<title>FraBeG beim Tag der Energiewende am 21. Juni 2025 in Dietzenbach - Frankfurter B\u00fcrgerenergiegenossenschaft eG<\/title>\n<meta name=\"description\" content=\"Die Frankfurter B\u00fcrgerenergiegenossenschaft ist am Samstag, 21. Juni, in Dietzenbach beim \u201eTag der Energiewende\u201c vertreten\" \/>\n<meta name=\"robots\" content=\"index, follow, max-snippet:-1, max-image-preview:large, max-video-preview:-1\" \/>\n<link rel=\"canonical\" href=\"https:\/\/www.frabeg.de\/index.php\/2025\/06\/17\/frabeg-beim-tag-der-energiewende-am-21-juni-2025-in-dietzenbach\/\" \/>\n<script type=\"application\/ld+json\" class=\"yoast-schema-graph\">{\"@context\":\"https:\\\/\\\/schema.org\",\"@graph\":[{\"@type\":\"Article\",\"@id\":\"https:\\\/\\\/www.frabeg.de\\\/index.php\\\/2025\\\/06\\\/17\\\/frabeg-beim-tag-der-energiewende-am-21-juni-2025-in-dietzenbach\\\/#article\",\"isPartOf\":{\"@id\":\"https:\\\/\\\/www.frabeg.de\\\/index.php\\\/2025\\\/06\\\/17\\\/frabeg-beim-tag-der-energiewende-am-21-juni-2025-in-dietzenbach\\\/\"},\"author\":{\"name\":\"admin\",\"@id\":\"https:\\\/\\\/www.frabeg.de\\\/#\\\/schema\\\/person\\\/581e01cefa7f04805f855d18805d5762\"},\"headline\":\"FraBeG beim Tag der Energiewende am 21. Juni 2025 in Dietzenbach\",\"datePublished\":\"2025-06-17T18:52:34+00:00\",\"dateModified\":\"2026-04-07T10:48:00+00:00\",\"mainEntityOfPage\":{\"@id\":\"https:\\\/\\\/www.frabeg.de\\\/index.php\\\/2025\\\/06\\\/17\\\/frabeg-beim-tag-der-energiewende-am-21-juni-2025-in-dietzenbach\\\/\"},\"wordCount\":248,\"publisher\":{\"@id\":\"https:\\\/\\\/www.frabeg.de\\\/#organization\"},\"image\":{\"@id\":\"https:\\\/\\\/www.frabeg.de\\\/index.php\\\/2025\\\/06\\\/17\\\/frabeg-beim-tag-der-energiewende-am-21-juni-2025-in-dietzenbach\\\/#primaryimage\"},\"thumbnailUrl\":\"https:\\\/\\\/www.frabeg.de\\\/wp-content\\\/uploads\\\/2025\\\/04\\\/ar_FRB_LCI_Logo-C-04-b-HiRes_freistell_UNTEReinander_UM_010324.png\",\"keywords\":[\"b\u00fcrgerenergiegenossenschaft\",\"dietzenbach\",\"energiewende\",\"frabeg\"],\"inLanguage\":\"de\"},{\"@type\":\"WebPage\",\"@id\":\"https:\\\/\\\/www.frabeg.de\\\/index.php\\\/2025\\\/06\\\/17\\\/frabeg-beim-tag-der-energiewende-am-21-juni-2025-in-dietzenbach\\\/\",\"url\":\"https:\\\/\\\/www.frabeg.de\\\/index.php\\\/2025\\\/06\\\/17\\\/frabeg-beim-tag-der-energiewende-am-21-juni-2025-in-dietzenbach\\\/\",\"name\":\"FraBeG beim Tag der Energiewende am 21. Juni 2025 in Dietzenbach - Frankfurter B\u00fcrgerenergiegenossenschaft eG\",\"isPartOf\":{\"@id\":\"https:\\\/\\\/www.frabeg.de\\\/#website\"},\"primaryImageOfPage\":{\"@id\":\"https:\\\/\\\/www.frabeg.de\\\/index.php\\\/2025\\\/06\\\/17\\\/frabeg-beim-tag-der-energiewende-am-21-juni-2025-in-dietzenbach\\\/#primaryimage\"},\"image\":{\"@id\":\"https:\\\/\\\/www.frabeg.de\\\/index.php\\\/2025\\\/06\\\/17\\\/frabeg-beim-tag-der-energiewende-am-21-juni-2025-in-dietzenbach\\\/#primaryimage\"},\"thumbnailUrl\":\"https:\\\/\\\/www.frabeg.de\\\/wp-content\\\/uploads\\\/2025\\\/04\\\/ar_FRB_LCI_Logo-C-04-b-HiRes_freistell_UNTEReinander_UM_010324.png\",\"datePublished\":\"2025-06-17T18:52:34+00:00\",\"dateModified\":\"2026-04-07T10:48:00+00:00\",\"description\":\"Die Frankfurter B\u00fcrgerenergiegenossenschaft ist am Samstag, 21. Juni, in Dietzenbach beim \u201eTag der Energiewende\u201c vertreten\",\"breadcrumb\":{\"@id\":\"https:\\\/\\\/www.frabeg.de\\\/index.php\\\/2025\\\/06\\\/17\\\/frabeg-beim-tag-der-energiewende-am-21-juni-2025-in-dietzenbach\\\/#breadcrumb\"},\"inLanguage\":\"de\",\"potentialAction\":[{\"@type\":\"ReadAction\",\"target\":[\"https:\\\/\\\/www.frabeg.de\\\/index.php\\\/2025\\\/06\\\/17\\\/frabeg-beim-tag-der-energiewende-am-21-juni-2025-in-dietzenbach\\\/\"]}]},{\"@type\":\"ImageObject\",\"inLanguage\":\"de\",\"@id\":\"https:\\\/\\\/www.frabeg.de\\\/index.php\\\/2025\\\/06\\\/17\\\/frabeg-beim-tag-der-energiewende-am-21-juni-2025-in-dietzenbach\\\/#primaryimage\",\"url\":\"https:\\\/\\\/www.frabeg.de\\\/wp-content\\\/uploads\\\/2025\\\/04\\\/ar_FRB_LCI_Logo-C-04-b-HiRes_freistell_UNTEReinander_UM_010324.png\",\"contentUrl\":\"https:\\\/\\\/www.frabeg.de\\\/wp-content\\\/uploads\\\/2025\\\/04\\\/ar_FRB_LCI_Logo-C-04-b-HiRes_freistell_UNTEReinander_UM_010324.png\",\"width\":6000,\"height\":6000},{\"@type\":\"BreadcrumbList\",\"@id\":\"https:\\\/\\\/www.frabeg.de\\\/index.php\\\/2025\\\/06\\\/17\\\/frabeg-beim-tag-der-energiewende-am-21-juni-2025-in-dietzenbach\\\/#breadcrumb\",\"itemListElement\":[{\"@type\":\"ListItem\",\"position\":1,\"name\":\"Startseite\",\"item\":\"https:\\\/\\\/www.frabeg.de\\\/\"},{\"@type\":\"ListItem\",\"position\":2,\"name\":\"FraBeG beim Tag der Energiewende am 21. Juni 2025 in Dietzenbach\"}]},{\"@type\":\"WebSite\",\"@id\":\"https:\\\/\\\/www.frabeg.de\\\/#website\",\"url\":\"https:\\\/\\\/www.frabeg.de\\\/\",\"name\":\"Frankfurter B\u00fcrgerenergiegenossenschaft eG\",\"description\":\"Seien sie bei der Energiewende dabei\",\"publisher\":{\"@id\":\"https:\\\/\\\/www.frabeg.de\\\/#organization\"},\"potentialAction\":[{\"@type\":\"SearchAction\",\"target\":{\"@type\":\"EntryPoint\",\"urlTemplate\":\"https:\\\/\\\/www.frabeg.de\\\/?s={search_term_string}\"},\"query-input\":{\"@type\":\"PropertyValueSpecification\",\"valueRequired\":true,\"valueName\":\"search_term_string\"}}],\"inLanguage\":\"de\"},{\"@type\":\"Organization\",\"@id\":\"https:\\\/\\\/www.frabeg.de\\\/#organization\",\"name\":\"Frankfurter B\u00fcrgerenergiegenossenschaft eG\",\"url\":\"https:\\\/\\\/www.frabeg.de\\\/\",\"logo\":{\"@type\":\"ImageObject\",\"inLanguage\":\"de\",\"@id\":\"https:\\\/\\\/www.frabeg.de\\\/#\\\/schema\\\/logo\\\/image\\\/\",\"url\":\"https:\\\/\\\/www.frabeg.de\\\/wp-content\\\/uploads\\\/2024\\\/05\\\/ar_FRB_LCI_Logo-C-04-b-HiRes_freistell_NEBENeinander_UM_0180424.png\",\"contentUrl\":\"https:\\\/\\\/www.frabeg.de\\\/wp-content\\\/uploads\\\/2024\\\/05\\\/ar_FRB_LCI_Logo-C-04-b-HiRes_freistell_NEBENeinander_UM_0180424.png\",\"width\":8000,\"height\":3000,\"caption\":\"Frankfurter B\u00fcrgerenergiegenossenschaft eG\"},\"image\":{\"@id\":\"https:\\\/\\\/www.frabeg.de\\\/#\\\/schema\\\/logo\\\/image\\\/\"}},{\"@type\":\"Person\",\"@id\":\"https:\\\/\\\/www.frabeg.de\\\/#\\\/schema\\\/person\\\/581e01cefa7f04805f855d18805d5762\",\"name\":\"admin\",\"image\":{\"@type\":\"ImageObject\",\"inLanguage\":\"de\",\"@id\":\"https:\\\/\\\/secure.gravatar.com\\\/avatar\\\/76d187f7cecdac6652b9dcfaef58cda08a1823d0e12de71c5d9977b6c05cf1ae?s=96&d=mm&r=g\",\"url\":\"https:\\\/\\\/secure.gravatar.com\\\/avatar\\\/76d187f7cecdac6652b9dcfaef58cda08a1823d0e12de71c5d9977b6c05cf1ae?s=96&d=mm&r=g\",\"contentUrl\":\"https:\\\/\\\/secure.gravatar.com\\\/avatar\\\/76d187f7cecdac6652b9dcfaef58cda08a1823d0e12de71c5d9977b6c05cf1ae?s=96&d=mm&r=g\",\"caption\":\"admin\"},\"sameAs\":[\"https:\\\/\\\/www.frabeg.de\"],\"url\":\"https:\\\/\\\/www.frabeg.de\\\/index.php\\\/author\\\/fm_yismh9xu\\\/\"}]}<\/script>\n<!-- \/ Yoast SEO plugin. -->","yoast_head_json":{"title":"FraBeG beim Tag der Energiewende am 21. Juni 2025 in Dietzenbach - Frankfurter B\u00fcrgerenergiegenossenschaft eG","description":"Die Frankfurter B\u00fcrgerenergiegenossenschaft ist am Samstag, 21. Juni, in Dietzenbach beim \u201eTag der Energiewende\u201c vertreten","robots":{"index":"index","follow":"follow","max-snippet":"max-snippet:-1","max-image-preview":"max-image-preview:large","max-video-preview":"max-video-preview:-1"},"canonical":"https:\/\/www.frabeg.de\/index.php\/2025\/06\/17\/frabeg-beim-tag-der-energiewende-am-21-juni-2025-in-dietzenbach\/","schema":{"@context":"https:\/\/schema.org","@graph":[{"@type":"Article","@id":"https:\/\/www.frabeg.de\/index.php\/2025\/06\/17\/frabeg-beim-tag-der-energiewende-am-21-juni-2025-in-dietzenbach\/#article","isPartOf":{"@id":"https:\/\/www.frabeg.de\/index.php\/2025\/06\/17\/frabeg-beim-tag-der-energiewende-am-21-juni-2025-in-dietzenbach\/"},"author":{"name":"admin","@id":"https:\/\/www.frabeg.de\/#\/schema\/person\/581e01cefa7f04805f855d18805d5762"},"headline":"FraBeG beim Tag der Energiewende am 21. Juni 2025 in Dietzenbach","datePublished":"2025-06-17T18:52:34+00:00","dateModified":"2026-04-07T10:48:00+00:00","mainEntityOfPage":{"@id":"https:\/\/www.frabeg.de\/index.php\/2025\/06\/17\/frabeg-beim-tag-der-energiewende-am-21-juni-2025-in-dietzenbach\/"},"wordCount":248,"publisher":{"@id":"https:\/\/www.frabeg.de\/#organization"},"image":{"@id":"https:\/\/www.frabeg.de\/index.php\/2025\/06\/17\/frabeg-beim-tag-der-energiewende-am-21-juni-2025-in-dietzenbach\/#primaryimage"},"thumbnailUrl":"https:\/\/www.frabeg.de\/wp-content\/uploads\/2025\/04\/ar_FRB_LCI_Logo-C-04-b-HiRes_freistell_UNTEReinander_UM_010324.png","keywords":["b\u00fcrgerenergiegenossenschaft","dietzenbach","energiewende","frabeg"],"inLanguage":"de"},{"@type":"WebPage","@id":"https:\/\/www.frabeg.de\/index.php\/2025\/06\/17\/frabeg-beim-tag-der-energiewende-am-21-juni-2025-in-dietzenbach\/","url":"https:\/\/www.frabeg.de\/index.php\/2025\/06\/17\/frabeg-beim-tag-der-energiewende-am-21-juni-2025-in-dietzenbach\/","name":"FraBeG beim Tag der Energiewende am 21. Juni 2025 in Dietzenbach - Frankfurter B\u00fcrgerenergiegenossenschaft eG","isPartOf":{"@id":"https:\/\/www.frabeg.de\/#website"},"primaryImageOfPage":{"@id":"https:\/\/www.frabeg.de\/index.php\/2025\/06\/17\/frabeg-beim-tag-der-energiewende-am-21-juni-2025-in-dietzenbach\/#primaryimage"},"image":{"@id":"https:\/\/www.frabeg.de\/index.php\/2025\/06\/17\/frabeg-beim-tag-der-energiewende-am-21-juni-2025-in-dietzenbach\/#primaryimage"},"thumbnailUrl":"https:\/\/www.frabeg.de\/wp-content\/uploads\/2025\/04\/ar_FRB_LCI_Logo-C-04-b-HiRes_freistell_UNTEReinander_UM_010324.png","datePublished":"2025-06-17T18:52:34+00:00","dateModified":"2026-04-07T10:48:00+00:00","description":"Die Frankfurter B\u00fcrgerenergiegenossenschaft ist am Samstag, 21. Juni, in Dietzenbach beim \u201eTag der Energiewende\u201c vertreten","breadcrumb":{"@id":"https:\/\/www.frabeg.de\/index.php\/2025\/06\/17\/frabeg-beim-tag-der-energiewende-am-21-juni-2025-in-dietzenbach\/#breadcrumb"},"inLanguage":"de","potentialAction":[{"@type":"ReadAction","target":["https:\/\/www.frabeg.de\/index.php\/2025\/06\/17\/frabeg-beim-tag-der-energiewende-am-21-juni-2025-in-dietzenbach\/"]}]},{"@type":"ImageObject","inLanguage":"de","@id":"https:\/\/www.frabeg.de\/index.php\/2025\/06\/17\/frabeg-beim-tag-der-energiewende-am-21-juni-2025-in-dietzenbach\/#primaryimage","url":"https:\/\/www.frabeg.de\/wp-content\/uploads\/2025\/04\/ar_FRB_LCI_Logo-C-04-b-HiRes_freistell_UNTEReinander_UM_010324.png","contentUrl":"https:\/\/www.frabeg.de\/wp-content\/uploads\/2025\/04\/ar_FRB_LCI_Logo-C-04-b-HiRes_freistell_UNTEReinander_UM_010324.png","width":6000,"height":6000},{"@type":"BreadcrumbList","@id":"https:\/\/www.frabeg.de\/index.php\/2025\/06\/17\/frabeg-beim-tag-der-energiewende-am-21-juni-2025-in-dietzenbach\/#breadcrumb","itemListElement":[{"@type":"ListItem","position":1,"name":"Startseite","item":"https:\/\/www.frabeg.de\/"},{"@type":"ListItem","position":2,"name":"FraBeG beim Tag der Energiewende am 21. Juni 2025 in Dietzenbach"}]},{"@type":"WebSite","@id":"https:\/\/www.frabeg.de\/#website","url":"https:\/\/www.frabeg.de\/","name":"Frankfurter B\u00fcrgerenergiegenossenschaft eG","description":"Seien sie bei der Energiewende dabei","publisher":{"@id":"https:\/\/www.frabeg.de\/#organization"},"potentialAction":[{"@type":"SearchAction","target":{"@type":"EntryPoint","urlTemplate":"https:\/\/www.frabeg.de\/?s={search_term_string}"},"query-input":{"@type":"PropertyValueSpecification","valueRequired":true,"valueName":"search_term_string"}}],"inLanguage":"de"},{"@type":"Organization","@id":"https:\/\/www.frabeg.de\/#organization","name":"Frankfurter B\u00fcrgerenergiegenossenschaft eG","url":"https:\/\/www.frabeg.de\/","logo":{"@type":"ImageObject","inLanguage":"de","@id":"https:\/\/www.frabeg.de\/#\/schema\/logo\/image\/","url":"https:\/\/www.frabeg.de\/wp-content\/uploads\/2024\/05\/ar_FRB_LCI_Logo-C-04-b-HiRes_freistell_NEBENeinander_UM_0180424.png","contentUrl":"https:\/\/www.frabeg.de\/wp-content\/uploads\/2024\/05\/ar_FRB_LCI_Logo-C-04-b-HiRes_freistell_NEBENeinander_UM_0180424.png","width":8000,"height":3000,"caption":"Frankfurter B\u00fcrgerenergiegenossenschaft eG"},"image":{"@id":"https:\/\/www.frabeg.de\/#\/schema\/logo\/image\/"}},{"@type":"Person","@id":"https:\/\/www.frabeg.de\/#\/schema\/person\/581e01cefa7f04805f855d18805d5762","name":"admin","image":{"@type":"ImageObject","inLanguage":"de","@id":"https:\/\/secure.gravatar.com\/avatar\/76d187f7cecdac6652b9dcfaef58cda08a1823d0e12de71c5d9977b6c05cf1ae?s=96&d=mm&r=g","url":"https:\/\/secure.gravatar.com\/avatar\/76d187f7cecdac6652b9dcfaef58cda08a1823d0e12de71c5d9977b6c05cf1ae?s=96&d=mm&r=g","contentUrl":"https:\/\/secure.gravatar.com\/avatar\/76d187f7cecdac6652b9dcfaef58cda08a1823d0e12de71c5d9977b6c05cf1ae?s=96&d=mm&r=g","caption":"admin"},"sameAs":["https:\/\/www.frabeg.de"],"url":"https:\/\/www.frabeg.de\/index.php\/author\/fm_yismh9xu\/"}]}},"_links":{"self":[{"href":"https:\/\/www.frabeg.de\/index.php\/wp-json\/wp\/v2\/posts\/1560","targetHints":{"allow":["GET"]}}],"collection":[{"href":"https:\/\/www.frabeg.de\/index.php\/wp-json\/wp\/v2\/posts"}],"about":[{"href":"https:\/\/www.frabeg.de\/index.php\/wp-json\/wp\/v2\/types\/post"}],"author":[{"embeddable":true,"href":"https:\/\/www.frabeg.de\/index.php\/wp-json\/wp\/v2\/users\/1"}],"replies":[{"embeddable":true,"href":"https:\/\/www.frabeg.de\/index.php\/wp-json\/wp\/v2\/comments?post=1560"}],"version-history":[{"count":6,"href":"https:\/\/www.frabeg.de\/index.php\/wp-json\/wp\/v2\/posts\/1560\/revisions"}],"predecessor-version":[{"id":1931,"href":"https:\/\/www.frabeg.de\/index.php\/wp-json\/wp\/v2\/posts\/1560\/revisions\/1931"}],"wp:featuredmedia":[{"embeddable":true,"href":"https:\/\/www.frabeg.de\/index.php\/wp-json\/wp\/v2\/media\/1454"}],"wp:attachment":[{"href":"https:\/\/www.frabeg.de\/index.php\/wp-json\/wp\/v2\/media?parent=1560"}],"wp:term":[{"taxonomy":"category","embeddable":true,"href":"https:\/\/www.frabeg.de\/index.php\/wp-json\/wp\/v2\/categories?post=1560"},{"taxonomy":"post_tag","embeddable":true,"href":"https:\/\/www.frabeg.de\/index.php\/wp-json\/wp\/v2\/tags?post=1560"}],"curies":[{"name":"wp","href":"https:\/\/api.w.org\/{rel}","templated":true}]}}