{"id":1556,"date":"2025-06-17T20:48:37","date_gmt":"2025-06-17T18:48:37","guid":{"rendered":"https:\/\/www.frabeg.de\/?p=1556"},"modified":"2026-01-23T15:59:51","modified_gmt":"2026-01-23T14:59:51","slug":"frabeg-moechte-aktiver-mitgestalter-der-waermewende-in-frankfurt-sein","status":"publish","type":"post","link":"https:\/\/www.frabeg.de\/index.php\/2025\/06\/17\/frabeg-moechte-aktiver-mitgestalter-der-waermewende-in-frankfurt-sein\/","title":{"rendered":"FraBeG m\u00f6chte aktiver Mitgestalter der W\u00e4rmewende in Frankfurt sein"},"content":{"rendered":"\n<p>Frankfurt\/Main. Die Frankfurter B\u00fcrgerenergiegenossenschaft (FraBeG) hat sich Anfang Juni bei einer Veranstaltung der Stadt Frankfurt \u00fcber den Stand der W\u00e4rmeplanung informiert. Gro\u00dfe St\u00e4dte wie Frankfurt m\u00fcssen bis Mitte 2026 eine kommunale W\u00e4rmeplanung vorlegen \u2013 das schreibt das W\u00e4rmeplanungsgesetz des Bundes vor.<\/p>\n\n\n\n<p>Bei der ersten \u00f6ffentlichen Informationsveranstaltung zu diesem Thema betonte Klima- und Umweltdezernentin Tina Zapf-Rodriguez, die W\u00e4rmeplanung sei ein wichtiger Schritt zur Erreichung der Klimaziele der Stadt. Mit der kommunalen W\u00e4rmeplanung wird definiert, wie die W\u00e4rmeversorgung k\u00fcnftig ohne fossile Brennstoffe gestaltet werden kann.<\/p>\n\n\n\n<p>Ermittelt werden in diesem Prozess die M\u00f6glichkeiten f\u00fcr eine klimaneutrale W\u00e4rmeversorgung, beispielsweise durch die Nutzung von Abw\u00e4rmequellen wie etwa aus Rechenzentren. Der W\u00e4rmesektor steht f\u00fcr 43 Prozent des Energiebedarfs &#8211; doch bislang speise sich die W\u00e4rmeversorgung \u00fcberwiegend aus fossilen Brennstoffen. \u201eDie W\u00e4rmewende betrifft die ganze Stadtgesellschaft\u201c, vom Einzelhandel \u00fcber den Mieter bis zur Stadtverwaltung, machte die Klima- und Umweltdezernentin klar.<\/p>\n\n\n\n<p>Alle Akteure in der Stadt seien bei dieser komplexen Aufgabe gefragt, betonte Tina Zapf-Rodriguez. Auch B\u00fcrgerenergiegenossenschaften wie die FraBeG \u201ek\u00f6nnen einen Beitrag zur W\u00e4rmewende leisten\u201c, betonte sie. In einem ersten Schritt wurden die bestehenden Versorgungsnetze analysiert. Diese sogenannte Eignungspr\u00fcfung ist zu dem Ergebnis gekommen, dass viele potenzielle W\u00e4rmequellen wie erneuerbare Energien und Abw\u00e4rme im gesamten Stadtgebiet verteilt sind.<\/p>\n\n\n\n<p>Untersucht werden sollte, in welchen Quartieren der Stadt ein Ausbau des bestehenden Fernw\u00e4rmenetzes oder die Erschlie\u00dfung \u00fcber Nahw\u00e4rme realistische Optionen sein k\u00f6nnen. Am Ende soll ein Zielszenario stehen, das Auskunft dar\u00fcber gibt, wie der Verlauf der Transformation hin zu einem klimaneutralen W\u00e4rmesystem aussehen kann. Diese gro\u00dfe Aufgabe werde \u201ekein Sprint, sondern ein Marathon sein\u201c, zeigte sich Tina Zapf-Rodriguez \u00fcberzeugt.<\/p>\n\n\n\n<p>\u201eDie FraBeG ist ein Partner, der auch bei der W\u00e4rmewende bereitsteht\u201c, machte Andreas Heming, Vorsitzender des Aufsichtsrats der FraBeG, deutlich. Am Stand der B\u00fcrgerenergiegenossenschaft am Rande der Veranstaltung nutzten Frankfurterinnen und Frankfurter die Gelegenheit, sich \u00fcber die Mitwirkung bei der FraBeG zu informieren. \u201eWir vernetzen uns hier vor Ort mit der B\u00fcrgerschaft, aber auch mit Vertreterinnen und Vertretern aus Politik und den Versorgern\u201c, sagte FraBeG-Vorstand Markus Schaufler.<\/p>\n\n\n<style>.kb-image1556_2c517b-f7 .kb-image-has-overlay:after{opacity:0.3;}<\/style>\n<figure class=\"wp-block-kadence-image kb-image1556_2c517b-f7 size-large\"><img decoding=\"async\" src=\"https:\/\/www.frabeg.de\/wp-content\/uploads\/2025\/06\/20250602_1703110-485x1024.jpg\" alt=\"\" class=\"kb-img wp-image-1557\"\/><figcaption>Frankfurts Klima- und Umweltdezernentin Tina Zapf-Rodriguez betonte<br>die Rolle, die Akteure wie die FraBeG bei der W\u00e4rmewende einnehmen k\u00f6nnen.<br>&nbsp;<\/figcaption><\/figure>\n\n\n\n<p class=\"has-small-font-size\">Titelbildunterschrift: Die Stadt Frankfurt hat zur ersten \u00f6ffentlichen Informationsveranstaltung \u00fcber die kommunale W\u00e4rmeplanung eingeladen \u2013 die FraBeG war bei der Infomesse dabei.<\/p>\n","protected":false},"excerpt":{"rendered":"<p>Frankfurt\/Main. Die Frankfurter B\u00fcrgerenergiegenossenschaft (FraBeG) hat sich Anfang Juni bei einer Veranstaltung der Stadt Frankfurt \u00fcber den Stand der W\u00e4rmeplanung informiert. Gro\u00dfe St\u00e4dte wie Frankfurt m\u00fcssen bis Mitte 2026 eine kommunale W\u00e4rmeplanung vorlegen \u2013 das schreibt das W\u00e4rmeplanungsgesetz des Bundes vor. Bei der ersten \u00f6ffentlichen Informationsveranstaltung zu diesem Thema betonte Klima- und Umweltdezernentin Tina Zapf-Rodriguez,&#8230;<\/p>\n","protected":false},"author":1,"featured_media":1558,"comment_status":"closed","ping_status":"open","sticky":false,"template":"","format":"standard","meta":{"_kadence_starter_templates_imported_post":false,"_kad_post_transparent":"","_kad_post_title":"","_kad_post_layout":"","_kad_post_sidebar_id":"","_kad_post_content_style":"","_kad_post_vertical_padding":"","_kad_post_feature":"","_kad_post_feature_position":"","_kad_post_header":false,"_kad_post_footer":false,"_kad_post_classname":"","footnotes":""},"categories":[1],"tags":[20,18,33,37,70],"class_list":["post-1556","post","type-post","status-publish","format-standard","has-post-thumbnail","hentry","category-allgemeine-news","tag-buergerenergiegenossenschaft","tag-frabeg","tag-frankfurt-riedberg","tag-stadt-frankfurt","tag-umweltdezernentin-tina-zapf-rodriduez"],"yoast_head":"<!-- This site is optimized with the Yoast SEO plugin v27.4 - https:\/\/yoast.com\/product\/yoast-seo-wordpress\/ -->\n<title>FraBeG m\u00f6chte aktiver Mitgestalter der W\u00e4rmewende in Frankfurt sein - Frankfurter B\u00fcrgerenergiegenossenschaft eG<\/title>\n<meta name=\"robots\" content=\"index, follow, max-snippet:-1, max-image-preview:large, max-video-preview:-1\" \/>\n<link rel=\"canonical\" href=\"https:\/\/www.frabeg.de\/index.php\/2025\/06\/17\/frabeg-moechte-aktiver-mitgestalter-der-waermewende-in-frankfurt-sein\/\" \/>\n<script type=\"application\/ld+json\" class=\"yoast-schema-graph\">{\"@context\":\"https:\\\/\\\/schema.org\",\"@graph\":[{\"@type\":\"Article\",\"@id\":\"https:\\\/\\\/www.frabeg.de\\\/index.php\\\/2025\\\/06\\\/17\\\/frabeg-moechte-aktiver-mitgestalter-der-waermewende-in-frankfurt-sein\\\/#article\",\"isPartOf\":{\"@id\":\"https:\\\/\\\/www.frabeg.de\\\/index.php\\\/2025\\\/06\\\/17\\\/frabeg-moechte-aktiver-mitgestalter-der-waermewende-in-frankfurt-sein\\\/\"},\"author\":{\"name\":\"admin\",\"@id\":\"https:\\\/\\\/www.frabeg.de\\\/#\\\/schema\\\/person\\\/581e01cefa7f04805f855d18805d5762\"},\"headline\":\"FraBeG m\u00f6chte aktiver Mitgestalter der W\u00e4rmewende in Frankfurt sein\",\"datePublished\":\"2025-06-17T18:48:37+00:00\",\"dateModified\":\"2026-01-23T14:59:51+00:00\",\"mainEntityOfPage\":{\"@id\":\"https:\\\/\\\/www.frabeg.de\\\/index.php\\\/2025\\\/06\\\/17\\\/frabeg-moechte-aktiver-mitgestalter-der-waermewende-in-frankfurt-sein\\\/\"},\"wordCount\":414,\"publisher\":{\"@id\":\"https:\\\/\\\/www.frabeg.de\\\/#organization\"},\"image\":{\"@id\":\"https:\\\/\\\/www.frabeg.de\\\/index.php\\\/2025\\\/06\\\/17\\\/frabeg-moechte-aktiver-mitgestalter-der-waermewende-in-frankfurt-sein\\\/#primaryimage\"},\"thumbnailUrl\":\"https:\\\/\\\/www.frabeg.de\\\/wp-content\\\/uploads\\\/2025\\\/06\\\/20250602_182319-scaled-e1750185816284.jpg\",\"keywords\":[\"b\u00fcrgerenergiegenossenschaft\",\"frabeg\",\"Frankfurt-Riedberg\",\"Stadt Frankfurt\",\"Umweltdezernentin Tina Zapf-Rodriduez\"],\"inLanguage\":\"de\"},{\"@type\":\"WebPage\",\"@id\":\"https:\\\/\\\/www.frabeg.de\\\/index.php\\\/2025\\\/06\\\/17\\\/frabeg-moechte-aktiver-mitgestalter-der-waermewende-in-frankfurt-sein\\\/\",\"url\":\"https:\\\/\\\/www.frabeg.de\\\/index.php\\\/2025\\\/06\\\/17\\\/frabeg-moechte-aktiver-mitgestalter-der-waermewende-in-frankfurt-sein\\\/\",\"name\":\"FraBeG m\u00f6chte aktiver Mitgestalter der W\u00e4rmewende in Frankfurt sein - Frankfurter B\u00fcrgerenergiegenossenschaft eG\",\"isPartOf\":{\"@id\":\"https:\\\/\\\/www.frabeg.de\\\/#website\"},\"primaryImageOfPage\":{\"@id\":\"https:\\\/\\\/www.frabeg.de\\\/index.php\\\/2025\\\/06\\\/17\\\/frabeg-moechte-aktiver-mitgestalter-der-waermewende-in-frankfurt-sein\\\/#primaryimage\"},\"image\":{\"@id\":\"https:\\\/\\\/www.frabeg.de\\\/index.php\\\/2025\\\/06\\\/17\\\/frabeg-moechte-aktiver-mitgestalter-der-waermewende-in-frankfurt-sein\\\/#primaryimage\"},\"thumbnailUrl\":\"https:\\\/\\\/www.frabeg.de\\\/wp-content\\\/uploads\\\/2025\\\/06\\\/20250602_182319-scaled-e1750185816284.jpg\",\"datePublished\":\"2025-06-17T18:48:37+00:00\",\"dateModified\":\"2026-01-23T14:59:51+00:00\",\"breadcrumb\":{\"@id\":\"https:\\\/\\\/www.frabeg.de\\\/index.php\\\/2025\\\/06\\\/17\\\/frabeg-moechte-aktiver-mitgestalter-der-waermewende-in-frankfurt-sein\\\/#breadcrumb\"},\"inLanguage\":\"de\",\"potentialAction\":[{\"@type\":\"ReadAction\",\"target\":[\"https:\\\/\\\/www.frabeg.de\\\/index.php\\\/2025\\\/06\\\/17\\\/frabeg-moechte-aktiver-mitgestalter-der-waermewende-in-frankfurt-sein\\\/\"]}]},{\"@type\":\"ImageObject\",\"inLanguage\":\"de\",\"@id\":\"https:\\\/\\\/www.frabeg.de\\\/index.php\\\/2025\\\/06\\\/17\\\/frabeg-moechte-aktiver-mitgestalter-der-waermewende-in-frankfurt-sein\\\/#primaryimage\",\"url\":\"https:\\\/\\\/www.frabeg.de\\\/wp-content\\\/uploads\\\/2025\\\/06\\\/20250602_182319-scaled-e1750185816284.jpg\",\"contentUrl\":\"https:\\\/\\\/www.frabeg.de\\\/wp-content\\\/uploads\\\/2025\\\/06\\\/20250602_182319-scaled-e1750185816284.jpg\",\"width\":1211,\"height\":2027,\"caption\":\"Die Stadt Frankfurt hat zur ersten \u00f6ffentlichen Informationsveranstaltung \u00fcber die kommunale W\u00e4rmeplanung eingeladen \u2013 die FraBeG war bei der Infomesse dabei.\"},{\"@type\":\"BreadcrumbList\",\"@id\":\"https:\\\/\\\/www.frabeg.de\\\/index.php\\\/2025\\\/06\\\/17\\\/frabeg-moechte-aktiver-mitgestalter-der-waermewende-in-frankfurt-sein\\\/#breadcrumb\",\"itemListElement\":[{\"@type\":\"ListItem\",\"position\":1,\"name\":\"Startseite\",\"item\":\"https:\\\/\\\/www.frabeg.de\\\/\"},{\"@type\":\"ListItem\",\"position\":2,\"name\":\"FraBeG m\u00f6chte aktiver Mitgestalter der W\u00e4rmewende in Frankfurt sein\"}]},{\"@type\":\"WebSite\",\"@id\":\"https:\\\/\\\/www.frabeg.de\\\/#website\",\"url\":\"https:\\\/\\\/www.frabeg.de\\\/\",\"name\":\"Frankfurter B\u00fcrgerenergiegenossenschaft eG\",\"description\":\"Seien sie bei der Energiewende dabei\",\"publisher\":{\"@id\":\"https:\\\/\\\/www.frabeg.de\\\/#organization\"},\"potentialAction\":[{\"@type\":\"SearchAction\",\"target\":{\"@type\":\"EntryPoint\",\"urlTemplate\":\"https:\\\/\\\/www.frabeg.de\\\/?s={search_term_string}\"},\"query-input\":{\"@type\":\"PropertyValueSpecification\",\"valueRequired\":true,\"valueName\":\"search_term_string\"}}],\"inLanguage\":\"de\"},{\"@type\":\"Organization\",\"@id\":\"https:\\\/\\\/www.frabeg.de\\\/#organization\",\"name\":\"Frankfurter B\u00fcrgerenergiegenossenschaft eG\",\"url\":\"https:\\\/\\\/www.frabeg.de\\\/\",\"logo\":{\"@type\":\"ImageObject\",\"inLanguage\":\"de\",\"@id\":\"https:\\\/\\\/www.frabeg.de\\\/#\\\/schema\\\/logo\\\/image\\\/\",\"url\":\"https:\\\/\\\/www.frabeg.de\\\/wp-content\\\/uploads\\\/2024\\\/05\\\/ar_FRB_LCI_Logo-C-04-b-HiRes_freistell_NEBENeinander_UM_0180424.png\",\"contentUrl\":\"https:\\\/\\\/www.frabeg.de\\\/wp-content\\\/uploads\\\/2024\\\/05\\\/ar_FRB_LCI_Logo-C-04-b-HiRes_freistell_NEBENeinander_UM_0180424.png\",\"width\":8000,\"height\":3000,\"caption\":\"Frankfurter B\u00fcrgerenergiegenossenschaft eG\"},\"image\":{\"@id\":\"https:\\\/\\\/www.frabeg.de\\\/#\\\/schema\\\/logo\\\/image\\\/\"}},{\"@type\":\"Person\",\"@id\":\"https:\\\/\\\/www.frabeg.de\\\/#\\\/schema\\\/person\\\/581e01cefa7f04805f855d18805d5762\",\"name\":\"admin\",\"image\":{\"@type\":\"ImageObject\",\"inLanguage\":\"de\",\"@id\":\"https:\\\/\\\/secure.gravatar.com\\\/avatar\\\/76d187f7cecdac6652b9dcfaef58cda08a1823d0e12de71c5d9977b6c05cf1ae?s=96&d=mm&r=g\",\"url\":\"https:\\\/\\\/secure.gravatar.com\\\/avatar\\\/76d187f7cecdac6652b9dcfaef58cda08a1823d0e12de71c5d9977b6c05cf1ae?s=96&d=mm&r=g\",\"contentUrl\":\"https:\\\/\\\/secure.gravatar.com\\\/avatar\\\/76d187f7cecdac6652b9dcfaef58cda08a1823d0e12de71c5d9977b6c05cf1ae?s=96&d=mm&r=g\",\"caption\":\"admin\"},\"sameAs\":[\"https:\\\/\\\/www.frabeg.de\"],\"url\":\"https:\\\/\\\/www.frabeg.de\\\/index.php\\\/author\\\/fm_yismh9xu\\\/\"}]}<\/script>\n<!-- \/ Yoast SEO plugin. -->","yoast_head_json":{"title":"FraBeG m\u00f6chte aktiver Mitgestalter der W\u00e4rmewende in Frankfurt sein - Frankfurter B\u00fcrgerenergiegenossenschaft eG","robots":{"index":"index","follow":"follow","max-snippet":"max-snippet:-1","max-image-preview":"max-image-preview:large","max-video-preview":"max-video-preview:-1"},"canonical":"https:\/\/www.frabeg.de\/index.php\/2025\/06\/17\/frabeg-moechte-aktiver-mitgestalter-der-waermewende-in-frankfurt-sein\/","schema":{"@context":"https:\/\/schema.org","@graph":[{"@type":"Article","@id":"https:\/\/www.frabeg.de\/index.php\/2025\/06\/17\/frabeg-moechte-aktiver-mitgestalter-der-waermewende-in-frankfurt-sein\/#article","isPartOf":{"@id":"https:\/\/www.frabeg.de\/index.php\/2025\/06\/17\/frabeg-moechte-aktiver-mitgestalter-der-waermewende-in-frankfurt-sein\/"},"author":{"name":"admin","@id":"https:\/\/www.frabeg.de\/#\/schema\/person\/581e01cefa7f04805f855d18805d5762"},"headline":"FraBeG m\u00f6chte aktiver Mitgestalter der W\u00e4rmewende in Frankfurt sein","datePublished":"2025-06-17T18:48:37+00:00","dateModified":"2026-01-23T14:59:51+00:00","mainEntityOfPage":{"@id":"https:\/\/www.frabeg.de\/index.php\/2025\/06\/17\/frabeg-moechte-aktiver-mitgestalter-der-waermewende-in-frankfurt-sein\/"},"wordCount":414,"publisher":{"@id":"https:\/\/www.frabeg.de\/#organization"},"image":{"@id":"https:\/\/www.frabeg.de\/index.php\/2025\/06\/17\/frabeg-moechte-aktiver-mitgestalter-der-waermewende-in-frankfurt-sein\/#primaryimage"},"thumbnailUrl":"https:\/\/www.frabeg.de\/wp-content\/uploads\/2025\/06\/20250602_182319-scaled-e1750185816284.jpg","keywords":["b\u00fcrgerenergiegenossenschaft","frabeg","Frankfurt-Riedberg","Stadt Frankfurt","Umweltdezernentin Tina Zapf-Rodriduez"],"inLanguage":"de"},{"@type":"WebPage","@id":"https:\/\/www.frabeg.de\/index.php\/2025\/06\/17\/frabeg-moechte-aktiver-mitgestalter-der-waermewende-in-frankfurt-sein\/","url":"https:\/\/www.frabeg.de\/index.php\/2025\/06\/17\/frabeg-moechte-aktiver-mitgestalter-der-waermewende-in-frankfurt-sein\/","name":"FraBeG m\u00f6chte aktiver Mitgestalter der W\u00e4rmewende in Frankfurt sein - Frankfurter B\u00fcrgerenergiegenossenschaft eG","isPartOf":{"@id":"https:\/\/www.frabeg.de\/#website"},"primaryImageOfPage":{"@id":"https:\/\/www.frabeg.de\/index.php\/2025\/06\/17\/frabeg-moechte-aktiver-mitgestalter-der-waermewende-in-frankfurt-sein\/#primaryimage"},"image":{"@id":"https:\/\/www.frabeg.de\/index.php\/2025\/06\/17\/frabeg-moechte-aktiver-mitgestalter-der-waermewende-in-frankfurt-sein\/#primaryimage"},"thumbnailUrl":"https:\/\/www.frabeg.de\/wp-content\/uploads\/2025\/06\/20250602_182319-scaled-e1750185816284.jpg","datePublished":"2025-06-17T18:48:37+00:00","dateModified":"2026-01-23T14:59:51+00:00","breadcrumb":{"@id":"https:\/\/www.frabeg.de\/index.php\/2025\/06\/17\/frabeg-moechte-aktiver-mitgestalter-der-waermewende-in-frankfurt-sein\/#breadcrumb"},"inLanguage":"de","potentialAction":[{"@type":"ReadAction","target":["https:\/\/www.frabeg.de\/index.php\/2025\/06\/17\/frabeg-moechte-aktiver-mitgestalter-der-waermewende-in-frankfurt-sein\/"]}]},{"@type":"ImageObject","inLanguage":"de","@id":"https:\/\/www.frabeg.de\/index.php\/2025\/06\/17\/frabeg-moechte-aktiver-mitgestalter-der-waermewende-in-frankfurt-sein\/#primaryimage","url":"https:\/\/www.frabeg.de\/wp-content\/uploads\/2025\/06\/20250602_182319-scaled-e1750185816284.jpg","contentUrl":"https:\/\/www.frabeg.de\/wp-content\/uploads\/2025\/06\/20250602_182319-scaled-e1750185816284.jpg","width":1211,"height":2027,"caption":"Die Stadt Frankfurt hat zur ersten \u00f6ffentlichen Informationsveranstaltung \u00fcber die kommunale W\u00e4rmeplanung eingeladen \u2013 die FraBeG war bei der Infomesse dabei."},{"@type":"BreadcrumbList","@id":"https:\/\/www.frabeg.de\/index.php\/2025\/06\/17\/frabeg-moechte-aktiver-mitgestalter-der-waermewende-in-frankfurt-sein\/#breadcrumb","itemListElement":[{"@type":"ListItem","position":1,"name":"Startseite","item":"https:\/\/www.frabeg.de\/"},{"@type":"ListItem","position":2,"name":"FraBeG m\u00f6chte aktiver Mitgestalter der W\u00e4rmewende in Frankfurt sein"}]},{"@type":"WebSite","@id":"https:\/\/www.frabeg.de\/#website","url":"https:\/\/www.frabeg.de\/","name":"Frankfurter B\u00fcrgerenergiegenossenschaft eG","description":"Seien sie bei der Energiewende dabei","publisher":{"@id":"https:\/\/www.frabeg.de\/#organization"},"potentialAction":[{"@type":"SearchAction","target":{"@type":"EntryPoint","urlTemplate":"https:\/\/www.frabeg.de\/?s={search_term_string}"},"query-input":{"@type":"PropertyValueSpecification","valueRequired":true,"valueName":"search_term_string"}}],"inLanguage":"de"},{"@type":"Organization","@id":"https:\/\/www.frabeg.de\/#organization","name":"Frankfurter B\u00fcrgerenergiegenossenschaft eG","url":"https:\/\/www.frabeg.de\/","logo":{"@type":"ImageObject","inLanguage":"de","@id":"https:\/\/www.frabeg.de\/#\/schema\/logo\/image\/","url":"https:\/\/www.frabeg.de\/wp-content\/uploads\/2024\/05\/ar_FRB_LCI_Logo-C-04-b-HiRes_freistell_NEBENeinander_UM_0180424.png","contentUrl":"https:\/\/www.frabeg.de\/wp-content\/uploads\/2024\/05\/ar_FRB_LCI_Logo-C-04-b-HiRes_freistell_NEBENeinander_UM_0180424.png","width":8000,"height":3000,"caption":"Frankfurter B\u00fcrgerenergiegenossenschaft eG"},"image":{"@id":"https:\/\/www.frabeg.de\/#\/schema\/logo\/image\/"}},{"@type":"Person","@id":"https:\/\/www.frabeg.de\/#\/schema\/person\/581e01cefa7f04805f855d18805d5762","name":"admin","image":{"@type":"ImageObject","inLanguage":"de","@id":"https:\/\/secure.gravatar.com\/avatar\/76d187f7cecdac6652b9dcfaef58cda08a1823d0e12de71c5d9977b6c05cf1ae?s=96&d=mm&r=g","url":"https:\/\/secure.gravatar.com\/avatar\/76d187f7cecdac6652b9dcfaef58cda08a1823d0e12de71c5d9977b6c05cf1ae?s=96&d=mm&r=g","contentUrl":"https:\/\/secure.gravatar.com\/avatar\/76d187f7cecdac6652b9dcfaef58cda08a1823d0e12de71c5d9977b6c05cf1ae?s=96&d=mm&r=g","caption":"admin"},"sameAs":["https:\/\/www.frabeg.de"],"url":"https:\/\/www.frabeg.de\/index.php\/author\/fm_yismh9xu\/"}]}},"_links":{"self":[{"href":"https:\/\/www.frabeg.de\/index.php\/wp-json\/wp\/v2\/posts\/1556","targetHints":{"allow":["GET"]}}],"collection":[{"href":"https:\/\/www.frabeg.de\/index.php\/wp-json\/wp\/v2\/posts"}],"about":[{"href":"https:\/\/www.frabeg.de\/index.php\/wp-json\/wp\/v2\/types\/post"}],"author":[{"embeddable":true,"href":"https:\/\/www.frabeg.de\/index.php\/wp-json\/wp\/v2\/users\/1"}],"replies":[{"embeddable":true,"href":"https:\/\/www.frabeg.de\/index.php\/wp-json\/wp\/v2\/comments?post=1556"}],"version-history":[{"count":2,"href":"https:\/\/www.frabeg.de\/index.php\/wp-json\/wp\/v2\/posts\/1556\/revisions"}],"predecessor-version":[{"id":1806,"href":"https:\/\/www.frabeg.de\/index.php\/wp-json\/wp\/v2\/posts\/1556\/revisions\/1806"}],"wp:featuredmedia":[{"embeddable":true,"href":"https:\/\/www.frabeg.de\/index.php\/wp-json\/wp\/v2\/media\/1558"}],"wp:attachment":[{"href":"https:\/\/www.frabeg.de\/index.php\/wp-json\/wp\/v2\/media?parent=1556"}],"wp:term":[{"taxonomy":"category","embeddable":true,"href":"https:\/\/www.frabeg.de\/index.php\/wp-json\/wp\/v2\/categories?post=1556"},{"taxonomy":"post_tag","embeddable":true,"href":"https:\/\/www.frabeg.de\/index.php\/wp-json\/wp\/v2\/tags?post=1556"}],"curies":[{"name":"wp","href":"https:\/\/api.w.org\/{rel}","templated":true}]}}