{"id":1552,"date":"2025-06-17T20:33:19","date_gmt":"2025-06-17T18:33:19","guid":{"rendered":"https:\/\/www.frabeg.de\/?p=1552"},"modified":"2026-04-07T12:49:39","modified_gmt":"2026-04-07T10:49:39","slug":"frabeg-nimmt-am-buergerenergie-konvent-in-berlin-teil","status":"publish","type":"post","link":"https:\/\/www.frabeg.de\/index.php\/2025\/06\/17\/frabeg-nimmt-am-buergerenergie-konvent-in-berlin-teil\/","title":{"rendered":"FraBeG nimmt am B\u00fcrgerenergie-Konvent in Berlin teil"},"content":{"rendered":"\n<p>Frankfurt\/Main. Die Frankfurter B\u00fcrgerenergiegenossenschaft (FraBeG) hat im Mai in Berlin am B\u00fcrgerenergie-Konvent des B\u00fcndnis B\u00fcrgerenergie e.V. (BBEn) teilgenommen. Er stand unter dem Motto <strong>\u201eDemokratisch, vielf\u00e4ltig und innovativ\u201c. <\/strong>FraBeG-Vorstand Markus Schaufler war bei der zweit\u00e4gigen Veranstaltung zusammen mit rund 260 Teilnehmenden aus ganz Deutschland dabei.<\/p>\n\n\n\n<p>Der Verein der B\u00fcrgerenergiegesellschaften organisiert jedes Jahr ein Treffen aller BEGs. Auf dem gro\u00dfen Vernetzungstreffen der B\u00fcrgerenergie ging es um aktuelle politische Entwicklungen und Rahmenbedingungen f\u00fcr die B\u00fcrgerenergie. Zudem wurden in vielen Workshops Praxiserfahrungen geteilt.<\/p>\n\n\n\n<p>\u201eEs ging uns darum, neue Impulse f\u00fcr die FraBeG zu finden und von anderen zu lernen\u201c, erl\u00e4utert Markus Schaufler. \u201eWir konnten vieles mitnehmen, was in den n\u00e4chsten Sitzungen des Vorstands bewertet wird und auf unsere mittel- und langfristigen Zeitschiene gelegt wird\u201c, so der FraBeG-Vorstand.<\/p>\n\n\n\n<p>Der BBEn veranstaltet den Konvent seit mehr als zehn Jahren \u2013 der diesj\u00e4hrige war der bisher am besten besuchte. Die B\u00fcrgerenergie bringt bundesweit tatkr\u00e4ftig die Energiewende voran \u2013 \u201eund sie ist bereit, noch mehr Verantwortung f\u00fcr die Energiewende zu \u00fcbernehmen\u201c, so das Fazit der Veranstalter. \u201eDas gilt auch f\u00fcr die noch junge FraBeG\u201c, betont Markus Schaufler. Die Frankfurter B\u00fcrgerenergiegenossenschaft wurde im vergangenen Jahr gegr\u00fcndet und hat aktuell rund 130 Mitglieder.<\/p>\n","protected":false},"excerpt":{"rendered":"<p>Frankfurt\/Main. Die Frankfurter B\u00fcrgerenergiegenossenschaft (FraBeG) hat im Mai in Berlin am B\u00fcrgerenergie-Konvent des B\u00fcndnis B\u00fcrgerenergie e.V. (BBEn) teilgenommen. Er stand unter dem Motto \u201eDemokratisch, vielf\u00e4ltig und innovativ\u201c. FraBeG-Vorstand Markus Schaufler war bei der zweit\u00e4gigen Veranstaltung zusammen mit rund 260 Teilnehmenden aus ganz Deutschland dabei. Der Verein der B\u00fcrgerenergiegesellschaften organisiert jedes Jahr ein Treffen aller BEGs&#8230;.<\/p>\n","protected":false},"author":1,"featured_media":1553,"comment_status":"closed","ping_status":"open","sticky":false,"template":"","format":"standard","meta":{"_kadence_starter_templates_imported_post":false,"_kad_post_transparent":"","_kad_post_title":"","_kad_post_layout":"","_kad_post_sidebar_id":"","_kad_post_content_style":"","_kad_post_vertical_padding":"","_kad_post_feature":"","_kad_post_feature_position":"","_kad_post_header":false,"_kad_post_footer":false,"_kad_post_classname":"","footnotes":""},"categories":[1],"tags":[69,66,18,68,67],"class_list":["post-1552","post","type-post","status-publish","format-standard","has-post-thumbnail","hentry","category-allgemeine-news","tag-buergerengergie-konvent-berlin","tag-demokratisch","tag-frabeg","tag-innovativ","tag-vielfaeltig"],"yoast_head":"<!-- This site is optimized with the Yoast SEO plugin v27.4 - https:\/\/yoast.com\/product\/yoast-seo-wordpress\/ -->\n<title>FraBeG nimmt am B\u00fcrgerenergie-Konvent in Berlin teil - Frankfurter B\u00fcrgerenergiegenossenschaft eG<\/title>\n<meta name=\"robots\" content=\"index, follow, max-snippet:-1, max-image-preview:large, max-video-preview:-1\" \/>\n<link rel=\"canonical\" href=\"https:\/\/www.frabeg.de\/index.php\/2025\/06\/17\/frabeg-nimmt-am-buergerenergie-konvent-in-berlin-teil\/\" \/>\n<script type=\"application\/ld+json\" class=\"yoast-schema-graph\">{\"@context\":\"https:\\\/\\\/schema.org\",\"@graph\":[{\"@type\":\"Article\",\"@id\":\"https:\\\/\\\/www.frabeg.de\\\/index.php\\\/2025\\\/06\\\/17\\\/frabeg-nimmt-am-buergerenergie-konvent-in-berlin-teil\\\/#article\",\"isPartOf\":{\"@id\":\"https:\\\/\\\/www.frabeg.de\\\/index.php\\\/2025\\\/06\\\/17\\\/frabeg-nimmt-am-buergerenergie-konvent-in-berlin-teil\\\/\"},\"author\":{\"name\":\"admin\",\"@id\":\"https:\\\/\\\/www.frabeg.de\\\/#\\\/schema\\\/person\\\/581e01cefa7f04805f855d18805d5762\"},\"headline\":\"FraBeG nimmt am B\u00fcrgerenergie-Konvent in Berlin teil\",\"datePublished\":\"2025-06-17T18:33:19+00:00\",\"dateModified\":\"2026-04-07T10:49:39+00:00\",\"mainEntityOfPage\":{\"@id\":\"https:\\\/\\\/www.frabeg.de\\\/index.php\\\/2025\\\/06\\\/17\\\/frabeg-nimmt-am-buergerenergie-konvent-in-berlin-teil\\\/\"},\"wordCount\":220,\"publisher\":{\"@id\":\"https:\\\/\\\/www.frabeg.de\\\/#organization\"},\"image\":{\"@id\":\"https:\\\/\\\/www.frabeg.de\\\/index.php\\\/2025\\\/06\\\/17\\\/frabeg-nimmt-am-buergerenergie-konvent-in-berlin-teil\\\/#primaryimage\"},\"thumbnailUrl\":\"https:\\\/\\\/www.frabeg.de\\\/wp-content\\\/uploads\\\/2025\\\/06\\\/1ad132b0-247c-4140-8830-5889baa40f3e1-scaled-e1750185358990.jpg\",\"keywords\":[\"B\u00fcrgerengergie-Konvent Berlin\",\"demokratisch\",\"frabeg\",\"innovativ\",\"vielf\u00e4ltig\"],\"inLanguage\":\"de\"},{\"@type\":\"WebPage\",\"@id\":\"https:\\\/\\\/www.frabeg.de\\\/index.php\\\/2025\\\/06\\\/17\\\/frabeg-nimmt-am-buergerenergie-konvent-in-berlin-teil\\\/\",\"url\":\"https:\\\/\\\/www.frabeg.de\\\/index.php\\\/2025\\\/06\\\/17\\\/frabeg-nimmt-am-buergerenergie-konvent-in-berlin-teil\\\/\",\"name\":\"FraBeG nimmt am B\u00fcrgerenergie-Konvent in Berlin teil - Frankfurter B\u00fcrgerenergiegenossenschaft eG\",\"isPartOf\":{\"@id\":\"https:\\\/\\\/www.frabeg.de\\\/#website\"},\"primaryImageOfPage\":{\"@id\":\"https:\\\/\\\/www.frabeg.de\\\/index.php\\\/2025\\\/06\\\/17\\\/frabeg-nimmt-am-buergerenergie-konvent-in-berlin-teil\\\/#primaryimage\"},\"image\":{\"@id\":\"https:\\\/\\\/www.frabeg.de\\\/index.php\\\/2025\\\/06\\\/17\\\/frabeg-nimmt-am-buergerenergie-konvent-in-berlin-teil\\\/#primaryimage\"},\"thumbnailUrl\":\"https:\\\/\\\/www.frabeg.de\\\/wp-content\\\/uploads\\\/2025\\\/06\\\/1ad132b0-247c-4140-8830-5889baa40f3e1-scaled-e1750185358990.jpg\",\"datePublished\":\"2025-06-17T18:33:19+00:00\",\"dateModified\":\"2026-04-07T10:49:39+00:00\",\"breadcrumb\":{\"@id\":\"https:\\\/\\\/www.frabeg.de\\\/index.php\\\/2025\\\/06\\\/17\\\/frabeg-nimmt-am-buergerenergie-konvent-in-berlin-teil\\\/#breadcrumb\"},\"inLanguage\":\"de\",\"potentialAction\":[{\"@type\":\"ReadAction\",\"target\":[\"https:\\\/\\\/www.frabeg.de\\\/index.php\\\/2025\\\/06\\\/17\\\/frabeg-nimmt-am-buergerenergie-konvent-in-berlin-teil\\\/\"]}]},{\"@type\":\"ImageObject\",\"inLanguage\":\"de\",\"@id\":\"https:\\\/\\\/www.frabeg.de\\\/index.php\\\/2025\\\/06\\\/17\\\/frabeg-nimmt-am-buergerenergie-konvent-in-berlin-teil\\\/#primaryimage\",\"url\":\"https:\\\/\\\/www.frabeg.de\\\/wp-content\\\/uploads\\\/2025\\\/06\\\/1ad132b0-247c-4140-8830-5889baa40f3e1-scaled-e1750185358990.jpg\",\"contentUrl\":\"https:\\\/\\\/www.frabeg.de\\\/wp-content\\\/uploads\\\/2025\\\/06\\\/1ad132b0-247c-4140-8830-5889baa40f3e1-scaled-e1750185358990.jpg\",\"width\":2179,\"height\":1880},{\"@type\":\"BreadcrumbList\",\"@id\":\"https:\\\/\\\/www.frabeg.de\\\/index.php\\\/2025\\\/06\\\/17\\\/frabeg-nimmt-am-buergerenergie-konvent-in-berlin-teil\\\/#breadcrumb\",\"itemListElement\":[{\"@type\":\"ListItem\",\"position\":1,\"name\":\"Startseite\",\"item\":\"https:\\\/\\\/www.frabeg.de\\\/\"},{\"@type\":\"ListItem\",\"position\":2,\"name\":\"FraBeG nimmt am B\u00fcrgerenergie-Konvent in Berlin teil\"}]},{\"@type\":\"WebSite\",\"@id\":\"https:\\\/\\\/www.frabeg.de\\\/#website\",\"url\":\"https:\\\/\\\/www.frabeg.de\\\/\",\"name\":\"Frankfurter B\u00fcrgerenergiegenossenschaft eG\",\"description\":\"Seien sie bei der Energiewende dabei\",\"publisher\":{\"@id\":\"https:\\\/\\\/www.frabeg.de\\\/#organization\"},\"potentialAction\":[{\"@type\":\"SearchAction\",\"target\":{\"@type\":\"EntryPoint\",\"urlTemplate\":\"https:\\\/\\\/www.frabeg.de\\\/?s={search_term_string}\"},\"query-input\":{\"@type\":\"PropertyValueSpecification\",\"valueRequired\":true,\"valueName\":\"search_term_string\"}}],\"inLanguage\":\"de\"},{\"@type\":\"Organization\",\"@id\":\"https:\\\/\\\/www.frabeg.de\\\/#organization\",\"name\":\"Frankfurter B\u00fcrgerenergiegenossenschaft eG\",\"url\":\"https:\\\/\\\/www.frabeg.de\\\/\",\"logo\":{\"@type\":\"ImageObject\",\"inLanguage\":\"de\",\"@id\":\"https:\\\/\\\/www.frabeg.de\\\/#\\\/schema\\\/logo\\\/image\\\/\",\"url\":\"https:\\\/\\\/www.frabeg.de\\\/wp-content\\\/uploads\\\/2024\\\/05\\\/ar_FRB_LCI_Logo-C-04-b-HiRes_freistell_NEBENeinander_UM_0180424.png\",\"contentUrl\":\"https:\\\/\\\/www.frabeg.de\\\/wp-content\\\/uploads\\\/2024\\\/05\\\/ar_FRB_LCI_Logo-C-04-b-HiRes_freistell_NEBENeinander_UM_0180424.png\",\"width\":8000,\"height\":3000,\"caption\":\"Frankfurter B\u00fcrgerenergiegenossenschaft eG\"},\"image\":{\"@id\":\"https:\\\/\\\/www.frabeg.de\\\/#\\\/schema\\\/logo\\\/image\\\/\"}},{\"@type\":\"Person\",\"@id\":\"https:\\\/\\\/www.frabeg.de\\\/#\\\/schema\\\/person\\\/581e01cefa7f04805f855d18805d5762\",\"name\":\"admin\",\"image\":{\"@type\":\"ImageObject\",\"inLanguage\":\"de\",\"@id\":\"https:\\\/\\\/secure.gravatar.com\\\/avatar\\\/76d187f7cecdac6652b9dcfaef58cda08a1823d0e12de71c5d9977b6c05cf1ae?s=96&d=mm&r=g\",\"url\":\"https:\\\/\\\/secure.gravatar.com\\\/avatar\\\/76d187f7cecdac6652b9dcfaef58cda08a1823d0e12de71c5d9977b6c05cf1ae?s=96&d=mm&r=g\",\"contentUrl\":\"https:\\\/\\\/secure.gravatar.com\\\/avatar\\\/76d187f7cecdac6652b9dcfaef58cda08a1823d0e12de71c5d9977b6c05cf1ae?s=96&d=mm&r=g\",\"caption\":\"admin\"},\"sameAs\":[\"https:\\\/\\\/www.frabeg.de\"],\"url\":\"https:\\\/\\\/www.frabeg.de\\\/index.php\\\/author\\\/fm_yismh9xu\\\/\"}]}<\/script>\n<!-- \/ Yoast SEO plugin. -->","yoast_head_json":{"title":"FraBeG nimmt am B\u00fcrgerenergie-Konvent in Berlin teil - Frankfurter B\u00fcrgerenergiegenossenschaft eG","robots":{"index":"index","follow":"follow","max-snippet":"max-snippet:-1","max-image-preview":"max-image-preview:large","max-video-preview":"max-video-preview:-1"},"canonical":"https:\/\/www.frabeg.de\/index.php\/2025\/06\/17\/frabeg-nimmt-am-buergerenergie-konvent-in-berlin-teil\/","schema":{"@context":"https:\/\/schema.org","@graph":[{"@type":"Article","@id":"https:\/\/www.frabeg.de\/index.php\/2025\/06\/17\/frabeg-nimmt-am-buergerenergie-konvent-in-berlin-teil\/#article","isPartOf":{"@id":"https:\/\/www.frabeg.de\/index.php\/2025\/06\/17\/frabeg-nimmt-am-buergerenergie-konvent-in-berlin-teil\/"},"author":{"name":"admin","@id":"https:\/\/www.frabeg.de\/#\/schema\/person\/581e01cefa7f04805f855d18805d5762"},"headline":"FraBeG nimmt am B\u00fcrgerenergie-Konvent in Berlin teil","datePublished":"2025-06-17T18:33:19+00:00","dateModified":"2026-04-07T10:49:39+00:00","mainEntityOfPage":{"@id":"https:\/\/www.frabeg.de\/index.php\/2025\/06\/17\/frabeg-nimmt-am-buergerenergie-konvent-in-berlin-teil\/"},"wordCount":220,"publisher":{"@id":"https:\/\/www.frabeg.de\/#organization"},"image":{"@id":"https:\/\/www.frabeg.de\/index.php\/2025\/06\/17\/frabeg-nimmt-am-buergerenergie-konvent-in-berlin-teil\/#primaryimage"},"thumbnailUrl":"https:\/\/www.frabeg.de\/wp-content\/uploads\/2025\/06\/1ad132b0-247c-4140-8830-5889baa40f3e1-scaled-e1750185358990.jpg","keywords":["B\u00fcrgerengergie-Konvent Berlin","demokratisch","frabeg","innovativ","vielf\u00e4ltig"],"inLanguage":"de"},{"@type":"WebPage","@id":"https:\/\/www.frabeg.de\/index.php\/2025\/06\/17\/frabeg-nimmt-am-buergerenergie-konvent-in-berlin-teil\/","url":"https:\/\/www.frabeg.de\/index.php\/2025\/06\/17\/frabeg-nimmt-am-buergerenergie-konvent-in-berlin-teil\/","name":"FraBeG nimmt am B\u00fcrgerenergie-Konvent in Berlin teil - Frankfurter B\u00fcrgerenergiegenossenschaft eG","isPartOf":{"@id":"https:\/\/www.frabeg.de\/#website"},"primaryImageOfPage":{"@id":"https:\/\/www.frabeg.de\/index.php\/2025\/06\/17\/frabeg-nimmt-am-buergerenergie-konvent-in-berlin-teil\/#primaryimage"},"image":{"@id":"https:\/\/www.frabeg.de\/index.php\/2025\/06\/17\/frabeg-nimmt-am-buergerenergie-konvent-in-berlin-teil\/#primaryimage"},"thumbnailUrl":"https:\/\/www.frabeg.de\/wp-content\/uploads\/2025\/06\/1ad132b0-247c-4140-8830-5889baa40f3e1-scaled-e1750185358990.jpg","datePublished":"2025-06-17T18:33:19+00:00","dateModified":"2026-04-07T10:49:39+00:00","breadcrumb":{"@id":"https:\/\/www.frabeg.de\/index.php\/2025\/06\/17\/frabeg-nimmt-am-buergerenergie-konvent-in-berlin-teil\/#breadcrumb"},"inLanguage":"de","potentialAction":[{"@type":"ReadAction","target":["https:\/\/www.frabeg.de\/index.php\/2025\/06\/17\/frabeg-nimmt-am-buergerenergie-konvent-in-berlin-teil\/"]}]},{"@type":"ImageObject","inLanguage":"de","@id":"https:\/\/www.frabeg.de\/index.php\/2025\/06\/17\/frabeg-nimmt-am-buergerenergie-konvent-in-berlin-teil\/#primaryimage","url":"https:\/\/www.frabeg.de\/wp-content\/uploads\/2025\/06\/1ad132b0-247c-4140-8830-5889baa40f3e1-scaled-e1750185358990.jpg","contentUrl":"https:\/\/www.frabeg.de\/wp-content\/uploads\/2025\/06\/1ad132b0-247c-4140-8830-5889baa40f3e1-scaled-e1750185358990.jpg","width":2179,"height":1880},{"@type":"BreadcrumbList","@id":"https:\/\/www.frabeg.de\/index.php\/2025\/06\/17\/frabeg-nimmt-am-buergerenergie-konvent-in-berlin-teil\/#breadcrumb","itemListElement":[{"@type":"ListItem","position":1,"name":"Startseite","item":"https:\/\/www.frabeg.de\/"},{"@type":"ListItem","position":2,"name":"FraBeG nimmt am B\u00fcrgerenergie-Konvent in Berlin teil"}]},{"@type":"WebSite","@id":"https:\/\/www.frabeg.de\/#website","url":"https:\/\/www.frabeg.de\/","name":"Frankfurter B\u00fcrgerenergiegenossenschaft eG","description":"Seien sie bei der Energiewende dabei","publisher":{"@id":"https:\/\/www.frabeg.de\/#organization"},"potentialAction":[{"@type":"SearchAction","target":{"@type":"EntryPoint","urlTemplate":"https:\/\/www.frabeg.de\/?s={search_term_string}"},"query-input":{"@type":"PropertyValueSpecification","valueRequired":true,"valueName":"search_term_string"}}],"inLanguage":"de"},{"@type":"Organization","@id":"https:\/\/www.frabeg.de\/#organization","name":"Frankfurter B\u00fcrgerenergiegenossenschaft eG","url":"https:\/\/www.frabeg.de\/","logo":{"@type":"ImageObject","inLanguage":"de","@id":"https:\/\/www.frabeg.de\/#\/schema\/logo\/image\/","url":"https:\/\/www.frabeg.de\/wp-content\/uploads\/2024\/05\/ar_FRB_LCI_Logo-C-04-b-HiRes_freistell_NEBENeinander_UM_0180424.png","contentUrl":"https:\/\/www.frabeg.de\/wp-content\/uploads\/2024\/05\/ar_FRB_LCI_Logo-C-04-b-HiRes_freistell_NEBENeinander_UM_0180424.png","width":8000,"height":3000,"caption":"Frankfurter B\u00fcrgerenergiegenossenschaft eG"},"image":{"@id":"https:\/\/www.frabeg.de\/#\/schema\/logo\/image\/"}},{"@type":"Person","@id":"https:\/\/www.frabeg.de\/#\/schema\/person\/581e01cefa7f04805f855d18805d5762","name":"admin","image":{"@type":"ImageObject","inLanguage":"de","@id":"https:\/\/secure.gravatar.com\/avatar\/76d187f7cecdac6652b9dcfaef58cda08a1823d0e12de71c5d9977b6c05cf1ae?s=96&d=mm&r=g","url":"https:\/\/secure.gravatar.com\/avatar\/76d187f7cecdac6652b9dcfaef58cda08a1823d0e12de71c5d9977b6c05cf1ae?s=96&d=mm&r=g","contentUrl":"https:\/\/secure.gravatar.com\/avatar\/76d187f7cecdac6652b9dcfaef58cda08a1823d0e12de71c5d9977b6c05cf1ae?s=96&d=mm&r=g","caption":"admin"},"sameAs":["https:\/\/www.frabeg.de"],"url":"https:\/\/www.frabeg.de\/index.php\/author\/fm_yismh9xu\/"}]}},"_links":{"self":[{"href":"https:\/\/www.frabeg.de\/index.php\/wp-json\/wp\/v2\/posts\/1552","targetHints":{"allow":["GET"]}}],"collection":[{"href":"https:\/\/www.frabeg.de\/index.php\/wp-json\/wp\/v2\/posts"}],"about":[{"href":"https:\/\/www.frabeg.de\/index.php\/wp-json\/wp\/v2\/types\/post"}],"author":[{"embeddable":true,"href":"https:\/\/www.frabeg.de\/index.php\/wp-json\/wp\/v2\/users\/1"}],"replies":[{"embeddable":true,"href":"https:\/\/www.frabeg.de\/index.php\/wp-json\/wp\/v2\/comments?post=1552"}],"version-history":[{"count":3,"href":"https:\/\/www.frabeg.de\/index.php\/wp-json\/wp\/v2\/posts\/1552\/revisions"}],"predecessor-version":[{"id":1933,"href":"https:\/\/www.frabeg.de\/index.php\/wp-json\/wp\/v2\/posts\/1552\/revisions\/1933"}],"wp:featuredmedia":[{"embeddable":true,"href":"https:\/\/www.frabeg.de\/index.php\/wp-json\/wp\/v2\/media\/1553"}],"wp:attachment":[{"href":"https:\/\/www.frabeg.de\/index.php\/wp-json\/wp\/v2\/media?parent=1552"}],"wp:term":[{"taxonomy":"category","embeddable":true,"href":"https:\/\/www.frabeg.de\/index.php\/wp-json\/wp\/v2\/categories?post=1552"},{"taxonomy":"post_tag","embeddable":true,"href":"https:\/\/www.frabeg.de\/index.php\/wp-json\/wp\/v2\/tags?post=1552"}],"curies":[{"name":"wp","href":"https:\/\/api.w.org\/{rel}","templated":true}]}}