{"id":1547,"date":"2025-06-05T14:59:04","date_gmt":"2025-06-05T12:59:04","guid":{"rendered":"https:\/\/www.frabeg.de\/?p=1547"},"modified":"2026-04-07T12:50:46","modified_gmt":"2026-04-07T10:50:46","slug":"frabeg-wirbt-fuer-mehr-vernetzung-und-pv-anlagen-auf-dem-dach","status":"publish","type":"post","link":"https:\/\/www.frabeg.de\/index.php\/2025\/06\/05\/frabeg-wirbt-fuer-mehr-vernetzung-und-pv-anlagen-auf-dem-dach\/","title":{"rendered":"FraBeG wirbt f\u00fcr mehr Vernetzung und PV-Anlagen auf dem Dach"},"content":{"rendered":"\n<p>Frankfurt\/Main. Die Frankfurter B\u00fcrgerenergiegenossenschaft (FraBeG) hat bei einer Veranstaltung der \u201eSolarprojekt Frankfurt\u201c f\u00fcr die Energiewende und f\u00fcr den Einsatz von PV-Anlagen auf der eigenen Immobilie geworben. Rund 20 Interessierte waren zum Vortrag \u201eEine PV-Anlage \u2013 geht das auch auf meinem Dach?\u201c in das Centre for Dialogue in Frankfurt-Riedberg gekommen.<\/p>\n\n\n\n<p>Da der vorgesehene Referent ausgefallen war, stellte Andreas Heming, Vorsitzender des Aufsichtsrats der FraBeG, vor, welche Punkte bei der Umsetzung zu beachten sind und welche technische Anforderungen sich im Vorfeld stellen. In der anschlie\u00dfenden Diskussion mit dem Publikum wurden die Kostenseite eines solchen Vorhabens sowie F\u00f6rderm\u00f6glichkeiten beleuchtet.<\/p>\n\n\n\n<p>Die Veranstaltung im Rahmen einer Vortragsreihe der Klima-Initiative Riedberg (KIR) macht aus der Sicht von Andreas Heming deutlich, wo thematische Schnittmengen beispielsweise zur KIR vorhanden sind und wo die FraBeG eigene Akzente setzt. Er berichtete von der ersten PV-Anlage auf dem Dach der Josephine-Baker-Schule am Riedberg, die von der B\u00fcrgerenergiegenossenschaft projektiert und finanziert wurde und im November 2024 in Betrieb gegangen ist. Die FraBeG hat bisher rund 130 Mitglieder und sucht weitere Unterst\u00fctzende, um neue Projekte realisieren zu k\u00f6nnen.<\/p>\n\n\n\n<p>Deutlich wurde bei der Veranstaltung auch, dass bessere Zusammenarbeit und mehr gegenseitige Vernetzung zwischen den verschiedenen Initiativen hilft, um die gemeinsame Mission der Energiewende noch erfolgreicher voranzutreiben. \u201eGemeinsam k\u00f6nnen die KIR und die FraBeG \u2013 ob am Riedberg oder in anderen Stadtteilen \u2013 Impulse geben, um mehr Frankfurterinnen und Frankfurter f\u00fcr Klimaschutz zu gewinnen\u201c, zeigt sich Andreas Heming \u00fcberzeugt.<\/p>\n\n\n\n<figure class=\"wp-block-image size-large\"><img loading=\"lazy\" decoding=\"async\" width=\"1024\" height=\"768\" src=\"https:\/\/www.frabeg.de\/wp-content\/uploads\/2025\/06\/img_4653-1024x768.jpg\" alt=\"\" class=\"wp-image-1549\" srcset=\"https:\/\/www.frabeg.de\/wp-content\/uploads\/2025\/06\/img_4653-1024x768.jpg 1024w, https:\/\/www.frabeg.de\/wp-content\/uploads\/2025\/06\/img_4653-300x225.jpg 300w, https:\/\/www.frabeg.de\/wp-content\/uploads\/2025\/06\/img_4653-768x576.jpg 768w, https:\/\/www.frabeg.de\/wp-content\/uploads\/2025\/06\/img_4653-1536x1152.jpg 1536w, https:\/\/www.frabeg.de\/wp-content\/uploads\/2025\/06\/img_4653.jpg 2048w\" sizes=\"auto, (max-width: 1024px) 100vw, 1024px\" \/><figcaption class=\"wp-element-caption\">Referent Andreas Heming <\/figcaption><\/figure>\n\n\n\n<p><\/p>\n","protected":false},"excerpt":{"rendered":"<p>Frankfurt\/Main. Die Frankfurter B\u00fcrgerenergiegenossenschaft (FraBeG) hat bei einer Veranstaltung der \u201eSolarprojekt Frankfurt\u201c f\u00fcr die Energiewende und f\u00fcr den Einsatz von PV-Anlagen auf der eigenen Immobilie geworben. Rund 20 Interessierte waren zum Vortrag \u201eEine PV-Anlage \u2013 geht das auch auf meinem Dach?\u201c in das Centre for Dialogue in Frankfurt-Riedberg gekommen. Da der vorgesehene Referent ausgefallen war,&#8230;<\/p>\n","protected":false},"author":1,"featured_media":1548,"comment_status":"closed","ping_status":"open","sticky":false,"template":"","format":"standard","meta":{"_kadence_starter_templates_imported_post":false,"_kad_post_transparent":"","_kad_post_title":"","_kad_post_layout":"","_kad_post_sidebar_id":"","_kad_post_content_style":"","_kad_post_vertical_padding":"","_kad_post_feature":"","_kad_post_feature_position":"","_kad_post_header":false,"_kad_post_footer":false,"_kad_post_classname":"","footnotes":""},"categories":[1],"tags":[20,18,33,42,63,64,65],"class_list":["post-1547","post","type-post","status-publish","format-standard","has-post-thumbnail","hentry","category-allgemeine-news","tag-buergerenergiegenossenschaft","tag-frabeg","tag-frankfurt-riedberg","tag-josefine-baker-schule","tag-kir","tag-klima-initiative-riedberg","tag-vernetzung"],"yoast_head":"<!-- This site is optimized with the Yoast SEO plugin v27.4 - https:\/\/yoast.com\/product\/yoast-seo-wordpress\/ -->\n<title>FraBeG wirbt f\u00fcr mehr Vernetzung und PV-Anlagen auf dem Dach - Frankfurter B\u00fcrgerenergiegenossenschaft eG<\/title>\n<meta name=\"robots\" content=\"index, follow, max-snippet:-1, max-image-preview:large, max-video-preview:-1\" \/>\n<link rel=\"canonical\" href=\"https:\/\/www.frabeg.de\/index.php\/2025\/06\/05\/frabeg-wirbt-fuer-mehr-vernetzung-und-pv-anlagen-auf-dem-dach\/\" \/>\n<script type=\"application\/ld+json\" class=\"yoast-schema-graph\">{\"@context\":\"https:\\\/\\\/schema.org\",\"@graph\":[{\"@type\":\"Article\",\"@id\":\"https:\\\/\\\/www.frabeg.de\\\/index.php\\\/2025\\\/06\\\/05\\\/frabeg-wirbt-fuer-mehr-vernetzung-und-pv-anlagen-auf-dem-dach\\\/#article\",\"isPartOf\":{\"@id\":\"https:\\\/\\\/www.frabeg.de\\\/index.php\\\/2025\\\/06\\\/05\\\/frabeg-wirbt-fuer-mehr-vernetzung-und-pv-anlagen-auf-dem-dach\\\/\"},\"author\":{\"name\":\"admin\",\"@id\":\"https:\\\/\\\/www.frabeg.de\\\/#\\\/schema\\\/person\\\/581e01cefa7f04805f855d18805d5762\"},\"headline\":\"FraBeG wirbt f\u00fcr mehr Vernetzung und PV-Anlagen auf dem Dach\",\"datePublished\":\"2025-06-05T12:59:04+00:00\",\"dateModified\":\"2026-04-07T10:50:46+00:00\",\"mainEntityOfPage\":{\"@id\":\"https:\\\/\\\/www.frabeg.de\\\/index.php\\\/2025\\\/06\\\/05\\\/frabeg-wirbt-fuer-mehr-vernetzung-und-pv-anlagen-auf-dem-dach\\\/\"},\"wordCount\":254,\"publisher\":{\"@id\":\"https:\\\/\\\/www.frabeg.de\\\/#organization\"},\"image\":{\"@id\":\"https:\\\/\\\/www.frabeg.de\\\/index.php\\\/2025\\\/06\\\/05\\\/frabeg-wirbt-fuer-mehr-vernetzung-und-pv-anlagen-auf-dem-dach\\\/#primaryimage\"},\"thumbnailUrl\":\"https:\\\/\\\/www.frabeg.de\\\/wp-content\\\/uploads\\\/2025\\\/06\\\/img_4656.jpg\",\"keywords\":[\"b\u00fcrgerenergiegenossenschaft\",\"frabeg\",\"Frankfurt-Riedberg\",\"Josefine-Baker-Schule\",\"KIR\",\"Klima-Initiative Riedberg\",\"Vernetzung\"],\"inLanguage\":\"de\"},{\"@type\":\"WebPage\",\"@id\":\"https:\\\/\\\/www.frabeg.de\\\/index.php\\\/2025\\\/06\\\/05\\\/frabeg-wirbt-fuer-mehr-vernetzung-und-pv-anlagen-auf-dem-dach\\\/\",\"url\":\"https:\\\/\\\/www.frabeg.de\\\/index.php\\\/2025\\\/06\\\/05\\\/frabeg-wirbt-fuer-mehr-vernetzung-und-pv-anlagen-auf-dem-dach\\\/\",\"name\":\"FraBeG wirbt f\u00fcr mehr Vernetzung und PV-Anlagen auf dem Dach - Frankfurter B\u00fcrgerenergiegenossenschaft eG\",\"isPartOf\":{\"@id\":\"https:\\\/\\\/www.frabeg.de\\\/#website\"},\"primaryImageOfPage\":{\"@id\":\"https:\\\/\\\/www.frabeg.de\\\/index.php\\\/2025\\\/06\\\/05\\\/frabeg-wirbt-fuer-mehr-vernetzung-und-pv-anlagen-auf-dem-dach\\\/#primaryimage\"},\"image\":{\"@id\":\"https:\\\/\\\/www.frabeg.de\\\/index.php\\\/2025\\\/06\\\/05\\\/frabeg-wirbt-fuer-mehr-vernetzung-und-pv-anlagen-auf-dem-dach\\\/#primaryimage\"},\"thumbnailUrl\":\"https:\\\/\\\/www.frabeg.de\\\/wp-content\\\/uploads\\\/2025\\\/06\\\/img_4656.jpg\",\"datePublished\":\"2025-06-05T12:59:04+00:00\",\"dateModified\":\"2026-04-07T10:50:46+00:00\",\"breadcrumb\":{\"@id\":\"https:\\\/\\\/www.frabeg.de\\\/index.php\\\/2025\\\/06\\\/05\\\/frabeg-wirbt-fuer-mehr-vernetzung-und-pv-anlagen-auf-dem-dach\\\/#breadcrumb\"},\"inLanguage\":\"de\",\"potentialAction\":[{\"@type\":\"ReadAction\",\"target\":[\"https:\\\/\\\/www.frabeg.de\\\/index.php\\\/2025\\\/06\\\/05\\\/frabeg-wirbt-fuer-mehr-vernetzung-und-pv-anlagen-auf-dem-dach\\\/\"]}]},{\"@type\":\"ImageObject\",\"inLanguage\":\"de\",\"@id\":\"https:\\\/\\\/www.frabeg.de\\\/index.php\\\/2025\\\/06\\\/05\\\/frabeg-wirbt-fuer-mehr-vernetzung-und-pv-anlagen-auf-dem-dach\\\/#primaryimage\",\"url\":\"https:\\\/\\\/www.frabeg.de\\\/wp-content\\\/uploads\\\/2025\\\/06\\\/img_4656.jpg\",\"contentUrl\":\"https:\\\/\\\/www.frabeg.de\\\/wp-content\\\/uploads\\\/2025\\\/06\\\/img_4656.jpg\",\"width\":1536,\"height\":2048},{\"@type\":\"BreadcrumbList\",\"@id\":\"https:\\\/\\\/www.frabeg.de\\\/index.php\\\/2025\\\/06\\\/05\\\/frabeg-wirbt-fuer-mehr-vernetzung-und-pv-anlagen-auf-dem-dach\\\/#breadcrumb\",\"itemListElement\":[{\"@type\":\"ListItem\",\"position\":1,\"name\":\"Startseite\",\"item\":\"https:\\\/\\\/www.frabeg.de\\\/\"},{\"@type\":\"ListItem\",\"position\":2,\"name\":\"FraBeG wirbt f\u00fcr mehr Vernetzung und PV-Anlagen auf dem Dach\"}]},{\"@type\":\"WebSite\",\"@id\":\"https:\\\/\\\/www.frabeg.de\\\/#website\",\"url\":\"https:\\\/\\\/www.frabeg.de\\\/\",\"name\":\"Frankfurter B\u00fcrgerenergiegenossenschaft eG\",\"description\":\"Seien sie bei der Energiewende dabei\",\"publisher\":{\"@id\":\"https:\\\/\\\/www.frabeg.de\\\/#organization\"},\"potentialAction\":[{\"@type\":\"SearchAction\",\"target\":{\"@type\":\"EntryPoint\",\"urlTemplate\":\"https:\\\/\\\/www.frabeg.de\\\/?s={search_term_string}\"},\"query-input\":{\"@type\":\"PropertyValueSpecification\",\"valueRequired\":true,\"valueName\":\"search_term_string\"}}],\"inLanguage\":\"de\"},{\"@type\":\"Organization\",\"@id\":\"https:\\\/\\\/www.frabeg.de\\\/#organization\",\"name\":\"Frankfurter B\u00fcrgerenergiegenossenschaft eG\",\"url\":\"https:\\\/\\\/www.frabeg.de\\\/\",\"logo\":{\"@type\":\"ImageObject\",\"inLanguage\":\"de\",\"@id\":\"https:\\\/\\\/www.frabeg.de\\\/#\\\/schema\\\/logo\\\/image\\\/\",\"url\":\"https:\\\/\\\/www.frabeg.de\\\/wp-content\\\/uploads\\\/2024\\\/05\\\/ar_FRB_LCI_Logo-C-04-b-HiRes_freistell_NEBENeinander_UM_0180424.png\",\"contentUrl\":\"https:\\\/\\\/www.frabeg.de\\\/wp-content\\\/uploads\\\/2024\\\/05\\\/ar_FRB_LCI_Logo-C-04-b-HiRes_freistell_NEBENeinander_UM_0180424.png\",\"width\":8000,\"height\":3000,\"caption\":\"Frankfurter B\u00fcrgerenergiegenossenschaft eG\"},\"image\":{\"@id\":\"https:\\\/\\\/www.frabeg.de\\\/#\\\/schema\\\/logo\\\/image\\\/\"}},{\"@type\":\"Person\",\"@id\":\"https:\\\/\\\/www.frabeg.de\\\/#\\\/schema\\\/person\\\/581e01cefa7f04805f855d18805d5762\",\"name\":\"admin\",\"image\":{\"@type\":\"ImageObject\",\"inLanguage\":\"de\",\"@id\":\"https:\\\/\\\/secure.gravatar.com\\\/avatar\\\/76d187f7cecdac6652b9dcfaef58cda08a1823d0e12de71c5d9977b6c05cf1ae?s=96&d=mm&r=g\",\"url\":\"https:\\\/\\\/secure.gravatar.com\\\/avatar\\\/76d187f7cecdac6652b9dcfaef58cda08a1823d0e12de71c5d9977b6c05cf1ae?s=96&d=mm&r=g\",\"contentUrl\":\"https:\\\/\\\/secure.gravatar.com\\\/avatar\\\/76d187f7cecdac6652b9dcfaef58cda08a1823d0e12de71c5d9977b6c05cf1ae?s=96&d=mm&r=g\",\"caption\":\"admin\"},\"sameAs\":[\"https:\\\/\\\/www.frabeg.de\"],\"url\":\"https:\\\/\\\/www.frabeg.de\\\/index.php\\\/author\\\/fm_yismh9xu\\\/\"}]}<\/script>\n<!-- \/ Yoast SEO plugin. -->","yoast_head_json":{"title":"FraBeG wirbt f\u00fcr mehr Vernetzung und PV-Anlagen auf dem Dach - Frankfurter B\u00fcrgerenergiegenossenschaft eG","robots":{"index":"index","follow":"follow","max-snippet":"max-snippet:-1","max-image-preview":"max-image-preview:large","max-video-preview":"max-video-preview:-1"},"canonical":"https:\/\/www.frabeg.de\/index.php\/2025\/06\/05\/frabeg-wirbt-fuer-mehr-vernetzung-und-pv-anlagen-auf-dem-dach\/","schema":{"@context":"https:\/\/schema.org","@graph":[{"@type":"Article","@id":"https:\/\/www.frabeg.de\/index.php\/2025\/06\/05\/frabeg-wirbt-fuer-mehr-vernetzung-und-pv-anlagen-auf-dem-dach\/#article","isPartOf":{"@id":"https:\/\/www.frabeg.de\/index.php\/2025\/06\/05\/frabeg-wirbt-fuer-mehr-vernetzung-und-pv-anlagen-auf-dem-dach\/"},"author":{"name":"admin","@id":"https:\/\/www.frabeg.de\/#\/schema\/person\/581e01cefa7f04805f855d18805d5762"},"headline":"FraBeG wirbt f\u00fcr mehr Vernetzung und PV-Anlagen auf dem Dach","datePublished":"2025-06-05T12:59:04+00:00","dateModified":"2026-04-07T10:50:46+00:00","mainEntityOfPage":{"@id":"https:\/\/www.frabeg.de\/index.php\/2025\/06\/05\/frabeg-wirbt-fuer-mehr-vernetzung-und-pv-anlagen-auf-dem-dach\/"},"wordCount":254,"publisher":{"@id":"https:\/\/www.frabeg.de\/#organization"},"image":{"@id":"https:\/\/www.frabeg.de\/index.php\/2025\/06\/05\/frabeg-wirbt-fuer-mehr-vernetzung-und-pv-anlagen-auf-dem-dach\/#primaryimage"},"thumbnailUrl":"https:\/\/www.frabeg.de\/wp-content\/uploads\/2025\/06\/img_4656.jpg","keywords":["b\u00fcrgerenergiegenossenschaft","frabeg","Frankfurt-Riedberg","Josefine-Baker-Schule","KIR","Klima-Initiative Riedberg","Vernetzung"],"inLanguage":"de"},{"@type":"WebPage","@id":"https:\/\/www.frabeg.de\/index.php\/2025\/06\/05\/frabeg-wirbt-fuer-mehr-vernetzung-und-pv-anlagen-auf-dem-dach\/","url":"https:\/\/www.frabeg.de\/index.php\/2025\/06\/05\/frabeg-wirbt-fuer-mehr-vernetzung-und-pv-anlagen-auf-dem-dach\/","name":"FraBeG wirbt f\u00fcr mehr Vernetzung und PV-Anlagen auf dem Dach - Frankfurter B\u00fcrgerenergiegenossenschaft eG","isPartOf":{"@id":"https:\/\/www.frabeg.de\/#website"},"primaryImageOfPage":{"@id":"https:\/\/www.frabeg.de\/index.php\/2025\/06\/05\/frabeg-wirbt-fuer-mehr-vernetzung-und-pv-anlagen-auf-dem-dach\/#primaryimage"},"image":{"@id":"https:\/\/www.frabeg.de\/index.php\/2025\/06\/05\/frabeg-wirbt-fuer-mehr-vernetzung-und-pv-anlagen-auf-dem-dach\/#primaryimage"},"thumbnailUrl":"https:\/\/www.frabeg.de\/wp-content\/uploads\/2025\/06\/img_4656.jpg","datePublished":"2025-06-05T12:59:04+00:00","dateModified":"2026-04-07T10:50:46+00:00","breadcrumb":{"@id":"https:\/\/www.frabeg.de\/index.php\/2025\/06\/05\/frabeg-wirbt-fuer-mehr-vernetzung-und-pv-anlagen-auf-dem-dach\/#breadcrumb"},"inLanguage":"de","potentialAction":[{"@type":"ReadAction","target":["https:\/\/www.frabeg.de\/index.php\/2025\/06\/05\/frabeg-wirbt-fuer-mehr-vernetzung-und-pv-anlagen-auf-dem-dach\/"]}]},{"@type":"ImageObject","inLanguage":"de","@id":"https:\/\/www.frabeg.de\/index.php\/2025\/06\/05\/frabeg-wirbt-fuer-mehr-vernetzung-und-pv-anlagen-auf-dem-dach\/#primaryimage","url":"https:\/\/www.frabeg.de\/wp-content\/uploads\/2025\/06\/img_4656.jpg","contentUrl":"https:\/\/www.frabeg.de\/wp-content\/uploads\/2025\/06\/img_4656.jpg","width":1536,"height":2048},{"@type":"BreadcrumbList","@id":"https:\/\/www.frabeg.de\/index.php\/2025\/06\/05\/frabeg-wirbt-fuer-mehr-vernetzung-und-pv-anlagen-auf-dem-dach\/#breadcrumb","itemListElement":[{"@type":"ListItem","position":1,"name":"Startseite","item":"https:\/\/www.frabeg.de\/"},{"@type":"ListItem","position":2,"name":"FraBeG wirbt f\u00fcr mehr Vernetzung und PV-Anlagen auf dem Dach"}]},{"@type":"WebSite","@id":"https:\/\/www.frabeg.de\/#website","url":"https:\/\/www.frabeg.de\/","name":"Frankfurter B\u00fcrgerenergiegenossenschaft eG","description":"Seien sie bei der Energiewende dabei","publisher":{"@id":"https:\/\/www.frabeg.de\/#organization"},"potentialAction":[{"@type":"SearchAction","target":{"@type":"EntryPoint","urlTemplate":"https:\/\/www.frabeg.de\/?s={search_term_string}"},"query-input":{"@type":"PropertyValueSpecification","valueRequired":true,"valueName":"search_term_string"}}],"inLanguage":"de"},{"@type":"Organization","@id":"https:\/\/www.frabeg.de\/#organization","name":"Frankfurter B\u00fcrgerenergiegenossenschaft eG","url":"https:\/\/www.frabeg.de\/","logo":{"@type":"ImageObject","inLanguage":"de","@id":"https:\/\/www.frabeg.de\/#\/schema\/logo\/image\/","url":"https:\/\/www.frabeg.de\/wp-content\/uploads\/2024\/05\/ar_FRB_LCI_Logo-C-04-b-HiRes_freistell_NEBENeinander_UM_0180424.png","contentUrl":"https:\/\/www.frabeg.de\/wp-content\/uploads\/2024\/05\/ar_FRB_LCI_Logo-C-04-b-HiRes_freistell_NEBENeinander_UM_0180424.png","width":8000,"height":3000,"caption":"Frankfurter B\u00fcrgerenergiegenossenschaft eG"},"image":{"@id":"https:\/\/www.frabeg.de\/#\/schema\/logo\/image\/"}},{"@type":"Person","@id":"https:\/\/www.frabeg.de\/#\/schema\/person\/581e01cefa7f04805f855d18805d5762","name":"admin","image":{"@type":"ImageObject","inLanguage":"de","@id":"https:\/\/secure.gravatar.com\/avatar\/76d187f7cecdac6652b9dcfaef58cda08a1823d0e12de71c5d9977b6c05cf1ae?s=96&d=mm&r=g","url":"https:\/\/secure.gravatar.com\/avatar\/76d187f7cecdac6652b9dcfaef58cda08a1823d0e12de71c5d9977b6c05cf1ae?s=96&d=mm&r=g","contentUrl":"https:\/\/secure.gravatar.com\/avatar\/76d187f7cecdac6652b9dcfaef58cda08a1823d0e12de71c5d9977b6c05cf1ae?s=96&d=mm&r=g","caption":"admin"},"sameAs":["https:\/\/www.frabeg.de"],"url":"https:\/\/www.frabeg.de\/index.php\/author\/fm_yismh9xu\/"}]}},"_links":{"self":[{"href":"https:\/\/www.frabeg.de\/index.php\/wp-json\/wp\/v2\/posts\/1547","targetHints":{"allow":["GET"]}}],"collection":[{"href":"https:\/\/www.frabeg.de\/index.php\/wp-json\/wp\/v2\/posts"}],"about":[{"href":"https:\/\/www.frabeg.de\/index.php\/wp-json\/wp\/v2\/types\/post"}],"author":[{"embeddable":true,"href":"https:\/\/www.frabeg.de\/index.php\/wp-json\/wp\/v2\/users\/1"}],"replies":[{"embeddable":true,"href":"https:\/\/www.frabeg.de\/index.php\/wp-json\/wp\/v2\/comments?post=1547"}],"version-history":[{"count":2,"href":"https:\/\/www.frabeg.de\/index.php\/wp-json\/wp\/v2\/posts\/1547\/revisions"}],"predecessor-version":[{"id":1934,"href":"https:\/\/www.frabeg.de\/index.php\/wp-json\/wp\/v2\/posts\/1547\/revisions\/1934"}],"wp:featuredmedia":[{"embeddable":true,"href":"https:\/\/www.frabeg.de\/index.php\/wp-json\/wp\/v2\/media\/1548"}],"wp:attachment":[{"href":"https:\/\/www.frabeg.de\/index.php\/wp-json\/wp\/v2\/media?parent=1547"}],"wp:term":[{"taxonomy":"category","embeddable":true,"href":"https:\/\/www.frabeg.de\/index.php\/wp-json\/wp\/v2\/categories?post=1547"},{"taxonomy":"post_tag","embeddable":true,"href":"https:\/\/www.frabeg.de\/index.php\/wp-json\/wp\/v2\/tags?post=1547"}],"curies":[{"name":"wp","href":"https:\/\/api.w.org\/{rel}","templated":true}]}}