{"id":1495,"date":"2025-04-27T17:04:55","date_gmt":"2025-04-27T15:04:55","guid":{"rendered":"https:\/\/www.frabeg.de\/?p=1495"},"modified":"2025-04-27T17:07:45","modified_gmt":"2025-04-27T15:07:45","slug":"frabeg-bei-vorstellung-der-klimabilanz-fuer-frankfurt-praesent","status":"publish","type":"post","link":"https:\/\/www.frabeg.de\/index.php\/2025\/04\/27\/frabeg-bei-vorstellung-der-klimabilanz-fuer-frankfurt-praesent\/","title":{"rendered":"FraBeG bei Vorstellung der Klimabilanz f\u00fcr Frankfurt pr\u00e4sent"},"content":{"rendered":"\n<p>Wie viel Treibhausgas wird in Frankfurt pro Jahr ausgesto\u00dfen? Antworten l\u00e4sst am Dienstag, 29. April, die Energie- und Treibhausgas-Bilanz erwarten, die im Beisein von Tina Zapf-Rodr\u00edguez, Dezernentin f\u00fcr Klima, Umwelt und Frauen in Frankfurt vorgestellt wird.<\/p>\n\n\n\n<p>Das Institut f\u00fcr Energie- und Umweltforschung Heidelberg wird im Rahmen der Veranstaltung die aktuellen Ergebnisse f\u00fcr das Bilanzjahr 2022 pr\u00e4sentieren. Parallel haben die Frankfurter B\u00fcrgerenergiegenossenschaft (FraBeG) und weitere Akteure die Gelegenheit, vor Ort an Infotischen \u00fcber ihre Aktivit\u00e4ten zu informieren.<\/p>\n\n\n\n<p>Die Energie- und Treibhausgasbilanz f\u00fcr Frankfurt wird die Aktualit\u00e4t des Kernanliegens der FraBeG hervorheben: Die Reduktion von Treibhausgasen ist eine Querschnittsaufgabe, die alle Politikbereiche durchdringt und integrierte Ans\u00e4tze erfordert. Wir m\u00f6chten die Energiewende vorantreiben und B\u00fcrgerinnen und B\u00fcrger als Mitglieder gewinnen, um neue Projekte realisieren zu k\u00f6nnen. Interesse geweckt? Sprechen Sie uns an!<\/p>\n\n\n\n<p><strong>Informationsveranstaltung zur<\/strong> <strong>Vorstellung der Energie- und Treibhausgas-Bilanz f\u00fcr Frankfurt. Dienstag, 29. April, von 18 bis 20 Uhr in der Evangelischen Akademie Frankfurt, R\u00f6merberg 9, Panoramasaal<\/strong><\/p>\n","protected":false},"excerpt":{"rendered":"<p>Wie viel Treibhausgas wird in Frankfurt pro Jahr ausgesto\u00dfen? Antworten l\u00e4sst am Dienstag, 29. April, die Energie- und Treibhausgas-Bilanz erwarten, die im Beisein von Tina Zapf-Rodr\u00edguez, Dezernentin f\u00fcr Klima, Umwelt und Frauen in Frankfurt vorgestellt wird. Das Institut f\u00fcr Energie- und Umweltforschung Heidelberg wird im Rahmen der Veranstaltung die aktuellen Ergebnisse f\u00fcr das Bilanzjahr 2022&#8230;<\/p>\n","protected":false},"author":1,"featured_media":1453,"comment_status":"closed","ping_status":"open","sticky":false,"template":"","format":"standard","meta":{"_kadence_starter_templates_imported_post":false,"_kad_post_transparent":"","_kad_post_title":"","_kad_post_layout":"","_kad_post_sidebar_id":"","_kad_post_content_style":"","_kad_post_vertical_padding":"","_kad_post_feature":"","_kad_post_feature_position":"","_kad_post_header":false,"_kad_post_footer":false,"_kad_post_classname":"","footnotes":""},"categories":[1],"tags":[20,50,51,18,19,37],"class_list":["post-1495","post","type-post","status-publish","format-standard","has-post-thumbnail","hentry","category-allgemeine-news","tag-buergerenergiegenossenschaft","tag-energie-und-treibhausgas-bilanz","tag-energie-und-umweltforschung-heidelberg","tag-frabeg","tag-frankfurt-am-main","tag-stadt-frankfurt"],"yoast_head":"<!-- This site is optimized with the Yoast SEO plugin v27.4 - https:\/\/yoast.com\/product\/yoast-seo-wordpress\/ -->\n<title>FraBeG bei Vorstellung der Klimabilanz f\u00fcr Frankfurt pr\u00e4sent - Frankfurter B\u00fcrgerenergiegenossenschaft eG<\/title>\n<meta name=\"robots\" content=\"index, follow, max-snippet:-1, max-image-preview:large, max-video-preview:-1\" \/>\n<link rel=\"canonical\" href=\"https:\/\/www.frabeg.de\/index.php\/2025\/04\/27\/frabeg-bei-vorstellung-der-klimabilanz-fuer-frankfurt-praesent\/\" \/>\n<script type=\"application\/ld+json\" class=\"yoast-schema-graph\">{\"@context\":\"https:\\\/\\\/schema.org\",\"@graph\":[{\"@type\":\"Article\",\"@id\":\"https:\\\/\\\/www.frabeg.de\\\/index.php\\\/2025\\\/04\\\/27\\\/frabeg-bei-vorstellung-der-klimabilanz-fuer-frankfurt-praesent\\\/#article\",\"isPartOf\":{\"@id\":\"https:\\\/\\\/www.frabeg.de\\\/index.php\\\/2025\\\/04\\\/27\\\/frabeg-bei-vorstellung-der-klimabilanz-fuer-frankfurt-praesent\\\/\"},\"author\":{\"name\":\"admin\",\"@id\":\"https:\\\/\\\/www.frabeg.de\\\/#\\\/schema\\\/person\\\/581e01cefa7f04805f855d18805d5762\"},\"headline\":\"FraBeG bei Vorstellung der Klimabilanz f\u00fcr Frankfurt pr\u00e4sent\",\"datePublished\":\"2025-04-27T15:04:55+00:00\",\"dateModified\":\"2025-04-27T15:07:45+00:00\",\"mainEntityOfPage\":{\"@id\":\"https:\\\/\\\/www.frabeg.de\\\/index.php\\\/2025\\\/04\\\/27\\\/frabeg-bei-vorstellung-der-klimabilanz-fuer-frankfurt-praesent\\\/\"},\"wordCount\":176,\"publisher\":{\"@id\":\"https:\\\/\\\/www.frabeg.de\\\/#organization\"},\"image\":{\"@id\":\"https:\\\/\\\/www.frabeg.de\\\/index.php\\\/2025\\\/04\\\/27\\\/frabeg-bei-vorstellung-der-klimabilanz-fuer-frankfurt-praesent\\\/#primaryimage\"},\"thumbnailUrl\":\"https:\\\/\\\/www.frabeg.de\\\/wp-content\\\/uploads\\\/2025\\\/04\\\/ar_FRB_LCI_Logo-C-04-b-HiRes_freistell_NEBENeinander_UM_0180424.png\",\"keywords\":[\"b\u00fcrgerenergiegenossenschaft\",\"Energie- und Treibhausgas-Bilanz\",\"Energie- und Umweltforschung Heidelberg\",\"frabeg\",\"frankfurt am main\",\"Stadt Frankfurt\"],\"inLanguage\":\"de\"},{\"@type\":\"WebPage\",\"@id\":\"https:\\\/\\\/www.frabeg.de\\\/index.php\\\/2025\\\/04\\\/27\\\/frabeg-bei-vorstellung-der-klimabilanz-fuer-frankfurt-praesent\\\/\",\"url\":\"https:\\\/\\\/www.frabeg.de\\\/index.php\\\/2025\\\/04\\\/27\\\/frabeg-bei-vorstellung-der-klimabilanz-fuer-frankfurt-praesent\\\/\",\"name\":\"FraBeG bei Vorstellung der Klimabilanz f\u00fcr Frankfurt pr\u00e4sent - Frankfurter B\u00fcrgerenergiegenossenschaft eG\",\"isPartOf\":{\"@id\":\"https:\\\/\\\/www.frabeg.de\\\/#website\"},\"primaryImageOfPage\":{\"@id\":\"https:\\\/\\\/www.frabeg.de\\\/index.php\\\/2025\\\/04\\\/27\\\/frabeg-bei-vorstellung-der-klimabilanz-fuer-frankfurt-praesent\\\/#primaryimage\"},\"image\":{\"@id\":\"https:\\\/\\\/www.frabeg.de\\\/index.php\\\/2025\\\/04\\\/27\\\/frabeg-bei-vorstellung-der-klimabilanz-fuer-frankfurt-praesent\\\/#primaryimage\"},\"thumbnailUrl\":\"https:\\\/\\\/www.frabeg.de\\\/wp-content\\\/uploads\\\/2025\\\/04\\\/ar_FRB_LCI_Logo-C-04-b-HiRes_freistell_NEBENeinander_UM_0180424.png\",\"datePublished\":\"2025-04-27T15:04:55+00:00\",\"dateModified\":\"2025-04-27T15:07:45+00:00\",\"breadcrumb\":{\"@id\":\"https:\\\/\\\/www.frabeg.de\\\/index.php\\\/2025\\\/04\\\/27\\\/frabeg-bei-vorstellung-der-klimabilanz-fuer-frankfurt-praesent\\\/#breadcrumb\"},\"inLanguage\":\"de\",\"potentialAction\":[{\"@type\":\"ReadAction\",\"target\":[\"https:\\\/\\\/www.frabeg.de\\\/index.php\\\/2025\\\/04\\\/27\\\/frabeg-bei-vorstellung-der-klimabilanz-fuer-frankfurt-praesent\\\/\"]}]},{\"@type\":\"ImageObject\",\"inLanguage\":\"de\",\"@id\":\"https:\\\/\\\/www.frabeg.de\\\/index.php\\\/2025\\\/04\\\/27\\\/frabeg-bei-vorstellung-der-klimabilanz-fuer-frankfurt-praesent\\\/#primaryimage\",\"url\":\"https:\\\/\\\/www.frabeg.de\\\/wp-content\\\/uploads\\\/2025\\\/04\\\/ar_FRB_LCI_Logo-C-04-b-HiRes_freistell_NEBENeinander_UM_0180424.png\",\"contentUrl\":\"https:\\\/\\\/www.frabeg.de\\\/wp-content\\\/uploads\\\/2025\\\/04\\\/ar_FRB_LCI_Logo-C-04-b-HiRes_freistell_NEBENeinander_UM_0180424.png\",\"width\":8000,\"height\":3000},{\"@type\":\"BreadcrumbList\",\"@id\":\"https:\\\/\\\/www.frabeg.de\\\/index.php\\\/2025\\\/04\\\/27\\\/frabeg-bei-vorstellung-der-klimabilanz-fuer-frankfurt-praesent\\\/#breadcrumb\",\"itemListElement\":[{\"@type\":\"ListItem\",\"position\":1,\"name\":\"Startseite\",\"item\":\"https:\\\/\\\/www.frabeg.de\\\/\"},{\"@type\":\"ListItem\",\"position\":2,\"name\":\"FraBeG bei Vorstellung der Klimabilanz f\u00fcr Frankfurt pr\u00e4sent\"}]},{\"@type\":\"WebSite\",\"@id\":\"https:\\\/\\\/www.frabeg.de\\\/#website\",\"url\":\"https:\\\/\\\/www.frabeg.de\\\/\",\"name\":\"Frankfurter B\u00fcrgerenergiegenossenschaft eG\",\"description\":\"Seien sie bei der Energiewende dabei\",\"publisher\":{\"@id\":\"https:\\\/\\\/www.frabeg.de\\\/#organization\"},\"potentialAction\":[{\"@type\":\"SearchAction\",\"target\":{\"@type\":\"EntryPoint\",\"urlTemplate\":\"https:\\\/\\\/www.frabeg.de\\\/?s={search_term_string}\"},\"query-input\":{\"@type\":\"PropertyValueSpecification\",\"valueRequired\":true,\"valueName\":\"search_term_string\"}}],\"inLanguage\":\"de\"},{\"@type\":\"Organization\",\"@id\":\"https:\\\/\\\/www.frabeg.de\\\/#organization\",\"name\":\"Frankfurter B\u00fcrgerenergiegenossenschaft eG\",\"url\":\"https:\\\/\\\/www.frabeg.de\\\/\",\"logo\":{\"@type\":\"ImageObject\",\"inLanguage\":\"de\",\"@id\":\"https:\\\/\\\/www.frabeg.de\\\/#\\\/schema\\\/logo\\\/image\\\/\",\"url\":\"https:\\\/\\\/www.frabeg.de\\\/wp-content\\\/uploads\\\/2024\\\/05\\\/ar_FRB_LCI_Logo-C-04-b-HiRes_freistell_NEBENeinander_UM_0180424.png\",\"contentUrl\":\"https:\\\/\\\/www.frabeg.de\\\/wp-content\\\/uploads\\\/2024\\\/05\\\/ar_FRB_LCI_Logo-C-04-b-HiRes_freistell_NEBENeinander_UM_0180424.png\",\"width\":8000,\"height\":3000,\"caption\":\"Frankfurter B\u00fcrgerenergiegenossenschaft eG\"},\"image\":{\"@id\":\"https:\\\/\\\/www.frabeg.de\\\/#\\\/schema\\\/logo\\\/image\\\/\"}},{\"@type\":\"Person\",\"@id\":\"https:\\\/\\\/www.frabeg.de\\\/#\\\/schema\\\/person\\\/581e01cefa7f04805f855d18805d5762\",\"name\":\"admin\",\"image\":{\"@type\":\"ImageObject\",\"inLanguage\":\"de\",\"@id\":\"https:\\\/\\\/secure.gravatar.com\\\/avatar\\\/76d187f7cecdac6652b9dcfaef58cda08a1823d0e12de71c5d9977b6c05cf1ae?s=96&d=mm&r=g\",\"url\":\"https:\\\/\\\/secure.gravatar.com\\\/avatar\\\/76d187f7cecdac6652b9dcfaef58cda08a1823d0e12de71c5d9977b6c05cf1ae?s=96&d=mm&r=g\",\"contentUrl\":\"https:\\\/\\\/secure.gravatar.com\\\/avatar\\\/76d187f7cecdac6652b9dcfaef58cda08a1823d0e12de71c5d9977b6c05cf1ae?s=96&d=mm&r=g\",\"caption\":\"admin\"},\"sameAs\":[\"https:\\\/\\\/www.frabeg.de\"],\"url\":\"https:\\\/\\\/www.frabeg.de\\\/index.php\\\/author\\\/fm_yismh9xu\\\/\"}]}<\/script>\n<!-- \/ Yoast SEO plugin. -->","yoast_head_json":{"title":"FraBeG bei Vorstellung der Klimabilanz f\u00fcr Frankfurt pr\u00e4sent - Frankfurter B\u00fcrgerenergiegenossenschaft eG","robots":{"index":"index","follow":"follow","max-snippet":"max-snippet:-1","max-image-preview":"max-image-preview:large","max-video-preview":"max-video-preview:-1"},"canonical":"https:\/\/www.frabeg.de\/index.php\/2025\/04\/27\/frabeg-bei-vorstellung-der-klimabilanz-fuer-frankfurt-praesent\/","schema":{"@context":"https:\/\/schema.org","@graph":[{"@type":"Article","@id":"https:\/\/www.frabeg.de\/index.php\/2025\/04\/27\/frabeg-bei-vorstellung-der-klimabilanz-fuer-frankfurt-praesent\/#article","isPartOf":{"@id":"https:\/\/www.frabeg.de\/index.php\/2025\/04\/27\/frabeg-bei-vorstellung-der-klimabilanz-fuer-frankfurt-praesent\/"},"author":{"name":"admin","@id":"https:\/\/www.frabeg.de\/#\/schema\/person\/581e01cefa7f04805f855d18805d5762"},"headline":"FraBeG bei Vorstellung der Klimabilanz f\u00fcr Frankfurt pr\u00e4sent","datePublished":"2025-04-27T15:04:55+00:00","dateModified":"2025-04-27T15:07:45+00:00","mainEntityOfPage":{"@id":"https:\/\/www.frabeg.de\/index.php\/2025\/04\/27\/frabeg-bei-vorstellung-der-klimabilanz-fuer-frankfurt-praesent\/"},"wordCount":176,"publisher":{"@id":"https:\/\/www.frabeg.de\/#organization"},"image":{"@id":"https:\/\/www.frabeg.de\/index.php\/2025\/04\/27\/frabeg-bei-vorstellung-der-klimabilanz-fuer-frankfurt-praesent\/#primaryimage"},"thumbnailUrl":"https:\/\/www.frabeg.de\/wp-content\/uploads\/2025\/04\/ar_FRB_LCI_Logo-C-04-b-HiRes_freistell_NEBENeinander_UM_0180424.png","keywords":["b\u00fcrgerenergiegenossenschaft","Energie- und Treibhausgas-Bilanz","Energie- und Umweltforschung Heidelberg","frabeg","frankfurt am main","Stadt Frankfurt"],"inLanguage":"de"},{"@type":"WebPage","@id":"https:\/\/www.frabeg.de\/index.php\/2025\/04\/27\/frabeg-bei-vorstellung-der-klimabilanz-fuer-frankfurt-praesent\/","url":"https:\/\/www.frabeg.de\/index.php\/2025\/04\/27\/frabeg-bei-vorstellung-der-klimabilanz-fuer-frankfurt-praesent\/","name":"FraBeG bei Vorstellung der Klimabilanz f\u00fcr Frankfurt pr\u00e4sent - Frankfurter B\u00fcrgerenergiegenossenschaft eG","isPartOf":{"@id":"https:\/\/www.frabeg.de\/#website"},"primaryImageOfPage":{"@id":"https:\/\/www.frabeg.de\/index.php\/2025\/04\/27\/frabeg-bei-vorstellung-der-klimabilanz-fuer-frankfurt-praesent\/#primaryimage"},"image":{"@id":"https:\/\/www.frabeg.de\/index.php\/2025\/04\/27\/frabeg-bei-vorstellung-der-klimabilanz-fuer-frankfurt-praesent\/#primaryimage"},"thumbnailUrl":"https:\/\/www.frabeg.de\/wp-content\/uploads\/2025\/04\/ar_FRB_LCI_Logo-C-04-b-HiRes_freistell_NEBENeinander_UM_0180424.png","datePublished":"2025-04-27T15:04:55+00:00","dateModified":"2025-04-27T15:07:45+00:00","breadcrumb":{"@id":"https:\/\/www.frabeg.de\/index.php\/2025\/04\/27\/frabeg-bei-vorstellung-der-klimabilanz-fuer-frankfurt-praesent\/#breadcrumb"},"inLanguage":"de","potentialAction":[{"@type":"ReadAction","target":["https:\/\/www.frabeg.de\/index.php\/2025\/04\/27\/frabeg-bei-vorstellung-der-klimabilanz-fuer-frankfurt-praesent\/"]}]},{"@type":"ImageObject","inLanguage":"de","@id":"https:\/\/www.frabeg.de\/index.php\/2025\/04\/27\/frabeg-bei-vorstellung-der-klimabilanz-fuer-frankfurt-praesent\/#primaryimage","url":"https:\/\/www.frabeg.de\/wp-content\/uploads\/2025\/04\/ar_FRB_LCI_Logo-C-04-b-HiRes_freistell_NEBENeinander_UM_0180424.png","contentUrl":"https:\/\/www.frabeg.de\/wp-content\/uploads\/2025\/04\/ar_FRB_LCI_Logo-C-04-b-HiRes_freistell_NEBENeinander_UM_0180424.png","width":8000,"height":3000},{"@type":"BreadcrumbList","@id":"https:\/\/www.frabeg.de\/index.php\/2025\/04\/27\/frabeg-bei-vorstellung-der-klimabilanz-fuer-frankfurt-praesent\/#breadcrumb","itemListElement":[{"@type":"ListItem","position":1,"name":"Startseite","item":"https:\/\/www.frabeg.de\/"},{"@type":"ListItem","position":2,"name":"FraBeG bei Vorstellung der Klimabilanz f\u00fcr Frankfurt pr\u00e4sent"}]},{"@type":"WebSite","@id":"https:\/\/www.frabeg.de\/#website","url":"https:\/\/www.frabeg.de\/","name":"Frankfurter B\u00fcrgerenergiegenossenschaft eG","description":"Seien sie bei der Energiewende dabei","publisher":{"@id":"https:\/\/www.frabeg.de\/#organization"},"potentialAction":[{"@type":"SearchAction","target":{"@type":"EntryPoint","urlTemplate":"https:\/\/www.frabeg.de\/?s={search_term_string}"},"query-input":{"@type":"PropertyValueSpecification","valueRequired":true,"valueName":"search_term_string"}}],"inLanguage":"de"},{"@type":"Organization","@id":"https:\/\/www.frabeg.de\/#organization","name":"Frankfurter B\u00fcrgerenergiegenossenschaft eG","url":"https:\/\/www.frabeg.de\/","logo":{"@type":"ImageObject","inLanguage":"de","@id":"https:\/\/www.frabeg.de\/#\/schema\/logo\/image\/","url":"https:\/\/www.frabeg.de\/wp-content\/uploads\/2024\/05\/ar_FRB_LCI_Logo-C-04-b-HiRes_freistell_NEBENeinander_UM_0180424.png","contentUrl":"https:\/\/www.frabeg.de\/wp-content\/uploads\/2024\/05\/ar_FRB_LCI_Logo-C-04-b-HiRes_freistell_NEBENeinander_UM_0180424.png","width":8000,"height":3000,"caption":"Frankfurter B\u00fcrgerenergiegenossenschaft eG"},"image":{"@id":"https:\/\/www.frabeg.de\/#\/schema\/logo\/image\/"}},{"@type":"Person","@id":"https:\/\/www.frabeg.de\/#\/schema\/person\/581e01cefa7f04805f855d18805d5762","name":"admin","image":{"@type":"ImageObject","inLanguage":"de","@id":"https:\/\/secure.gravatar.com\/avatar\/76d187f7cecdac6652b9dcfaef58cda08a1823d0e12de71c5d9977b6c05cf1ae?s=96&d=mm&r=g","url":"https:\/\/secure.gravatar.com\/avatar\/76d187f7cecdac6652b9dcfaef58cda08a1823d0e12de71c5d9977b6c05cf1ae?s=96&d=mm&r=g","contentUrl":"https:\/\/secure.gravatar.com\/avatar\/76d187f7cecdac6652b9dcfaef58cda08a1823d0e12de71c5d9977b6c05cf1ae?s=96&d=mm&r=g","caption":"admin"},"sameAs":["https:\/\/www.frabeg.de"],"url":"https:\/\/www.frabeg.de\/index.php\/author\/fm_yismh9xu\/"}]}},"_links":{"self":[{"href":"https:\/\/www.frabeg.de\/index.php\/wp-json\/wp\/v2\/posts\/1495","targetHints":{"allow":["GET"]}}],"collection":[{"href":"https:\/\/www.frabeg.de\/index.php\/wp-json\/wp\/v2\/posts"}],"about":[{"href":"https:\/\/www.frabeg.de\/index.php\/wp-json\/wp\/v2\/types\/post"}],"author":[{"embeddable":true,"href":"https:\/\/www.frabeg.de\/index.php\/wp-json\/wp\/v2\/users\/1"}],"replies":[{"embeddable":true,"href":"https:\/\/www.frabeg.de\/index.php\/wp-json\/wp\/v2\/comments?post=1495"}],"version-history":[{"count":1,"href":"https:\/\/www.frabeg.de\/index.php\/wp-json\/wp\/v2\/posts\/1495\/revisions"}],"predecessor-version":[{"id":1497,"href":"https:\/\/www.frabeg.de\/index.php\/wp-json\/wp\/v2\/posts\/1495\/revisions\/1497"}],"wp:featuredmedia":[{"embeddable":true,"href":"https:\/\/www.frabeg.de\/index.php\/wp-json\/wp\/v2\/media\/1453"}],"wp:attachment":[{"href":"https:\/\/www.frabeg.de\/index.php\/wp-json\/wp\/v2\/media?parent=1495"}],"wp:term":[{"taxonomy":"category","embeddable":true,"href":"https:\/\/www.frabeg.de\/index.php\/wp-json\/wp\/v2\/categories?post=1495"},{"taxonomy":"post_tag","embeddable":true,"href":"https:\/\/www.frabeg.de\/index.php\/wp-json\/wp\/v2\/tags?post=1495"}],"curies":[{"name":"wp","href":"https:\/\/api.w.org\/{rel}","templated":true}]}}