{"id":1472,"date":"2025-04-15T16:48:06","date_gmt":"2025-04-15T14:48:06","guid":{"rendered":"https:\/\/www.frabeg.de\/?p=1472"},"modified":"2025-04-27T16:53:00","modified_gmt":"2025-04-27T14:53:00","slug":"erste-erfolgreiche-generalversammlung-der-frankfurter-buergerenergiegenossenschaft","status":"publish","type":"post","link":"https:\/\/www.frabeg.de\/index.php\/2025\/04\/15\/erste-erfolgreiche-generalversammlung-der-frankfurter-buergerenergiegenossenschaft\/","title":{"rendered":"Erste erfolgreiche Generalversammlung der Frankfurter B\u00fcrgerenergiegenossenschaft"},"content":{"rendered":"\n<div class=\"wp-block-columns is-layout-flex wp-container-core-columns-is-layout-9d6595d7 wp-block-columns-is-layout-flex\">\n<div class=\"wp-block-column is-layout-flow wp-block-column-is-layout-flow\" style=\"flex-basis:50%\">\n<p>Die Frankfurter B\u00fcrgerenergiegenossenschaft (FraBeG) hat einen weiteren wichtigen Schritt in ihrer Entwicklung genommen. Bei der 1. ordentlichen Generalversammlung am 20. M\u00e4rz 2025 in Frankfurt-Riedberg wurden Vorstand und Aufsichtsrat einstimmig bei jeweils nur wenigen Enthaltungen von den Mitgliedern der FraBeG entlastet.\u00a0\u00a0<\/p>\n<\/div>\n\n\n\n<div class=\"wp-block-column is-layout-flow wp-block-column-is-layout-flow\" style=\"flex-basis:50%\">\n<figure class=\"wp-block-image size-large\"><img loading=\"lazy\" decoding=\"async\" width=\"1024\" height=\"576\" src=\"https:\/\/www.frabeg.de\/wp-content\/uploads\/2025\/04\/PXL_20250320_183956816-1024x576.jpg\" alt=\"\" class=\"wp-image-1489\" srcset=\"https:\/\/www.frabeg.de\/wp-content\/uploads\/2025\/04\/PXL_20250320_183956816-1024x576.jpg 1024w, https:\/\/www.frabeg.de\/wp-content\/uploads\/2025\/04\/PXL_20250320_183956816-300x169.jpg 300w, https:\/\/www.frabeg.de\/wp-content\/uploads\/2025\/04\/PXL_20250320_183956816-768x432.jpg 768w, https:\/\/www.frabeg.de\/wp-content\/uploads\/2025\/04\/PXL_20250320_183956816-1536x864.jpg 1536w, https:\/\/www.frabeg.de\/wp-content\/uploads\/2025\/04\/PXL_20250320_183956816-2048x1152.jpg 2048w\" sizes=\"auto, (max-width: 1024px) 100vw, 1024px\" \/><\/figure>\n<\/div>\n<\/div>\n\n\n\n<p>Vorstand Christian Stenglein lie\u00df vor knapp 50 anwesenden Mitgliedern das vergangene Jahr Revue passieren. H\u00f6hepunkt f\u00fcr die Genossenschaft sei im November die Einweihung der ersten von der FraBeG projektierten und finanzierten Solaranlage auf dem Dach der Josefine-Baker-Schule in Frankfurt-Riedberg gewesen. Dabei war die Stadt mit Oberb\u00fcrgermeister Mike Josef und Klima-Dezernentin Tina Zapf-Rodriguez prominent vertreten. Dass die Schule 90 Prozent des produzierten Stroms unmittelbar verbrauche, sei f\u00fcr die FraBeG finanziell vorteilhafter als die Einspeisung des Stroms, erl\u00e4uterte Stenglein.&nbsp;<\/p>\n\n\n\n<p>Die von den ingesamt rund 130 Mitgliedern der FraBeG gezeichneten Anteile h\u00e4tten einen Gegenwert von rund 181.000 Euro, berichtete Vorstand Markus Schaufler. Etwa 70 Prozent dieses Verm\u00f6gens seien in der PV-Anlage in der Josefine-Baker-Schule gebunden. Schaufler verwies darauf, die FraBeG habe zwar schon die ersten Einnahmen zu verzeichnen, dennoch seien diese 2024 noch geringer gewesen, als die Kosten der Gr\u00fcndung und der Betriebsaufnahme. Schaufler empfahl daher in der Generalversammlung, f\u00fcr 2024 keine Aussch\u00fcttung an die Mitglieder vorzunehmen. Die Renditeerwartung f\u00fcr die kommenden Jahre bezifferte er auf zwei bis drei Prozent.&nbsp;<\/p>\n\n\n\n<div class=\"wp-block-columns is-layout-flex wp-container-core-columns-is-layout-9d6595d7 wp-block-columns-is-layout-flex\">\n<div class=\"wp-block-column is-layout-flow wp-block-column-is-layout-flow\" style=\"flex-basis:50%\">\n<figure class=\"wp-block-image size-large\"><img loading=\"lazy\" decoding=\"async\" width=\"2560\" height=\"1440\" src=\"https:\/\/www.frabeg.de\/wp-content\/uploads\/2025\/04\/IMG_20250320_194618-edited-scaled.jpg\" alt=\"\" class=\"wp-image-1490\" srcset=\"https:\/\/www.frabeg.de\/wp-content\/uploads\/2025\/04\/IMG_20250320_194618-edited-scaled.jpg 2560w, https:\/\/www.frabeg.de\/wp-content\/uploads\/2025\/04\/IMG_20250320_194618-edited-300x169.jpg 300w, https:\/\/www.frabeg.de\/wp-content\/uploads\/2025\/04\/IMG_20250320_194618-edited-1024x576.jpg 1024w, https:\/\/www.frabeg.de\/wp-content\/uploads\/2025\/04\/IMG_20250320_194618-edited-768x432.jpg 768w, https:\/\/www.frabeg.de\/wp-content\/uploads\/2025\/04\/IMG_20250320_194618-edited-1536x864.jpg 1536w, https:\/\/www.frabeg.de\/wp-content\/uploads\/2025\/04\/IMG_20250320_194618-edited-2048x1152.jpg 2048w\" sizes=\"auto, (max-width: 2560px) 100vw, 2560px\" \/><\/figure>\n<\/div>\n\n\n\n<div class=\"wp-block-column is-layout-flow wp-block-column-is-layout-flow\" style=\"flex-basis:50%\">\n<p>Vorstand Lothar Stanka betonte, der bisherige Erfolg der FraBeG verdanke sich insbesondere den aktiven Mitgliedern der Genossenschaft. Wer sich aktiv einbringen wolle, sei im Team der FraBeG immer herzlich willkommen, so Stanka. Er k\u00fcndigte ein neues digitales Format an, bei dem sich der Vorstand regelm\u00e4\u00dfig den Fragen von Mitgliedern und Interessierten stellen wird.\u00a0\u00a0<\/p>\n<\/div>\n<\/div>\n\n\n\n<p>Der Aufsichtsratsvorsitzende Andreas Heming dankte dem Vorstand f\u00fcr seine geleistete Arbeit. Die FraBeG sei bei der Stadt Frankfurt auf offene T\u00fcren gesto\u00dfen. Man sei als \u201eEhrenamtler in die Politik eingetreten\u201c und habe die Genossenschaft inzwischen erfolgreich politisch vernetzen k\u00f6nnen. Heming k\u00fcndigte an, auch im laufenden Jahr wolle sich die FraBeG weiterhin bei Ortsbeir\u00e4ten und Vereinen in Frankfurt vorstellen. Das Ziel der Genossenschaft laute unver\u00e4ndert: \u201eDie Energiewende geh\u00f6rt in B\u00fcrgerh\u00e4nde.\u201c&nbsp;<\/p>\n\n\n\n<p><\/p>\n","protected":false},"excerpt":{"rendered":"<p>Die Frankfurter B\u00fcrgerenergiegenossenschaft (FraBeG) hat einen weiteren wichtigen Schritt in ihrer Entwicklung genommen. Bei der 1. ordentlichen Generalversammlung am 20. M\u00e4rz 2025 in Frankfurt-Riedberg wurden Vorstand und Aufsichtsrat einstimmig bei jeweils nur wenigen Enthaltungen von den Mitgliedern der FraBeG entlastet.\u00a0\u00a0 Vorstand Christian Stenglein lie\u00df vor knapp 50 anwesenden Mitgliedern das vergangene Jahr Revue passieren. H\u00f6hepunkt&#8230;<\/p>\n","protected":false},"author":1,"featured_media":1474,"comment_status":"closed","ping_status":"open","sticky":false,"template":"","format":"standard","meta":{"_kadence_starter_templates_imported_post":false,"_kad_post_transparent":"","_kad_post_title":"","_kad_post_layout":"","_kad_post_sidebar_id":"","_kad_post_content_style":"","_kad_post_vertical_padding":"","_kad_post_feature":"","_kad_post_feature_position":"","_kad_post_header":false,"_kad_post_footer":false,"_kad_post_classname":"","footnotes":""},"categories":[1],"tags":[20,48,18,33,49],"class_list":["post-1472","post","type-post","status-publish","format-standard","has-post-thumbnail","hentry","category-allgemeine-news","tag-buergerenergiegenossenschaft","tag-erste-generalversammlung","tag-frabeg","tag-frankfurt-riedberg","tag-generalversammlung"],"yoast_head":"<!-- This site is optimized with the Yoast SEO plugin v27.4 - https:\/\/yoast.com\/product\/yoast-seo-wordpress\/ -->\n<title>Erste erfolgreiche Generalversammlung der Frankfurter B\u00fcrgerenergiegenossenschaft - Frankfurter B\u00fcrgerenergiegenossenschaft eG<\/title>\n<meta name=\"robots\" content=\"index, follow, max-snippet:-1, max-image-preview:large, max-video-preview:-1\" \/>\n<link rel=\"canonical\" href=\"https:\/\/www.frabeg.de\/index.php\/2025\/04\/15\/erste-erfolgreiche-generalversammlung-der-frankfurter-buergerenergiegenossenschaft\/\" \/>\n<script type=\"application\/ld+json\" class=\"yoast-schema-graph\">{\"@context\":\"https:\\\/\\\/schema.org\",\"@graph\":[{\"@type\":\"Article\",\"@id\":\"https:\\\/\\\/www.frabeg.de\\\/index.php\\\/2025\\\/04\\\/15\\\/erste-erfolgreiche-generalversammlung-der-frankfurter-buergerenergiegenossenschaft\\\/#article\",\"isPartOf\":{\"@id\":\"https:\\\/\\\/www.frabeg.de\\\/index.php\\\/2025\\\/04\\\/15\\\/erste-erfolgreiche-generalversammlung-der-frankfurter-buergerenergiegenossenschaft\\\/\"},\"author\":{\"name\":\"admin\",\"@id\":\"https:\\\/\\\/www.frabeg.de\\\/#\\\/schema\\\/person\\\/581e01cefa7f04805f855d18805d5762\"},\"headline\":\"Erste erfolgreiche Generalversammlung der Frankfurter B\u00fcrgerenergiegenossenschaft\",\"datePublished\":\"2025-04-15T14:48:06+00:00\",\"dateModified\":\"2025-04-27T14:53:00+00:00\",\"mainEntityOfPage\":{\"@id\":\"https:\\\/\\\/www.frabeg.de\\\/index.php\\\/2025\\\/04\\\/15\\\/erste-erfolgreiche-generalversammlung-der-frankfurter-buergerenergiegenossenschaft\\\/\"},\"wordCount\":354,\"publisher\":{\"@id\":\"https:\\\/\\\/www.frabeg.de\\\/#organization\"},\"image\":{\"@id\":\"https:\\\/\\\/www.frabeg.de\\\/index.php\\\/2025\\\/04\\\/15\\\/erste-erfolgreiche-generalversammlung-der-frankfurter-buergerenergiegenossenschaft\\\/#primaryimage\"},\"thumbnailUrl\":\"https:\\\/\\\/www.frabeg.de\\\/wp-content\\\/uploads\\\/2025\\\/04\\\/20250320_190305_HDR-scaled.jpg\",\"keywords\":[\"b\u00fcrgerenergiegenossenschaft\",\"Erste Generalversammlung\",\"frabeg\",\"Frankfurt-Riedberg\",\"Generalversammlung\"],\"inLanguage\":\"de\"},{\"@type\":\"WebPage\",\"@id\":\"https:\\\/\\\/www.frabeg.de\\\/index.php\\\/2025\\\/04\\\/15\\\/erste-erfolgreiche-generalversammlung-der-frankfurter-buergerenergiegenossenschaft\\\/\",\"url\":\"https:\\\/\\\/www.frabeg.de\\\/index.php\\\/2025\\\/04\\\/15\\\/erste-erfolgreiche-generalversammlung-der-frankfurter-buergerenergiegenossenschaft\\\/\",\"name\":\"Erste erfolgreiche Generalversammlung der Frankfurter B\u00fcrgerenergiegenossenschaft - Frankfurter B\u00fcrgerenergiegenossenschaft eG\",\"isPartOf\":{\"@id\":\"https:\\\/\\\/www.frabeg.de\\\/#website\"},\"primaryImageOfPage\":{\"@id\":\"https:\\\/\\\/www.frabeg.de\\\/index.php\\\/2025\\\/04\\\/15\\\/erste-erfolgreiche-generalversammlung-der-frankfurter-buergerenergiegenossenschaft\\\/#primaryimage\"},\"image\":{\"@id\":\"https:\\\/\\\/www.frabeg.de\\\/index.php\\\/2025\\\/04\\\/15\\\/erste-erfolgreiche-generalversammlung-der-frankfurter-buergerenergiegenossenschaft\\\/#primaryimage\"},\"thumbnailUrl\":\"https:\\\/\\\/www.frabeg.de\\\/wp-content\\\/uploads\\\/2025\\\/04\\\/20250320_190305_HDR-scaled.jpg\",\"datePublished\":\"2025-04-15T14:48:06+00:00\",\"dateModified\":\"2025-04-27T14:53:00+00:00\",\"breadcrumb\":{\"@id\":\"https:\\\/\\\/www.frabeg.de\\\/index.php\\\/2025\\\/04\\\/15\\\/erste-erfolgreiche-generalversammlung-der-frankfurter-buergerenergiegenossenschaft\\\/#breadcrumb\"},\"inLanguage\":\"de\",\"potentialAction\":[{\"@type\":\"ReadAction\",\"target\":[\"https:\\\/\\\/www.frabeg.de\\\/index.php\\\/2025\\\/04\\\/15\\\/erste-erfolgreiche-generalversammlung-der-frankfurter-buergerenergiegenossenschaft\\\/\"]}]},{\"@type\":\"ImageObject\",\"inLanguage\":\"de\",\"@id\":\"https:\\\/\\\/www.frabeg.de\\\/index.php\\\/2025\\\/04\\\/15\\\/erste-erfolgreiche-generalversammlung-der-frankfurter-buergerenergiegenossenschaft\\\/#primaryimage\",\"url\":\"https:\\\/\\\/www.frabeg.de\\\/wp-content\\\/uploads\\\/2025\\\/04\\\/20250320_190305_HDR-scaled.jpg\",\"contentUrl\":\"https:\\\/\\\/www.frabeg.de\\\/wp-content\\\/uploads\\\/2025\\\/04\\\/20250320_190305_HDR-scaled.jpg\",\"width\":2560,\"height\":1440,\"caption\":\"HDR debug info : SBAR:2.8 WHAR:0.5 BAR:3.1 WBR:68.3 WDR:5.1 CB:1 CR:0.2 U:-21 UW:-4 US:-21 LIF:1.0 OCD:0 EXT:0.0 UGN:0.0 AIScene(33) HDR ret(0) Bracket Info:0,-21,0,0,0,0 AC brightness(95.2) bright_enhenced_level(12.2) brightness_shift(1.4) brightness_high_level(174), contrast_enhanced_level(1.3) WDR(0,0)SV(3)SGL(0)HGL(0)SGLPU(0)SGLAY(0)AY(107)\"},{\"@type\":\"BreadcrumbList\",\"@id\":\"https:\\\/\\\/www.frabeg.de\\\/index.php\\\/2025\\\/04\\\/15\\\/erste-erfolgreiche-generalversammlung-der-frankfurter-buergerenergiegenossenschaft\\\/#breadcrumb\",\"itemListElement\":[{\"@type\":\"ListItem\",\"position\":1,\"name\":\"Startseite\",\"item\":\"https:\\\/\\\/www.frabeg.de\\\/\"},{\"@type\":\"ListItem\",\"position\":2,\"name\":\"Erste erfolgreiche Generalversammlung der Frankfurter B\u00fcrgerenergiegenossenschaft\"}]},{\"@type\":\"WebSite\",\"@id\":\"https:\\\/\\\/www.frabeg.de\\\/#website\",\"url\":\"https:\\\/\\\/www.frabeg.de\\\/\",\"name\":\"Frankfurter B\u00fcrgerenergiegenossenschaft eG\",\"description\":\"Seien sie bei der Energiewende dabei\",\"publisher\":{\"@id\":\"https:\\\/\\\/www.frabeg.de\\\/#organization\"},\"potentialAction\":[{\"@type\":\"SearchAction\",\"target\":{\"@type\":\"EntryPoint\",\"urlTemplate\":\"https:\\\/\\\/www.frabeg.de\\\/?s={search_term_string}\"},\"query-input\":{\"@type\":\"PropertyValueSpecification\",\"valueRequired\":true,\"valueName\":\"search_term_string\"}}],\"inLanguage\":\"de\"},{\"@type\":\"Organization\",\"@id\":\"https:\\\/\\\/www.frabeg.de\\\/#organization\",\"name\":\"Frankfurter B\u00fcrgerenergiegenossenschaft eG\",\"url\":\"https:\\\/\\\/www.frabeg.de\\\/\",\"logo\":{\"@type\":\"ImageObject\",\"inLanguage\":\"de\",\"@id\":\"https:\\\/\\\/www.frabeg.de\\\/#\\\/schema\\\/logo\\\/image\\\/\",\"url\":\"https:\\\/\\\/www.frabeg.de\\\/wp-content\\\/uploads\\\/2024\\\/05\\\/ar_FRB_LCI_Logo-C-04-b-HiRes_freistell_NEBENeinander_UM_0180424.png\",\"contentUrl\":\"https:\\\/\\\/www.frabeg.de\\\/wp-content\\\/uploads\\\/2024\\\/05\\\/ar_FRB_LCI_Logo-C-04-b-HiRes_freistell_NEBENeinander_UM_0180424.png\",\"width\":8000,\"height\":3000,\"caption\":\"Frankfurter B\u00fcrgerenergiegenossenschaft eG\"},\"image\":{\"@id\":\"https:\\\/\\\/www.frabeg.de\\\/#\\\/schema\\\/logo\\\/image\\\/\"}},{\"@type\":\"Person\",\"@id\":\"https:\\\/\\\/www.frabeg.de\\\/#\\\/schema\\\/person\\\/581e01cefa7f04805f855d18805d5762\",\"name\":\"admin\",\"image\":{\"@type\":\"ImageObject\",\"inLanguage\":\"de\",\"@id\":\"https:\\\/\\\/secure.gravatar.com\\\/avatar\\\/76d187f7cecdac6652b9dcfaef58cda08a1823d0e12de71c5d9977b6c05cf1ae?s=96&d=mm&r=g\",\"url\":\"https:\\\/\\\/secure.gravatar.com\\\/avatar\\\/76d187f7cecdac6652b9dcfaef58cda08a1823d0e12de71c5d9977b6c05cf1ae?s=96&d=mm&r=g\",\"contentUrl\":\"https:\\\/\\\/secure.gravatar.com\\\/avatar\\\/76d187f7cecdac6652b9dcfaef58cda08a1823d0e12de71c5d9977b6c05cf1ae?s=96&d=mm&r=g\",\"caption\":\"admin\"},\"sameAs\":[\"https:\\\/\\\/www.frabeg.de\"],\"url\":\"https:\\\/\\\/www.frabeg.de\\\/index.php\\\/author\\\/fm_yismh9xu\\\/\"}]}<\/script>\n<!-- \/ Yoast SEO plugin. -->","yoast_head_json":{"title":"Erste erfolgreiche Generalversammlung der Frankfurter B\u00fcrgerenergiegenossenschaft - Frankfurter B\u00fcrgerenergiegenossenschaft eG","robots":{"index":"index","follow":"follow","max-snippet":"max-snippet:-1","max-image-preview":"max-image-preview:large","max-video-preview":"max-video-preview:-1"},"canonical":"https:\/\/www.frabeg.de\/index.php\/2025\/04\/15\/erste-erfolgreiche-generalversammlung-der-frankfurter-buergerenergiegenossenschaft\/","schema":{"@context":"https:\/\/schema.org","@graph":[{"@type":"Article","@id":"https:\/\/www.frabeg.de\/index.php\/2025\/04\/15\/erste-erfolgreiche-generalversammlung-der-frankfurter-buergerenergiegenossenschaft\/#article","isPartOf":{"@id":"https:\/\/www.frabeg.de\/index.php\/2025\/04\/15\/erste-erfolgreiche-generalversammlung-der-frankfurter-buergerenergiegenossenschaft\/"},"author":{"name":"admin","@id":"https:\/\/www.frabeg.de\/#\/schema\/person\/581e01cefa7f04805f855d18805d5762"},"headline":"Erste erfolgreiche Generalversammlung der Frankfurter B\u00fcrgerenergiegenossenschaft","datePublished":"2025-04-15T14:48:06+00:00","dateModified":"2025-04-27T14:53:00+00:00","mainEntityOfPage":{"@id":"https:\/\/www.frabeg.de\/index.php\/2025\/04\/15\/erste-erfolgreiche-generalversammlung-der-frankfurter-buergerenergiegenossenschaft\/"},"wordCount":354,"publisher":{"@id":"https:\/\/www.frabeg.de\/#organization"},"image":{"@id":"https:\/\/www.frabeg.de\/index.php\/2025\/04\/15\/erste-erfolgreiche-generalversammlung-der-frankfurter-buergerenergiegenossenschaft\/#primaryimage"},"thumbnailUrl":"https:\/\/www.frabeg.de\/wp-content\/uploads\/2025\/04\/20250320_190305_HDR-scaled.jpg","keywords":["b\u00fcrgerenergiegenossenschaft","Erste Generalversammlung","frabeg","Frankfurt-Riedberg","Generalversammlung"],"inLanguage":"de"},{"@type":"WebPage","@id":"https:\/\/www.frabeg.de\/index.php\/2025\/04\/15\/erste-erfolgreiche-generalversammlung-der-frankfurter-buergerenergiegenossenschaft\/","url":"https:\/\/www.frabeg.de\/index.php\/2025\/04\/15\/erste-erfolgreiche-generalversammlung-der-frankfurter-buergerenergiegenossenschaft\/","name":"Erste erfolgreiche Generalversammlung der Frankfurter B\u00fcrgerenergiegenossenschaft - Frankfurter B\u00fcrgerenergiegenossenschaft eG","isPartOf":{"@id":"https:\/\/www.frabeg.de\/#website"},"primaryImageOfPage":{"@id":"https:\/\/www.frabeg.de\/index.php\/2025\/04\/15\/erste-erfolgreiche-generalversammlung-der-frankfurter-buergerenergiegenossenschaft\/#primaryimage"},"image":{"@id":"https:\/\/www.frabeg.de\/index.php\/2025\/04\/15\/erste-erfolgreiche-generalversammlung-der-frankfurter-buergerenergiegenossenschaft\/#primaryimage"},"thumbnailUrl":"https:\/\/www.frabeg.de\/wp-content\/uploads\/2025\/04\/20250320_190305_HDR-scaled.jpg","datePublished":"2025-04-15T14:48:06+00:00","dateModified":"2025-04-27T14:53:00+00:00","breadcrumb":{"@id":"https:\/\/www.frabeg.de\/index.php\/2025\/04\/15\/erste-erfolgreiche-generalversammlung-der-frankfurter-buergerenergiegenossenschaft\/#breadcrumb"},"inLanguage":"de","potentialAction":[{"@type":"ReadAction","target":["https:\/\/www.frabeg.de\/index.php\/2025\/04\/15\/erste-erfolgreiche-generalversammlung-der-frankfurter-buergerenergiegenossenschaft\/"]}]},{"@type":"ImageObject","inLanguage":"de","@id":"https:\/\/www.frabeg.de\/index.php\/2025\/04\/15\/erste-erfolgreiche-generalversammlung-der-frankfurter-buergerenergiegenossenschaft\/#primaryimage","url":"https:\/\/www.frabeg.de\/wp-content\/uploads\/2025\/04\/20250320_190305_HDR-scaled.jpg","contentUrl":"https:\/\/www.frabeg.de\/wp-content\/uploads\/2025\/04\/20250320_190305_HDR-scaled.jpg","width":2560,"height":1440,"caption":"HDR debug info : SBAR:2.8 WHAR:0.5 BAR:3.1 WBR:68.3 WDR:5.1 CB:1 CR:0.2 U:-21 UW:-4 US:-21 LIF:1.0 OCD:0 EXT:0.0 UGN:0.0 AIScene(33) HDR ret(0) Bracket Info:0,-21,0,0,0,0 AC brightness(95.2) bright_enhenced_level(12.2) brightness_shift(1.4) brightness_high_level(174), contrast_enhanced_level(1.3) WDR(0,0)SV(3)SGL(0)HGL(0)SGLPU(0)SGLAY(0)AY(107)"},{"@type":"BreadcrumbList","@id":"https:\/\/www.frabeg.de\/index.php\/2025\/04\/15\/erste-erfolgreiche-generalversammlung-der-frankfurter-buergerenergiegenossenschaft\/#breadcrumb","itemListElement":[{"@type":"ListItem","position":1,"name":"Startseite","item":"https:\/\/www.frabeg.de\/"},{"@type":"ListItem","position":2,"name":"Erste erfolgreiche Generalversammlung der Frankfurter B\u00fcrgerenergiegenossenschaft"}]},{"@type":"WebSite","@id":"https:\/\/www.frabeg.de\/#website","url":"https:\/\/www.frabeg.de\/","name":"Frankfurter B\u00fcrgerenergiegenossenschaft eG","description":"Seien sie bei der Energiewende dabei","publisher":{"@id":"https:\/\/www.frabeg.de\/#organization"},"potentialAction":[{"@type":"SearchAction","target":{"@type":"EntryPoint","urlTemplate":"https:\/\/www.frabeg.de\/?s={search_term_string}"},"query-input":{"@type":"PropertyValueSpecification","valueRequired":true,"valueName":"search_term_string"}}],"inLanguage":"de"},{"@type":"Organization","@id":"https:\/\/www.frabeg.de\/#organization","name":"Frankfurter B\u00fcrgerenergiegenossenschaft eG","url":"https:\/\/www.frabeg.de\/","logo":{"@type":"ImageObject","inLanguage":"de","@id":"https:\/\/www.frabeg.de\/#\/schema\/logo\/image\/","url":"https:\/\/www.frabeg.de\/wp-content\/uploads\/2024\/05\/ar_FRB_LCI_Logo-C-04-b-HiRes_freistell_NEBENeinander_UM_0180424.png","contentUrl":"https:\/\/www.frabeg.de\/wp-content\/uploads\/2024\/05\/ar_FRB_LCI_Logo-C-04-b-HiRes_freistell_NEBENeinander_UM_0180424.png","width":8000,"height":3000,"caption":"Frankfurter B\u00fcrgerenergiegenossenschaft eG"},"image":{"@id":"https:\/\/www.frabeg.de\/#\/schema\/logo\/image\/"}},{"@type":"Person","@id":"https:\/\/www.frabeg.de\/#\/schema\/person\/581e01cefa7f04805f855d18805d5762","name":"admin","image":{"@type":"ImageObject","inLanguage":"de","@id":"https:\/\/secure.gravatar.com\/avatar\/76d187f7cecdac6652b9dcfaef58cda08a1823d0e12de71c5d9977b6c05cf1ae?s=96&d=mm&r=g","url":"https:\/\/secure.gravatar.com\/avatar\/76d187f7cecdac6652b9dcfaef58cda08a1823d0e12de71c5d9977b6c05cf1ae?s=96&d=mm&r=g","contentUrl":"https:\/\/secure.gravatar.com\/avatar\/76d187f7cecdac6652b9dcfaef58cda08a1823d0e12de71c5d9977b6c05cf1ae?s=96&d=mm&r=g","caption":"admin"},"sameAs":["https:\/\/www.frabeg.de"],"url":"https:\/\/www.frabeg.de\/index.php\/author\/fm_yismh9xu\/"}]}},"_links":{"self":[{"href":"https:\/\/www.frabeg.de\/index.php\/wp-json\/wp\/v2\/posts\/1472","targetHints":{"allow":["GET"]}}],"collection":[{"href":"https:\/\/www.frabeg.de\/index.php\/wp-json\/wp\/v2\/posts"}],"about":[{"href":"https:\/\/www.frabeg.de\/index.php\/wp-json\/wp\/v2\/types\/post"}],"author":[{"embeddable":true,"href":"https:\/\/www.frabeg.de\/index.php\/wp-json\/wp\/v2\/users\/1"}],"replies":[{"embeddable":true,"href":"https:\/\/www.frabeg.de\/index.php\/wp-json\/wp\/v2\/comments?post=1472"}],"version-history":[{"count":8,"href":"https:\/\/www.frabeg.de\/index.php\/wp-json\/wp\/v2\/posts\/1472\/revisions"}],"predecessor-version":[{"id":1493,"href":"https:\/\/www.frabeg.de\/index.php\/wp-json\/wp\/v2\/posts\/1472\/revisions\/1493"}],"wp:featuredmedia":[{"embeddable":true,"href":"https:\/\/www.frabeg.de\/index.php\/wp-json\/wp\/v2\/media\/1474"}],"wp:attachment":[{"href":"https:\/\/www.frabeg.de\/index.php\/wp-json\/wp\/v2\/media?parent=1472"}],"wp:term":[{"taxonomy":"category","embeddable":true,"href":"https:\/\/www.frabeg.de\/index.php\/wp-json\/wp\/v2\/categories?post=1472"},{"taxonomy":"post_tag","embeddable":true,"href":"https:\/\/www.frabeg.de\/index.php\/wp-json\/wp\/v2\/tags?post=1472"}],"curies":[{"name":"wp","href":"https:\/\/api.w.org\/{rel}","templated":true}]}}