{"id":1452,"date":"2025-04-13T12:51:46","date_gmt":"2025-04-13T10:51:46","guid":{"rendered":"https:\/\/www.frabeg.de\/?p=1452"},"modified":"2025-04-20T19:47:57","modified_gmt":"2025-04-20T17:47:57","slug":"frabeg-stellt-sich-bei-der-goethe-universitaet-vor","status":"publish","type":"post","link":"https:\/\/www.frabeg.de\/index.php\/2025\/04\/13\/frabeg-stellt-sich-bei-der-goethe-universitaet-vor\/","title":{"rendered":"FraBeG stellt sich bei der Goethe-Universit\u00e4t vor"},"content":{"rendered":"\n<p>Die Frankfurter B\u00fcrgerenergiegenossenschaft (FraBeG) hat sich am 10. Februar an der Johann Wolfgang Goethe-Universit\u00e4t bei dem Verein U3L vorgestellt. Diese Abk\u00fcrzung steht f\u00fcr \u201eUniversit\u00e4t des 3. Lebensalters\u201c \u2013 der bereits seit 1982 bestehende Verein mit rund 650 Mitgliedern b\u00fcndelt an der Universit\u00e4t die Interessen \u00e4lterer Studierender.<\/p>\n\n\n\n<p>Die U3L-Diskussionsgruppe \u201eDie Zukunft unserer Gesellschaft\u201c hatte die FraBeG zur Vorstellung der Genossenschaft eingeladen. Vorstandsmitglied Christian Stenglein und der Vorsitzende des Aufsichtsrats Andreas Heming pr\u00e4sentierten bei der hybriden Veranstaltung vor knapp 20 Zuschauern Konzept und Ziele der FraBeG und die \u2013 noch junge \u2013 Geschichte der ersten Frankfurter B\u00fcrgerenergiegenossenschaft.<\/p>\n\n\n\n<p>Auch das erste Projekt der FrabeG, die im November 2024 in Betrieb genommene PV-Anlage auf dem Dach der Josephine-Baker-Schule in Frankfurt-Riedberg, wurde dabei vorgestellt. Beide FraBeG-Vertreter betonten, um die Energiewende voranzutreiben, m\u00fcssten lokale Wertsch\u00f6pfung und die Beteiligung der B\u00fcrgerinnen und B\u00fcrger das \u201eneue Normal\u201c werden.<\/p>\n\n\n\n<p>\u201eJeder kann einen Beitrag zur Energiewende leisten\u201c, betonte Aufsichtsrat Andreas Heming im Anschluss \u2013 sei es durch Kauf von Genossenschaftsanteilen oder durch aktive Beteiligung an den Arbeitsgruppen der FraBeG.<\/p>\n\n\n\n<p><\/p>\n\n\n\n<p><\/p>\n","protected":false},"excerpt":{"rendered":"<p>Die Frankfurter B\u00fcrgerenergiegenossenschaft (FraBeG) hat sich am 10. Februar an der Johann Wolfgang Goethe-Universit\u00e4t bei dem Verein U3L vorgestellt. Diese Abk\u00fcrzung steht f\u00fcr \u201eUniversit\u00e4t des 3. Lebensalters\u201c \u2013 der bereits seit 1982 bestehende Verein mit rund 650 Mitgliedern b\u00fcndelt an der Universit\u00e4t die Interessen \u00e4lterer Studierender. Die U3L-Diskussionsgruppe \u201eDie Zukunft unserer Gesellschaft\u201c hatte die FraBeG&#8230;<\/p>\n","protected":false},"author":1,"featured_media":1453,"comment_status":"closed","ping_status":"open","sticky":false,"template":"","format":"standard","meta":{"_kadence_starter_templates_imported_post":false,"_kad_post_transparent":"","_kad_post_title":"","_kad_post_layout":"","_kad_post_sidebar_id":"","_kad_post_content_style":"","_kad_post_vertical_padding":"","_kad_post_feature":"","_kad_post_feature_position":"","_kad_post_header":false,"_kad_post_footer":false,"_kad_post_classname":"","footnotes":""},"categories":[1],"tags":[20,18,19,33,44,45,43,46,47],"class_list":["post-1452","post","type-post","status-publish","format-standard","has-post-thumbnail","hentry","category-allgemeine-news","tag-buergerenergiegenossenschaft","tag-frabeg","tag-frankfurt-am-main","tag-frankfurt-riedberg","tag-goethe-universitaet-frankfurt","tag-universitaet-des-3-lebensalters","tag-verein-u3l","tag-zukunft","tag-zukunft-unserer-gesellschaft"],"yoast_head":"<!-- This site is optimized with the Yoast SEO plugin v27.4 - https:\/\/yoast.com\/product\/yoast-seo-wordpress\/ -->\n<title>FraBeG stellt sich bei der Goethe-Universit\u00e4t vor - Frankfurter B\u00fcrgerenergiegenossenschaft eG<\/title>\n<meta name=\"robots\" content=\"index, follow, max-snippet:-1, max-image-preview:large, max-video-preview:-1\" \/>\n<link rel=\"canonical\" href=\"https:\/\/www.frabeg.de\/index.php\/2025\/04\/13\/frabeg-stellt-sich-bei-der-goethe-universitaet-vor\/\" \/>\n<script type=\"application\/ld+json\" class=\"yoast-schema-graph\">{\"@context\":\"https:\\\/\\\/schema.org\",\"@graph\":[{\"@type\":\"Article\",\"@id\":\"https:\\\/\\\/www.frabeg.de\\\/index.php\\\/2025\\\/04\\\/13\\\/frabeg-stellt-sich-bei-der-goethe-universitaet-vor\\\/#article\",\"isPartOf\":{\"@id\":\"https:\\\/\\\/www.frabeg.de\\\/index.php\\\/2025\\\/04\\\/13\\\/frabeg-stellt-sich-bei-der-goethe-universitaet-vor\\\/\"},\"author\":{\"name\":\"admin\",\"@id\":\"https:\\\/\\\/www.frabeg.de\\\/#\\\/schema\\\/person\\\/581e01cefa7f04805f855d18805d5762\"},\"headline\":\"FraBeG stellt sich bei der Goethe-Universit\u00e4t vor\",\"datePublished\":\"2025-04-13T10:51:46+00:00\",\"dateModified\":\"2025-04-20T17:47:57+00:00\",\"mainEntityOfPage\":{\"@id\":\"https:\\\/\\\/www.frabeg.de\\\/index.php\\\/2025\\\/04\\\/13\\\/frabeg-stellt-sich-bei-der-goethe-universitaet-vor\\\/\"},\"wordCount\":182,\"publisher\":{\"@id\":\"https:\\\/\\\/www.frabeg.de\\\/#organization\"},\"image\":{\"@id\":\"https:\\\/\\\/www.frabeg.de\\\/index.php\\\/2025\\\/04\\\/13\\\/frabeg-stellt-sich-bei-der-goethe-universitaet-vor\\\/#primaryimage\"},\"thumbnailUrl\":\"https:\\\/\\\/www.frabeg.de\\\/wp-content\\\/uploads\\\/2025\\\/04\\\/ar_FRB_LCI_Logo-C-04-b-HiRes_freistell_NEBENeinander_UM_0180424.png\",\"keywords\":[\"b\u00fcrgerenergiegenossenschaft\",\"frabeg\",\"frankfurt am main\",\"Frankfurt-Riedberg\",\"Goethe-Universit\u00e4t Frankfurt\",\"Universit\u00e4t des 3. Lebensalters\",\"Verein U3L\",\"Zukunft\",\"Zukunft unserer Gesellschaft\"],\"inLanguage\":\"de\"},{\"@type\":\"WebPage\",\"@id\":\"https:\\\/\\\/www.frabeg.de\\\/index.php\\\/2025\\\/04\\\/13\\\/frabeg-stellt-sich-bei-der-goethe-universitaet-vor\\\/\",\"url\":\"https:\\\/\\\/www.frabeg.de\\\/index.php\\\/2025\\\/04\\\/13\\\/frabeg-stellt-sich-bei-der-goethe-universitaet-vor\\\/\",\"name\":\"FraBeG stellt sich bei der Goethe-Universit\u00e4t vor - Frankfurter B\u00fcrgerenergiegenossenschaft eG\",\"isPartOf\":{\"@id\":\"https:\\\/\\\/www.frabeg.de\\\/#website\"},\"primaryImageOfPage\":{\"@id\":\"https:\\\/\\\/www.frabeg.de\\\/index.php\\\/2025\\\/04\\\/13\\\/frabeg-stellt-sich-bei-der-goethe-universitaet-vor\\\/#primaryimage\"},\"image\":{\"@id\":\"https:\\\/\\\/www.frabeg.de\\\/index.php\\\/2025\\\/04\\\/13\\\/frabeg-stellt-sich-bei-der-goethe-universitaet-vor\\\/#primaryimage\"},\"thumbnailUrl\":\"https:\\\/\\\/www.frabeg.de\\\/wp-content\\\/uploads\\\/2025\\\/04\\\/ar_FRB_LCI_Logo-C-04-b-HiRes_freistell_NEBENeinander_UM_0180424.png\",\"datePublished\":\"2025-04-13T10:51:46+00:00\",\"dateModified\":\"2025-04-20T17:47:57+00:00\",\"breadcrumb\":{\"@id\":\"https:\\\/\\\/www.frabeg.de\\\/index.php\\\/2025\\\/04\\\/13\\\/frabeg-stellt-sich-bei-der-goethe-universitaet-vor\\\/#breadcrumb\"},\"inLanguage\":\"de\",\"potentialAction\":[{\"@type\":\"ReadAction\",\"target\":[\"https:\\\/\\\/www.frabeg.de\\\/index.php\\\/2025\\\/04\\\/13\\\/frabeg-stellt-sich-bei-der-goethe-universitaet-vor\\\/\"]}]},{\"@type\":\"ImageObject\",\"inLanguage\":\"de\",\"@id\":\"https:\\\/\\\/www.frabeg.de\\\/index.php\\\/2025\\\/04\\\/13\\\/frabeg-stellt-sich-bei-der-goethe-universitaet-vor\\\/#primaryimage\",\"url\":\"https:\\\/\\\/www.frabeg.de\\\/wp-content\\\/uploads\\\/2025\\\/04\\\/ar_FRB_LCI_Logo-C-04-b-HiRes_freistell_NEBENeinander_UM_0180424.png\",\"contentUrl\":\"https:\\\/\\\/www.frabeg.de\\\/wp-content\\\/uploads\\\/2025\\\/04\\\/ar_FRB_LCI_Logo-C-04-b-HiRes_freistell_NEBENeinander_UM_0180424.png\",\"width\":8000,\"height\":3000},{\"@type\":\"BreadcrumbList\",\"@id\":\"https:\\\/\\\/www.frabeg.de\\\/index.php\\\/2025\\\/04\\\/13\\\/frabeg-stellt-sich-bei-der-goethe-universitaet-vor\\\/#breadcrumb\",\"itemListElement\":[{\"@type\":\"ListItem\",\"position\":1,\"name\":\"Startseite\",\"item\":\"https:\\\/\\\/www.frabeg.de\\\/\"},{\"@type\":\"ListItem\",\"position\":2,\"name\":\"FraBeG stellt sich bei der Goethe-Universit\u00e4t vor\"}]},{\"@type\":\"WebSite\",\"@id\":\"https:\\\/\\\/www.frabeg.de\\\/#website\",\"url\":\"https:\\\/\\\/www.frabeg.de\\\/\",\"name\":\"Frankfurter B\u00fcrgerenergiegenossenschaft eG\",\"description\":\"Seien sie bei der Energiewende dabei\",\"publisher\":{\"@id\":\"https:\\\/\\\/www.frabeg.de\\\/#organization\"},\"potentialAction\":[{\"@type\":\"SearchAction\",\"target\":{\"@type\":\"EntryPoint\",\"urlTemplate\":\"https:\\\/\\\/www.frabeg.de\\\/?s={search_term_string}\"},\"query-input\":{\"@type\":\"PropertyValueSpecification\",\"valueRequired\":true,\"valueName\":\"search_term_string\"}}],\"inLanguage\":\"de\"},{\"@type\":\"Organization\",\"@id\":\"https:\\\/\\\/www.frabeg.de\\\/#organization\",\"name\":\"Frankfurter B\u00fcrgerenergiegenossenschaft eG\",\"url\":\"https:\\\/\\\/www.frabeg.de\\\/\",\"logo\":{\"@type\":\"ImageObject\",\"inLanguage\":\"de\",\"@id\":\"https:\\\/\\\/www.frabeg.de\\\/#\\\/schema\\\/logo\\\/image\\\/\",\"url\":\"https:\\\/\\\/www.frabeg.de\\\/wp-content\\\/uploads\\\/2024\\\/05\\\/ar_FRB_LCI_Logo-C-04-b-HiRes_freistell_NEBENeinander_UM_0180424.png\",\"contentUrl\":\"https:\\\/\\\/www.frabeg.de\\\/wp-content\\\/uploads\\\/2024\\\/05\\\/ar_FRB_LCI_Logo-C-04-b-HiRes_freistell_NEBENeinander_UM_0180424.png\",\"width\":8000,\"height\":3000,\"caption\":\"Frankfurter B\u00fcrgerenergiegenossenschaft eG\"},\"image\":{\"@id\":\"https:\\\/\\\/www.frabeg.de\\\/#\\\/schema\\\/logo\\\/image\\\/\"}},{\"@type\":\"Person\",\"@id\":\"https:\\\/\\\/www.frabeg.de\\\/#\\\/schema\\\/person\\\/581e01cefa7f04805f855d18805d5762\",\"name\":\"admin\",\"image\":{\"@type\":\"ImageObject\",\"inLanguage\":\"de\",\"@id\":\"https:\\\/\\\/secure.gravatar.com\\\/avatar\\\/76d187f7cecdac6652b9dcfaef58cda08a1823d0e12de71c5d9977b6c05cf1ae?s=96&d=mm&r=g\",\"url\":\"https:\\\/\\\/secure.gravatar.com\\\/avatar\\\/76d187f7cecdac6652b9dcfaef58cda08a1823d0e12de71c5d9977b6c05cf1ae?s=96&d=mm&r=g\",\"contentUrl\":\"https:\\\/\\\/secure.gravatar.com\\\/avatar\\\/76d187f7cecdac6652b9dcfaef58cda08a1823d0e12de71c5d9977b6c05cf1ae?s=96&d=mm&r=g\",\"caption\":\"admin\"},\"sameAs\":[\"https:\\\/\\\/www.frabeg.de\"],\"url\":\"https:\\\/\\\/www.frabeg.de\\\/index.php\\\/author\\\/fm_yismh9xu\\\/\"}]}<\/script>\n<!-- \/ Yoast SEO plugin. -->","yoast_head_json":{"title":"FraBeG stellt sich bei der Goethe-Universit\u00e4t vor - Frankfurter B\u00fcrgerenergiegenossenschaft eG","robots":{"index":"index","follow":"follow","max-snippet":"max-snippet:-1","max-image-preview":"max-image-preview:large","max-video-preview":"max-video-preview:-1"},"canonical":"https:\/\/www.frabeg.de\/index.php\/2025\/04\/13\/frabeg-stellt-sich-bei-der-goethe-universitaet-vor\/","schema":{"@context":"https:\/\/schema.org","@graph":[{"@type":"Article","@id":"https:\/\/www.frabeg.de\/index.php\/2025\/04\/13\/frabeg-stellt-sich-bei-der-goethe-universitaet-vor\/#article","isPartOf":{"@id":"https:\/\/www.frabeg.de\/index.php\/2025\/04\/13\/frabeg-stellt-sich-bei-der-goethe-universitaet-vor\/"},"author":{"name":"admin","@id":"https:\/\/www.frabeg.de\/#\/schema\/person\/581e01cefa7f04805f855d18805d5762"},"headline":"FraBeG stellt sich bei der Goethe-Universit\u00e4t vor","datePublished":"2025-04-13T10:51:46+00:00","dateModified":"2025-04-20T17:47:57+00:00","mainEntityOfPage":{"@id":"https:\/\/www.frabeg.de\/index.php\/2025\/04\/13\/frabeg-stellt-sich-bei-der-goethe-universitaet-vor\/"},"wordCount":182,"publisher":{"@id":"https:\/\/www.frabeg.de\/#organization"},"image":{"@id":"https:\/\/www.frabeg.de\/index.php\/2025\/04\/13\/frabeg-stellt-sich-bei-der-goethe-universitaet-vor\/#primaryimage"},"thumbnailUrl":"https:\/\/www.frabeg.de\/wp-content\/uploads\/2025\/04\/ar_FRB_LCI_Logo-C-04-b-HiRes_freistell_NEBENeinander_UM_0180424.png","keywords":["b\u00fcrgerenergiegenossenschaft","frabeg","frankfurt am main","Frankfurt-Riedberg","Goethe-Universit\u00e4t Frankfurt","Universit\u00e4t des 3. Lebensalters","Verein U3L","Zukunft","Zukunft unserer Gesellschaft"],"inLanguage":"de"},{"@type":"WebPage","@id":"https:\/\/www.frabeg.de\/index.php\/2025\/04\/13\/frabeg-stellt-sich-bei-der-goethe-universitaet-vor\/","url":"https:\/\/www.frabeg.de\/index.php\/2025\/04\/13\/frabeg-stellt-sich-bei-der-goethe-universitaet-vor\/","name":"FraBeG stellt sich bei der Goethe-Universit\u00e4t vor - Frankfurter B\u00fcrgerenergiegenossenschaft eG","isPartOf":{"@id":"https:\/\/www.frabeg.de\/#website"},"primaryImageOfPage":{"@id":"https:\/\/www.frabeg.de\/index.php\/2025\/04\/13\/frabeg-stellt-sich-bei-der-goethe-universitaet-vor\/#primaryimage"},"image":{"@id":"https:\/\/www.frabeg.de\/index.php\/2025\/04\/13\/frabeg-stellt-sich-bei-der-goethe-universitaet-vor\/#primaryimage"},"thumbnailUrl":"https:\/\/www.frabeg.de\/wp-content\/uploads\/2025\/04\/ar_FRB_LCI_Logo-C-04-b-HiRes_freistell_NEBENeinander_UM_0180424.png","datePublished":"2025-04-13T10:51:46+00:00","dateModified":"2025-04-20T17:47:57+00:00","breadcrumb":{"@id":"https:\/\/www.frabeg.de\/index.php\/2025\/04\/13\/frabeg-stellt-sich-bei-der-goethe-universitaet-vor\/#breadcrumb"},"inLanguage":"de","potentialAction":[{"@type":"ReadAction","target":["https:\/\/www.frabeg.de\/index.php\/2025\/04\/13\/frabeg-stellt-sich-bei-der-goethe-universitaet-vor\/"]}]},{"@type":"ImageObject","inLanguage":"de","@id":"https:\/\/www.frabeg.de\/index.php\/2025\/04\/13\/frabeg-stellt-sich-bei-der-goethe-universitaet-vor\/#primaryimage","url":"https:\/\/www.frabeg.de\/wp-content\/uploads\/2025\/04\/ar_FRB_LCI_Logo-C-04-b-HiRes_freistell_NEBENeinander_UM_0180424.png","contentUrl":"https:\/\/www.frabeg.de\/wp-content\/uploads\/2025\/04\/ar_FRB_LCI_Logo-C-04-b-HiRes_freistell_NEBENeinander_UM_0180424.png","width":8000,"height":3000},{"@type":"BreadcrumbList","@id":"https:\/\/www.frabeg.de\/index.php\/2025\/04\/13\/frabeg-stellt-sich-bei-der-goethe-universitaet-vor\/#breadcrumb","itemListElement":[{"@type":"ListItem","position":1,"name":"Startseite","item":"https:\/\/www.frabeg.de\/"},{"@type":"ListItem","position":2,"name":"FraBeG stellt sich bei der Goethe-Universit\u00e4t vor"}]},{"@type":"WebSite","@id":"https:\/\/www.frabeg.de\/#website","url":"https:\/\/www.frabeg.de\/","name":"Frankfurter B\u00fcrgerenergiegenossenschaft eG","description":"Seien sie bei der Energiewende dabei","publisher":{"@id":"https:\/\/www.frabeg.de\/#organization"},"potentialAction":[{"@type":"SearchAction","target":{"@type":"EntryPoint","urlTemplate":"https:\/\/www.frabeg.de\/?s={search_term_string}"},"query-input":{"@type":"PropertyValueSpecification","valueRequired":true,"valueName":"search_term_string"}}],"inLanguage":"de"},{"@type":"Organization","@id":"https:\/\/www.frabeg.de\/#organization","name":"Frankfurter B\u00fcrgerenergiegenossenschaft eG","url":"https:\/\/www.frabeg.de\/","logo":{"@type":"ImageObject","inLanguage":"de","@id":"https:\/\/www.frabeg.de\/#\/schema\/logo\/image\/","url":"https:\/\/www.frabeg.de\/wp-content\/uploads\/2024\/05\/ar_FRB_LCI_Logo-C-04-b-HiRes_freistell_NEBENeinander_UM_0180424.png","contentUrl":"https:\/\/www.frabeg.de\/wp-content\/uploads\/2024\/05\/ar_FRB_LCI_Logo-C-04-b-HiRes_freistell_NEBENeinander_UM_0180424.png","width":8000,"height":3000,"caption":"Frankfurter B\u00fcrgerenergiegenossenschaft eG"},"image":{"@id":"https:\/\/www.frabeg.de\/#\/schema\/logo\/image\/"}},{"@type":"Person","@id":"https:\/\/www.frabeg.de\/#\/schema\/person\/581e01cefa7f04805f855d18805d5762","name":"admin","image":{"@type":"ImageObject","inLanguage":"de","@id":"https:\/\/secure.gravatar.com\/avatar\/76d187f7cecdac6652b9dcfaef58cda08a1823d0e12de71c5d9977b6c05cf1ae?s=96&d=mm&r=g","url":"https:\/\/secure.gravatar.com\/avatar\/76d187f7cecdac6652b9dcfaef58cda08a1823d0e12de71c5d9977b6c05cf1ae?s=96&d=mm&r=g","contentUrl":"https:\/\/secure.gravatar.com\/avatar\/76d187f7cecdac6652b9dcfaef58cda08a1823d0e12de71c5d9977b6c05cf1ae?s=96&d=mm&r=g","caption":"admin"},"sameAs":["https:\/\/www.frabeg.de"],"url":"https:\/\/www.frabeg.de\/index.php\/author\/fm_yismh9xu\/"}]}},"_links":{"self":[{"href":"https:\/\/www.frabeg.de\/index.php\/wp-json\/wp\/v2\/posts\/1452","targetHints":{"allow":["GET"]}}],"collection":[{"href":"https:\/\/www.frabeg.de\/index.php\/wp-json\/wp\/v2\/posts"}],"about":[{"href":"https:\/\/www.frabeg.de\/index.php\/wp-json\/wp\/v2\/types\/post"}],"author":[{"embeddable":true,"href":"https:\/\/www.frabeg.de\/index.php\/wp-json\/wp\/v2\/users\/1"}],"replies":[{"embeddable":true,"href":"https:\/\/www.frabeg.de\/index.php\/wp-json\/wp\/v2\/comments?post=1452"}],"version-history":[{"count":2,"href":"https:\/\/www.frabeg.de\/index.php\/wp-json\/wp\/v2\/posts\/1452\/revisions"}],"predecessor-version":[{"id":1484,"href":"https:\/\/www.frabeg.de\/index.php\/wp-json\/wp\/v2\/posts\/1452\/revisions\/1484"}],"wp:featuredmedia":[{"embeddable":true,"href":"https:\/\/www.frabeg.de\/index.php\/wp-json\/wp\/v2\/media\/1453"}],"wp:attachment":[{"href":"https:\/\/www.frabeg.de\/index.php\/wp-json\/wp\/v2\/media?parent=1452"}],"wp:term":[{"taxonomy":"category","embeddable":true,"href":"https:\/\/www.frabeg.de\/index.php\/wp-json\/wp\/v2\/categories?post=1452"},{"taxonomy":"post_tag","embeddable":true,"href":"https:\/\/www.frabeg.de\/index.php\/wp-json\/wp\/v2\/tags?post=1452"}],"curies":[{"name":"wp","href":"https:\/\/api.w.org\/{rel}","templated":true}]}}