{"id":1383,"date":"2024-12-11T12:41:26","date_gmt":"2024-12-11T11:41:26","guid":{"rendered":"https:\/\/www.frabeg.de\/?p=1383"},"modified":"2024-12-11T16:02:19","modified_gmt":"2024-12-11T15:02:19","slug":"weihnachtsmarkt-frankfurt-riedberg-wir-sind-dabei","status":"publish","type":"post","link":"https:\/\/www.frabeg.de\/index.php\/2024\/12\/11\/weihnachtsmarkt-frankfurt-riedberg-wir-sind-dabei\/","title":{"rendered":"Weihnachtsmarkt Frankfurt-Riedberg. Wir sind dabei!"},"content":{"rendered":"\n<figure class=\"wp-block-image size-large\"><img loading=\"lazy\" decoding=\"async\" width=\"1024\" height=\"1024\" src=\"https:\/\/www.frabeg.de\/wp-content\/uploads\/2024\/12\/Weihnachtsmarkt_FraBeG-1-1024x1024.jpg\" alt=\"\" class=\"wp-image-1384\" srcset=\"https:\/\/www.frabeg.de\/wp-content\/uploads\/2024\/12\/Weihnachtsmarkt_FraBeG-1-1024x1024.jpg 1024w, https:\/\/www.frabeg.de\/wp-content\/uploads\/2024\/12\/Weihnachtsmarkt_FraBeG-1-300x300.jpg 300w, https:\/\/www.frabeg.de\/wp-content\/uploads\/2024\/12\/Weihnachtsmarkt_FraBeG-1-150x150.jpg 150w, https:\/\/www.frabeg.de\/wp-content\/uploads\/2024\/12\/Weihnachtsmarkt_FraBeG-1-768x768.jpg 768w, https:\/\/www.frabeg.de\/wp-content\/uploads\/2024\/12\/Weihnachtsmarkt_FraBeG-1.jpg 1080w\" sizes=\"auto, (max-width: 1024px) 100vw, 1024px\" \/><\/figure>\n\n\n\n<p><strong>Am dritten Advent findet der traditionelle Weihnachtsmarkt in Frankfurt-Riedberg auf dem Riedbergplatz statt. Mit dabei am 14. Dezember ab 15.00 Uhr und am 15. Dezember ab 12.00 Uhr: Die Frankfurter B\u00fcrgerenergiegenossenschaft.<\/strong><\/p>\n\n\n\n<p><strong>Die FraBeG pr\u00e4sentiert sich im K\u00fcnstlerzelt des Weihnachtsmarkts. Wir informieren Interessierte \u00fcber unsere Arbeit, stellen unsere erste Photovoltaik-Anlage vor, die im November in Betrieb genommen wurde. Wir erl\u00e4utern, wie jeder und jede einen Beitrag zur Energiewende leisten kann und warum es sich lohnt, Genossin oder Genosse der FraBeG zu werden. Besuchen Sie uns!<\/strong><\/p>\n","protected":false},"excerpt":{"rendered":"<p>Am dritten Advent findet der traditionelle Weihnachtsmarkt in Frankfurt-Riedberg auf dem Riedbergplatz statt. Mit dabei am 14. Dezember ab 15.00 Uhr und am 15. Dezember ab 12.00 Uhr: Die Frankfurter B\u00fcrgerenergiegenossenschaft. Die FraBeG pr\u00e4sentiert sich im K\u00fcnstlerzelt des Weihnachtsmarkts. Wir informieren Interessierte \u00fcber unsere Arbeit, stellen unsere erste Photovoltaik-Anlage vor, die im November in Betrieb&#8230;<\/p>\n","protected":false},"author":1,"featured_media":1384,"comment_status":"closed","ping_status":"open","sticky":false,"template":"","format":"standard","meta":{"_kadence_starter_templates_imported_post":false,"_kad_post_transparent":"","_kad_post_title":"","_kad_post_layout":"","_kad_post_sidebar_id":"","_kad_post_content_style":"","_kad_post_vertical_padding":"","_kad_post_feature":"","_kad_post_feature_position":"","_kad_post_header":false,"_kad_post_footer":false,"_kad_post_classname":"","footnotes":""},"categories":[1],"tags":[18,33,34,35],"class_list":["post-1383","post","type-post","status-publish","format-standard","has-post-thumbnail","hentry","category-allgemeine-news","tag-frabeg","tag-frankfurt-riedberg","tag-weihnachtsmarkt","tag-wirsinddabei"],"yoast_head":"<!-- This site is optimized with the Yoast SEO plugin v27.4 - https:\/\/yoast.com\/product\/yoast-seo-wordpress\/ -->\n<title>Weihnachtsmarkt Frankfurt-Riedberg. Wir sind dabei! - Frankfurter B\u00fcrgerenergiegenossenschaft eG<\/title>\n<meta name=\"robots\" content=\"index, follow, max-snippet:-1, max-image-preview:large, max-video-preview:-1\" \/>\n<link rel=\"canonical\" href=\"https:\/\/www.frabeg.de\/index.php\/2024\/12\/11\/weihnachtsmarkt-frankfurt-riedberg-wir-sind-dabei\/\" \/>\n<script type=\"application\/ld+json\" class=\"yoast-schema-graph\">{\"@context\":\"https:\\\/\\\/schema.org\",\"@graph\":[{\"@type\":\"Article\",\"@id\":\"https:\\\/\\\/www.frabeg.de\\\/index.php\\\/2024\\\/12\\\/11\\\/weihnachtsmarkt-frankfurt-riedberg-wir-sind-dabei\\\/#article\",\"isPartOf\":{\"@id\":\"https:\\\/\\\/www.frabeg.de\\\/index.php\\\/2024\\\/12\\\/11\\\/weihnachtsmarkt-frankfurt-riedberg-wir-sind-dabei\\\/\"},\"author\":{\"name\":\"admin\",\"@id\":\"https:\\\/\\\/www.frabeg.de\\\/#\\\/schema\\\/person\\\/581e01cefa7f04805f855d18805d5762\"},\"headline\":\"Weihnachtsmarkt Frankfurt-Riedberg. Wir sind dabei!\",\"datePublished\":\"2024-12-11T11:41:26+00:00\",\"dateModified\":\"2024-12-11T15:02:19+00:00\",\"mainEntityOfPage\":{\"@id\":\"https:\\\/\\\/www.frabeg.de\\\/index.php\\\/2024\\\/12\\\/11\\\/weihnachtsmarkt-frankfurt-riedberg-wir-sind-dabei\\\/\"},\"wordCount\":89,\"publisher\":{\"@id\":\"https:\\\/\\\/www.frabeg.de\\\/#organization\"},\"image\":{\"@id\":\"https:\\\/\\\/www.frabeg.de\\\/index.php\\\/2024\\\/12\\\/11\\\/weihnachtsmarkt-frankfurt-riedberg-wir-sind-dabei\\\/#primaryimage\"},\"thumbnailUrl\":\"https:\\\/\\\/www.frabeg.de\\\/wp-content\\\/uploads\\\/2024\\\/12\\\/Weihnachtsmarkt_FraBeG-1.jpg\",\"keywords\":[\"frabeg\",\"Frankfurt-Riedberg\",\"weihnachtsmarkt\",\"wirsinddabei\"],\"inLanguage\":\"de\"},{\"@type\":\"WebPage\",\"@id\":\"https:\\\/\\\/www.frabeg.de\\\/index.php\\\/2024\\\/12\\\/11\\\/weihnachtsmarkt-frankfurt-riedberg-wir-sind-dabei\\\/\",\"url\":\"https:\\\/\\\/www.frabeg.de\\\/index.php\\\/2024\\\/12\\\/11\\\/weihnachtsmarkt-frankfurt-riedberg-wir-sind-dabei\\\/\",\"name\":\"Weihnachtsmarkt Frankfurt-Riedberg. Wir sind dabei! - Frankfurter B\u00fcrgerenergiegenossenschaft eG\",\"isPartOf\":{\"@id\":\"https:\\\/\\\/www.frabeg.de\\\/#website\"},\"primaryImageOfPage\":{\"@id\":\"https:\\\/\\\/www.frabeg.de\\\/index.php\\\/2024\\\/12\\\/11\\\/weihnachtsmarkt-frankfurt-riedberg-wir-sind-dabei\\\/#primaryimage\"},\"image\":{\"@id\":\"https:\\\/\\\/www.frabeg.de\\\/index.php\\\/2024\\\/12\\\/11\\\/weihnachtsmarkt-frankfurt-riedberg-wir-sind-dabei\\\/#primaryimage\"},\"thumbnailUrl\":\"https:\\\/\\\/www.frabeg.de\\\/wp-content\\\/uploads\\\/2024\\\/12\\\/Weihnachtsmarkt_FraBeG-1.jpg\",\"datePublished\":\"2024-12-11T11:41:26+00:00\",\"dateModified\":\"2024-12-11T15:02:19+00:00\",\"breadcrumb\":{\"@id\":\"https:\\\/\\\/www.frabeg.de\\\/index.php\\\/2024\\\/12\\\/11\\\/weihnachtsmarkt-frankfurt-riedberg-wir-sind-dabei\\\/#breadcrumb\"},\"inLanguage\":\"de\",\"potentialAction\":[{\"@type\":\"ReadAction\",\"target\":[\"https:\\\/\\\/www.frabeg.de\\\/index.php\\\/2024\\\/12\\\/11\\\/weihnachtsmarkt-frankfurt-riedberg-wir-sind-dabei\\\/\"]}]},{\"@type\":\"ImageObject\",\"inLanguage\":\"de\",\"@id\":\"https:\\\/\\\/www.frabeg.de\\\/index.php\\\/2024\\\/12\\\/11\\\/weihnachtsmarkt-frankfurt-riedberg-wir-sind-dabei\\\/#primaryimage\",\"url\":\"https:\\\/\\\/www.frabeg.de\\\/wp-content\\\/uploads\\\/2024\\\/12\\\/Weihnachtsmarkt_FraBeG-1.jpg\",\"contentUrl\":\"https:\\\/\\\/www.frabeg.de\\\/wp-content\\\/uploads\\\/2024\\\/12\\\/Weihnachtsmarkt_FraBeG-1.jpg\",\"width\":1080,\"height\":1080},{\"@type\":\"BreadcrumbList\",\"@id\":\"https:\\\/\\\/www.frabeg.de\\\/index.php\\\/2024\\\/12\\\/11\\\/weihnachtsmarkt-frankfurt-riedberg-wir-sind-dabei\\\/#breadcrumb\",\"itemListElement\":[{\"@type\":\"ListItem\",\"position\":1,\"name\":\"Startseite\",\"item\":\"https:\\\/\\\/www.frabeg.de\\\/\"},{\"@type\":\"ListItem\",\"position\":2,\"name\":\"Weihnachtsmarkt Frankfurt-Riedberg. Wir sind dabei!\"}]},{\"@type\":\"WebSite\",\"@id\":\"https:\\\/\\\/www.frabeg.de\\\/#website\",\"url\":\"https:\\\/\\\/www.frabeg.de\\\/\",\"name\":\"Frankfurter B\u00fcrgerenergiegenossenschaft eG\",\"description\":\"Seien sie bei der Energiewende dabei\",\"publisher\":{\"@id\":\"https:\\\/\\\/www.frabeg.de\\\/#organization\"},\"potentialAction\":[{\"@type\":\"SearchAction\",\"target\":{\"@type\":\"EntryPoint\",\"urlTemplate\":\"https:\\\/\\\/www.frabeg.de\\\/?s={search_term_string}\"},\"query-input\":{\"@type\":\"PropertyValueSpecification\",\"valueRequired\":true,\"valueName\":\"search_term_string\"}}],\"inLanguage\":\"de\"},{\"@type\":\"Organization\",\"@id\":\"https:\\\/\\\/www.frabeg.de\\\/#organization\",\"name\":\"Frankfurter B\u00fcrgerenergiegenossenschaft eG\",\"url\":\"https:\\\/\\\/www.frabeg.de\\\/\",\"logo\":{\"@type\":\"ImageObject\",\"inLanguage\":\"de\",\"@id\":\"https:\\\/\\\/www.frabeg.de\\\/#\\\/schema\\\/logo\\\/image\\\/\",\"url\":\"https:\\\/\\\/www.frabeg.de\\\/wp-content\\\/uploads\\\/2024\\\/05\\\/ar_FRB_LCI_Logo-C-04-b-HiRes_freistell_NEBENeinander_UM_0180424.png\",\"contentUrl\":\"https:\\\/\\\/www.frabeg.de\\\/wp-content\\\/uploads\\\/2024\\\/05\\\/ar_FRB_LCI_Logo-C-04-b-HiRes_freistell_NEBENeinander_UM_0180424.png\",\"width\":8000,\"height\":3000,\"caption\":\"Frankfurter B\u00fcrgerenergiegenossenschaft eG\"},\"image\":{\"@id\":\"https:\\\/\\\/www.frabeg.de\\\/#\\\/schema\\\/logo\\\/image\\\/\"}},{\"@type\":\"Person\",\"@id\":\"https:\\\/\\\/www.frabeg.de\\\/#\\\/schema\\\/person\\\/581e01cefa7f04805f855d18805d5762\",\"name\":\"admin\",\"image\":{\"@type\":\"ImageObject\",\"inLanguage\":\"de\",\"@id\":\"https:\\\/\\\/secure.gravatar.com\\\/avatar\\\/76d187f7cecdac6652b9dcfaef58cda08a1823d0e12de71c5d9977b6c05cf1ae?s=96&d=mm&r=g\",\"url\":\"https:\\\/\\\/secure.gravatar.com\\\/avatar\\\/76d187f7cecdac6652b9dcfaef58cda08a1823d0e12de71c5d9977b6c05cf1ae?s=96&d=mm&r=g\",\"contentUrl\":\"https:\\\/\\\/secure.gravatar.com\\\/avatar\\\/76d187f7cecdac6652b9dcfaef58cda08a1823d0e12de71c5d9977b6c05cf1ae?s=96&d=mm&r=g\",\"caption\":\"admin\"},\"sameAs\":[\"https:\\\/\\\/www.frabeg.de\"],\"url\":\"https:\\\/\\\/www.frabeg.de\\\/index.php\\\/author\\\/fm_yismh9xu\\\/\"}]}<\/script>\n<!-- \/ Yoast SEO plugin. -->","yoast_head_json":{"title":"Weihnachtsmarkt Frankfurt-Riedberg. Wir sind dabei! - Frankfurter B\u00fcrgerenergiegenossenschaft eG","robots":{"index":"index","follow":"follow","max-snippet":"max-snippet:-1","max-image-preview":"max-image-preview:large","max-video-preview":"max-video-preview:-1"},"canonical":"https:\/\/www.frabeg.de\/index.php\/2024\/12\/11\/weihnachtsmarkt-frankfurt-riedberg-wir-sind-dabei\/","schema":{"@context":"https:\/\/schema.org","@graph":[{"@type":"Article","@id":"https:\/\/www.frabeg.de\/index.php\/2024\/12\/11\/weihnachtsmarkt-frankfurt-riedberg-wir-sind-dabei\/#article","isPartOf":{"@id":"https:\/\/www.frabeg.de\/index.php\/2024\/12\/11\/weihnachtsmarkt-frankfurt-riedberg-wir-sind-dabei\/"},"author":{"name":"admin","@id":"https:\/\/www.frabeg.de\/#\/schema\/person\/581e01cefa7f04805f855d18805d5762"},"headline":"Weihnachtsmarkt Frankfurt-Riedberg. Wir sind dabei!","datePublished":"2024-12-11T11:41:26+00:00","dateModified":"2024-12-11T15:02:19+00:00","mainEntityOfPage":{"@id":"https:\/\/www.frabeg.de\/index.php\/2024\/12\/11\/weihnachtsmarkt-frankfurt-riedberg-wir-sind-dabei\/"},"wordCount":89,"publisher":{"@id":"https:\/\/www.frabeg.de\/#organization"},"image":{"@id":"https:\/\/www.frabeg.de\/index.php\/2024\/12\/11\/weihnachtsmarkt-frankfurt-riedberg-wir-sind-dabei\/#primaryimage"},"thumbnailUrl":"https:\/\/www.frabeg.de\/wp-content\/uploads\/2024\/12\/Weihnachtsmarkt_FraBeG-1.jpg","keywords":["frabeg","Frankfurt-Riedberg","weihnachtsmarkt","wirsinddabei"],"inLanguage":"de"},{"@type":"WebPage","@id":"https:\/\/www.frabeg.de\/index.php\/2024\/12\/11\/weihnachtsmarkt-frankfurt-riedberg-wir-sind-dabei\/","url":"https:\/\/www.frabeg.de\/index.php\/2024\/12\/11\/weihnachtsmarkt-frankfurt-riedberg-wir-sind-dabei\/","name":"Weihnachtsmarkt Frankfurt-Riedberg. Wir sind dabei! - Frankfurter B\u00fcrgerenergiegenossenschaft eG","isPartOf":{"@id":"https:\/\/www.frabeg.de\/#website"},"primaryImageOfPage":{"@id":"https:\/\/www.frabeg.de\/index.php\/2024\/12\/11\/weihnachtsmarkt-frankfurt-riedberg-wir-sind-dabei\/#primaryimage"},"image":{"@id":"https:\/\/www.frabeg.de\/index.php\/2024\/12\/11\/weihnachtsmarkt-frankfurt-riedberg-wir-sind-dabei\/#primaryimage"},"thumbnailUrl":"https:\/\/www.frabeg.de\/wp-content\/uploads\/2024\/12\/Weihnachtsmarkt_FraBeG-1.jpg","datePublished":"2024-12-11T11:41:26+00:00","dateModified":"2024-12-11T15:02:19+00:00","breadcrumb":{"@id":"https:\/\/www.frabeg.de\/index.php\/2024\/12\/11\/weihnachtsmarkt-frankfurt-riedberg-wir-sind-dabei\/#breadcrumb"},"inLanguage":"de","potentialAction":[{"@type":"ReadAction","target":["https:\/\/www.frabeg.de\/index.php\/2024\/12\/11\/weihnachtsmarkt-frankfurt-riedberg-wir-sind-dabei\/"]}]},{"@type":"ImageObject","inLanguage":"de","@id":"https:\/\/www.frabeg.de\/index.php\/2024\/12\/11\/weihnachtsmarkt-frankfurt-riedberg-wir-sind-dabei\/#primaryimage","url":"https:\/\/www.frabeg.de\/wp-content\/uploads\/2024\/12\/Weihnachtsmarkt_FraBeG-1.jpg","contentUrl":"https:\/\/www.frabeg.de\/wp-content\/uploads\/2024\/12\/Weihnachtsmarkt_FraBeG-1.jpg","width":1080,"height":1080},{"@type":"BreadcrumbList","@id":"https:\/\/www.frabeg.de\/index.php\/2024\/12\/11\/weihnachtsmarkt-frankfurt-riedberg-wir-sind-dabei\/#breadcrumb","itemListElement":[{"@type":"ListItem","position":1,"name":"Startseite","item":"https:\/\/www.frabeg.de\/"},{"@type":"ListItem","position":2,"name":"Weihnachtsmarkt Frankfurt-Riedberg. Wir sind dabei!"}]},{"@type":"WebSite","@id":"https:\/\/www.frabeg.de\/#website","url":"https:\/\/www.frabeg.de\/","name":"Frankfurter B\u00fcrgerenergiegenossenschaft eG","description":"Seien sie bei der Energiewende dabei","publisher":{"@id":"https:\/\/www.frabeg.de\/#organization"},"potentialAction":[{"@type":"SearchAction","target":{"@type":"EntryPoint","urlTemplate":"https:\/\/www.frabeg.de\/?s={search_term_string}"},"query-input":{"@type":"PropertyValueSpecification","valueRequired":true,"valueName":"search_term_string"}}],"inLanguage":"de"},{"@type":"Organization","@id":"https:\/\/www.frabeg.de\/#organization","name":"Frankfurter B\u00fcrgerenergiegenossenschaft eG","url":"https:\/\/www.frabeg.de\/","logo":{"@type":"ImageObject","inLanguage":"de","@id":"https:\/\/www.frabeg.de\/#\/schema\/logo\/image\/","url":"https:\/\/www.frabeg.de\/wp-content\/uploads\/2024\/05\/ar_FRB_LCI_Logo-C-04-b-HiRes_freistell_NEBENeinander_UM_0180424.png","contentUrl":"https:\/\/www.frabeg.de\/wp-content\/uploads\/2024\/05\/ar_FRB_LCI_Logo-C-04-b-HiRes_freistell_NEBENeinander_UM_0180424.png","width":8000,"height":3000,"caption":"Frankfurter B\u00fcrgerenergiegenossenschaft eG"},"image":{"@id":"https:\/\/www.frabeg.de\/#\/schema\/logo\/image\/"}},{"@type":"Person","@id":"https:\/\/www.frabeg.de\/#\/schema\/person\/581e01cefa7f04805f855d18805d5762","name":"admin","image":{"@type":"ImageObject","inLanguage":"de","@id":"https:\/\/secure.gravatar.com\/avatar\/76d187f7cecdac6652b9dcfaef58cda08a1823d0e12de71c5d9977b6c05cf1ae?s=96&d=mm&r=g","url":"https:\/\/secure.gravatar.com\/avatar\/76d187f7cecdac6652b9dcfaef58cda08a1823d0e12de71c5d9977b6c05cf1ae?s=96&d=mm&r=g","contentUrl":"https:\/\/secure.gravatar.com\/avatar\/76d187f7cecdac6652b9dcfaef58cda08a1823d0e12de71c5d9977b6c05cf1ae?s=96&d=mm&r=g","caption":"admin"},"sameAs":["https:\/\/www.frabeg.de"],"url":"https:\/\/www.frabeg.de\/index.php\/author\/fm_yismh9xu\/"}]}},"_links":{"self":[{"href":"https:\/\/www.frabeg.de\/index.php\/wp-json\/wp\/v2\/posts\/1383","targetHints":{"allow":["GET"]}}],"collection":[{"href":"https:\/\/www.frabeg.de\/index.php\/wp-json\/wp\/v2\/posts"}],"about":[{"href":"https:\/\/www.frabeg.de\/index.php\/wp-json\/wp\/v2\/types\/post"}],"author":[{"embeddable":true,"href":"https:\/\/www.frabeg.de\/index.php\/wp-json\/wp\/v2\/users\/1"}],"replies":[{"embeddable":true,"href":"https:\/\/www.frabeg.de\/index.php\/wp-json\/wp\/v2\/comments?post=1383"}],"version-history":[{"count":3,"href":"https:\/\/www.frabeg.de\/index.php\/wp-json\/wp\/v2\/posts\/1383\/revisions"}],"predecessor-version":[{"id":1404,"href":"https:\/\/www.frabeg.de\/index.php\/wp-json\/wp\/v2\/posts\/1383\/revisions\/1404"}],"wp:featuredmedia":[{"embeddable":true,"href":"https:\/\/www.frabeg.de\/index.php\/wp-json\/wp\/v2\/media\/1384"}],"wp:attachment":[{"href":"https:\/\/www.frabeg.de\/index.php\/wp-json\/wp\/v2\/media?parent=1383"}],"wp:term":[{"taxonomy":"category","embeddable":true,"href":"https:\/\/www.frabeg.de\/index.php\/wp-json\/wp\/v2\/categories?post=1383"},{"taxonomy":"post_tag","embeddable":true,"href":"https:\/\/www.frabeg.de\/index.php\/wp-json\/wp\/v2\/tags?post=1383"}],"curies":[{"name":"wp","href":"https:\/\/api.w.org\/{rel}","templated":true}]}}