{"id":1380,"date":"2024-12-03T19:52:53","date_gmt":"2024-12-03T18:52:53","guid":{"rendered":"https:\/\/www.frabeg.de\/?p=1380"},"modified":"2024-12-04T14:43:01","modified_gmt":"2024-12-04T13:43:01","slug":"frabeg-praesentiert-sich-beim-klimaquartier-sossenheim","status":"publish","type":"post","link":"https:\/\/www.frabeg.de\/index.php\/2024\/12\/03\/frabeg-praesentiert-sich-beim-klimaquartier-sossenheim\/","title":{"rendered":"FraBeG pr\u00e4sentiert sich beim \u201eKlimaquartier Sossenheim\u201c"},"content":{"rendered":"\n<p>Die Frankfurter B\u00fcrgerenergiegenossenschaft hat sich am 28. November 2024 im Rahmen einer Veranstaltung des \u201eKlimaquartiers Sossenheim\u201c vorgestellt und Interessierten das Konzept und die Aktivit\u00e4ten der FraBeG erl\u00e4utert.<\/p>\n\n\n\n<p>Das im September vergangenen Jahres gegr\u00fcndete Klimaquartier im Frankfurter Stadtteil Sossenheim hat sich auf die Fahnen geschrieben, Energiekosten zu sparen und energetische Unabh\u00e4ngigkeit zu f\u00f6rdern. Beides leistet einen wichtigen Beitrag zum Klimaschutz. Dazu war zuvor ein Jahr lang der Energie- und W\u00e4rmebedarf aller Geb\u00e4ude vor Ort ermittelt worden.<\/p>\n\n\n\n<p>Aus Sicht von Hans-Georg Dannert, Leiter des Klimareferats der Stadt Frankfurt, besteht in Sossenheim gro\u00dfes Potenzial f\u00fcr die energetische Sanierung. \u201eKlimaschutz ist eine gesellschaftliche Aufgabe und gemeinsam werden wir die Energiewende in Frankfurt vorantreiben\u201c, k\u00fcndigte er anl\u00e4sslich der Er\u00f6ffnung des Quartiersb\u00fcros im vergangenen Jahr an. Er hofft, die Beratungsstruktur in Sossenheim k\u00f6nne eine Blaupause f\u00fcr den klimagerechten Umbau auch in anderen Stadtteilen Frankfurts werden.<\/p>\n\n\n\n<p>Hausbesitzer, Mieter und andere Interessierte k\u00f6nnen unabh\u00e4ngige und fachkundige Beratung zu allen Energiefragen erhalten, berichtete Marc Dauner vom Energiepunkt Frankfurt RheinMain e.V.. Dieser gemeinn\u00fctzige Verein, der vom Klimareferat der Stadt Frankfurt initiiert wurde, will seine Expertise in die Stadtteile tragen \u2013 zu allen Fragen rund ums Wohnen, Modernisieren, Sanieren und den Neubau.<\/p>\n\n\n\n<p>Dieser Ansatz, die Verankerung in der Zivilgesellschaft vor Ort, ist auch der FraBeG ein gro\u00dfes Anliegen, erl\u00e4uterte Andreas Heming, der Vorsitzende des Aufsichtsrats der B\u00fcrgerenergiegenossenschaft bei der Veranstaltung. Das Ziel der FraBeG sei es, eine Energiewende in B\u00fcrgerhand voranzutreiben. Dies spiegele sich auch in der demokratischen Struktur der Genossenschaft. Denn jeder Genosse und jede Genossin hat in der Mitgliederversammlung eine Stimme, unabh\u00e4ngig von der Zahl der gekauften Anteile.<\/p>\n\n\n\n<p>Im November konnte die FraBeG, die erst Anfang dieses Jahres gegr\u00fcndet wurde, einen ersten gro\u00dfen Erfolg verzeichnen: Die Inbetriebnahme der ersten von der Genossenschaft projektierten und finanzierten Photovoltaik-Anlage auf dem Dach der Josefine-Baker-Schule in Frankfurt-Riedberg.<\/p>\n","protected":false},"excerpt":{"rendered":"<p>Die Frankfurter B\u00fcrgerenergiegenossenschaft hat sich am 28. November 2024 im Rahmen einer Veranstaltung des \u201eKlimaquartiers Sossenheim\u201c vorgestellt und Interessierten das Konzept und die Aktivit\u00e4ten der FraBeG erl\u00e4utert. Das im September vergangenen Jahres gegr\u00fcndete Klimaquartier im Frankfurter Stadtteil Sossenheim hat sich auf die Fahnen geschrieben, Energiekosten zu sparen und energetische Unabh\u00e4ngigkeit zu f\u00f6rdern. Beides leistet einen&#8230;<\/p>\n","protected":false},"author":1,"featured_media":1381,"comment_status":"closed","ping_status":"open","sticky":false,"template":"","format":"standard","meta":{"_kadence_starter_templates_imported_post":false,"_kad_post_transparent":"","_kad_post_title":"","_kad_post_layout":"","_kad_post_sidebar_id":"","_kad_post_content_style":"","_kad_post_vertical_padding":"","_kad_post_feature":"","_kad_post_feature_position":"","_kad_post_header":false,"_kad_post_footer":false,"_kad_post_classname":"","footnotes":""},"categories":[1],"tags":[20,18,32,33,29,27,30,31],"class_list":["post-1380","post","type-post","status-publish","format-standard","has-post-thumbnail","hentry","category-allgemeine-news","tag-buergerenergiegenossenschaft","tag-frabeg","tag-frankfurt","tag-frankfurt-riedberg","tag-klimaquartier","tag-photovoltaik-anlage","tag-sossenheim","tag-zivilgesellschaft"],"yoast_head":"<!-- This site is optimized with the Yoast SEO plugin v27.4 - https:\/\/yoast.com\/product\/yoast-seo-wordpress\/ -->\n<title>FraBeG pr\u00e4sentiert sich beim \u201eKlimaquartier Sossenheim\u201c - Frankfurter B\u00fcrgerenergiegenossenschaft eG<\/title>\n<meta name=\"robots\" content=\"index, follow, max-snippet:-1, max-image-preview:large, max-video-preview:-1\" \/>\n<link rel=\"canonical\" href=\"https:\/\/www.frabeg.de\/index.php\/2024\/12\/03\/frabeg-praesentiert-sich-beim-klimaquartier-sossenheim\/\" \/>\n<script type=\"application\/ld+json\" class=\"yoast-schema-graph\">{\"@context\":\"https:\\\/\\\/schema.org\",\"@graph\":[{\"@type\":\"Article\",\"@id\":\"https:\\\/\\\/www.frabeg.de\\\/index.php\\\/2024\\\/12\\\/03\\\/frabeg-praesentiert-sich-beim-klimaquartier-sossenheim\\\/#article\",\"isPartOf\":{\"@id\":\"https:\\\/\\\/www.frabeg.de\\\/index.php\\\/2024\\\/12\\\/03\\\/frabeg-praesentiert-sich-beim-klimaquartier-sossenheim\\\/\"},\"author\":{\"name\":\"admin\",\"@id\":\"https:\\\/\\\/www.frabeg.de\\\/#\\\/schema\\\/person\\\/581e01cefa7f04805f855d18805d5762\"},\"headline\":\"FraBeG pr\u00e4sentiert sich beim \u201eKlimaquartier Sossenheim\u201c\",\"datePublished\":\"2024-12-03T18:52:53+00:00\",\"dateModified\":\"2024-12-04T13:43:01+00:00\",\"mainEntityOfPage\":{\"@id\":\"https:\\\/\\\/www.frabeg.de\\\/index.php\\\/2024\\\/12\\\/03\\\/frabeg-praesentiert-sich-beim-klimaquartier-sossenheim\\\/\"},\"wordCount\":325,\"publisher\":{\"@id\":\"https:\\\/\\\/www.frabeg.de\\\/#organization\"},\"image\":{\"@id\":\"https:\\\/\\\/www.frabeg.de\\\/index.php\\\/2024\\\/12\\\/03\\\/frabeg-praesentiert-sich-beim-klimaquartier-sossenheim\\\/#primaryimage\"},\"thumbnailUrl\":\"https:\\\/\\\/www.frabeg.de\\\/wp-content\\\/uploads\\\/2024\\\/12\\\/Klimaquartier-Sossenheim-scaled.jpg\",\"keywords\":[\"b\u00fcrgerenergiegenossenschaft\",\"frabeg\",\"Frankfurt\",\"Frankfurt-Riedberg\",\"Klimaquartier\",\"photovoltaik-anlage\",\"Sossenheim\",\"Zivilgesellschaft\"],\"inLanguage\":\"de\"},{\"@type\":\"WebPage\",\"@id\":\"https:\\\/\\\/www.frabeg.de\\\/index.php\\\/2024\\\/12\\\/03\\\/frabeg-praesentiert-sich-beim-klimaquartier-sossenheim\\\/\",\"url\":\"https:\\\/\\\/www.frabeg.de\\\/index.php\\\/2024\\\/12\\\/03\\\/frabeg-praesentiert-sich-beim-klimaquartier-sossenheim\\\/\",\"name\":\"FraBeG pr\u00e4sentiert sich beim \u201eKlimaquartier Sossenheim\u201c - Frankfurter B\u00fcrgerenergiegenossenschaft eG\",\"isPartOf\":{\"@id\":\"https:\\\/\\\/www.frabeg.de\\\/#website\"},\"primaryImageOfPage\":{\"@id\":\"https:\\\/\\\/www.frabeg.de\\\/index.php\\\/2024\\\/12\\\/03\\\/frabeg-praesentiert-sich-beim-klimaquartier-sossenheim\\\/#primaryimage\"},\"image\":{\"@id\":\"https:\\\/\\\/www.frabeg.de\\\/index.php\\\/2024\\\/12\\\/03\\\/frabeg-praesentiert-sich-beim-klimaquartier-sossenheim\\\/#primaryimage\"},\"thumbnailUrl\":\"https:\\\/\\\/www.frabeg.de\\\/wp-content\\\/uploads\\\/2024\\\/12\\\/Klimaquartier-Sossenheim-scaled.jpg\",\"datePublished\":\"2024-12-03T18:52:53+00:00\",\"dateModified\":\"2024-12-04T13:43:01+00:00\",\"breadcrumb\":{\"@id\":\"https:\\\/\\\/www.frabeg.de\\\/index.php\\\/2024\\\/12\\\/03\\\/frabeg-praesentiert-sich-beim-klimaquartier-sossenheim\\\/#breadcrumb\"},\"inLanguage\":\"de\",\"potentialAction\":[{\"@type\":\"ReadAction\",\"target\":[\"https:\\\/\\\/www.frabeg.de\\\/index.php\\\/2024\\\/12\\\/03\\\/frabeg-praesentiert-sich-beim-klimaquartier-sossenheim\\\/\"]}]},{\"@type\":\"ImageObject\",\"inLanguage\":\"de\",\"@id\":\"https:\\\/\\\/www.frabeg.de\\\/index.php\\\/2024\\\/12\\\/03\\\/frabeg-praesentiert-sich-beim-klimaquartier-sossenheim\\\/#primaryimage\",\"url\":\"https:\\\/\\\/www.frabeg.de\\\/wp-content\\\/uploads\\\/2024\\\/12\\\/Klimaquartier-Sossenheim-scaled.jpg\",\"contentUrl\":\"https:\\\/\\\/www.frabeg.de\\\/wp-content\\\/uploads\\\/2024\\\/12\\\/Klimaquartier-Sossenheim-scaled.jpg\",\"width\":2560,\"height\":1211},{\"@type\":\"BreadcrumbList\",\"@id\":\"https:\\\/\\\/www.frabeg.de\\\/index.php\\\/2024\\\/12\\\/03\\\/frabeg-praesentiert-sich-beim-klimaquartier-sossenheim\\\/#breadcrumb\",\"itemListElement\":[{\"@type\":\"ListItem\",\"position\":1,\"name\":\"Startseite\",\"item\":\"https:\\\/\\\/www.frabeg.de\\\/\"},{\"@type\":\"ListItem\",\"position\":2,\"name\":\"FraBeG pr\u00e4sentiert sich beim \u201eKlimaquartier Sossenheim\u201c\"}]},{\"@type\":\"WebSite\",\"@id\":\"https:\\\/\\\/www.frabeg.de\\\/#website\",\"url\":\"https:\\\/\\\/www.frabeg.de\\\/\",\"name\":\"Frankfurter B\u00fcrgerenergiegenossenschaft eG\",\"description\":\"Seien sie bei der Energiewende dabei\",\"publisher\":{\"@id\":\"https:\\\/\\\/www.frabeg.de\\\/#organization\"},\"potentialAction\":[{\"@type\":\"SearchAction\",\"target\":{\"@type\":\"EntryPoint\",\"urlTemplate\":\"https:\\\/\\\/www.frabeg.de\\\/?s={search_term_string}\"},\"query-input\":{\"@type\":\"PropertyValueSpecification\",\"valueRequired\":true,\"valueName\":\"search_term_string\"}}],\"inLanguage\":\"de\"},{\"@type\":\"Organization\",\"@id\":\"https:\\\/\\\/www.frabeg.de\\\/#organization\",\"name\":\"Frankfurter B\u00fcrgerenergiegenossenschaft eG\",\"url\":\"https:\\\/\\\/www.frabeg.de\\\/\",\"logo\":{\"@type\":\"ImageObject\",\"inLanguage\":\"de\",\"@id\":\"https:\\\/\\\/www.frabeg.de\\\/#\\\/schema\\\/logo\\\/image\\\/\",\"url\":\"https:\\\/\\\/www.frabeg.de\\\/wp-content\\\/uploads\\\/2024\\\/05\\\/ar_FRB_LCI_Logo-C-04-b-HiRes_freistell_NEBENeinander_UM_0180424.png\",\"contentUrl\":\"https:\\\/\\\/www.frabeg.de\\\/wp-content\\\/uploads\\\/2024\\\/05\\\/ar_FRB_LCI_Logo-C-04-b-HiRes_freistell_NEBENeinander_UM_0180424.png\",\"width\":8000,\"height\":3000,\"caption\":\"Frankfurter B\u00fcrgerenergiegenossenschaft eG\"},\"image\":{\"@id\":\"https:\\\/\\\/www.frabeg.de\\\/#\\\/schema\\\/logo\\\/image\\\/\"}},{\"@type\":\"Person\",\"@id\":\"https:\\\/\\\/www.frabeg.de\\\/#\\\/schema\\\/person\\\/581e01cefa7f04805f855d18805d5762\",\"name\":\"admin\",\"image\":{\"@type\":\"ImageObject\",\"inLanguage\":\"de\",\"@id\":\"https:\\\/\\\/secure.gravatar.com\\\/avatar\\\/76d187f7cecdac6652b9dcfaef58cda08a1823d0e12de71c5d9977b6c05cf1ae?s=96&d=mm&r=g\",\"url\":\"https:\\\/\\\/secure.gravatar.com\\\/avatar\\\/76d187f7cecdac6652b9dcfaef58cda08a1823d0e12de71c5d9977b6c05cf1ae?s=96&d=mm&r=g\",\"contentUrl\":\"https:\\\/\\\/secure.gravatar.com\\\/avatar\\\/76d187f7cecdac6652b9dcfaef58cda08a1823d0e12de71c5d9977b6c05cf1ae?s=96&d=mm&r=g\",\"caption\":\"admin\"},\"sameAs\":[\"https:\\\/\\\/www.frabeg.de\"],\"url\":\"https:\\\/\\\/www.frabeg.de\\\/index.php\\\/author\\\/fm_yismh9xu\\\/\"}]}<\/script>\n<!-- \/ Yoast SEO plugin. -->","yoast_head_json":{"title":"FraBeG pr\u00e4sentiert sich beim \u201eKlimaquartier Sossenheim\u201c - Frankfurter B\u00fcrgerenergiegenossenschaft eG","robots":{"index":"index","follow":"follow","max-snippet":"max-snippet:-1","max-image-preview":"max-image-preview:large","max-video-preview":"max-video-preview:-1"},"canonical":"https:\/\/www.frabeg.de\/index.php\/2024\/12\/03\/frabeg-praesentiert-sich-beim-klimaquartier-sossenheim\/","schema":{"@context":"https:\/\/schema.org","@graph":[{"@type":"Article","@id":"https:\/\/www.frabeg.de\/index.php\/2024\/12\/03\/frabeg-praesentiert-sich-beim-klimaquartier-sossenheim\/#article","isPartOf":{"@id":"https:\/\/www.frabeg.de\/index.php\/2024\/12\/03\/frabeg-praesentiert-sich-beim-klimaquartier-sossenheim\/"},"author":{"name":"admin","@id":"https:\/\/www.frabeg.de\/#\/schema\/person\/581e01cefa7f04805f855d18805d5762"},"headline":"FraBeG pr\u00e4sentiert sich beim \u201eKlimaquartier Sossenheim\u201c","datePublished":"2024-12-03T18:52:53+00:00","dateModified":"2024-12-04T13:43:01+00:00","mainEntityOfPage":{"@id":"https:\/\/www.frabeg.de\/index.php\/2024\/12\/03\/frabeg-praesentiert-sich-beim-klimaquartier-sossenheim\/"},"wordCount":325,"publisher":{"@id":"https:\/\/www.frabeg.de\/#organization"},"image":{"@id":"https:\/\/www.frabeg.de\/index.php\/2024\/12\/03\/frabeg-praesentiert-sich-beim-klimaquartier-sossenheim\/#primaryimage"},"thumbnailUrl":"https:\/\/www.frabeg.de\/wp-content\/uploads\/2024\/12\/Klimaquartier-Sossenheim-scaled.jpg","keywords":["b\u00fcrgerenergiegenossenschaft","frabeg","Frankfurt","Frankfurt-Riedberg","Klimaquartier","photovoltaik-anlage","Sossenheim","Zivilgesellschaft"],"inLanguage":"de"},{"@type":"WebPage","@id":"https:\/\/www.frabeg.de\/index.php\/2024\/12\/03\/frabeg-praesentiert-sich-beim-klimaquartier-sossenheim\/","url":"https:\/\/www.frabeg.de\/index.php\/2024\/12\/03\/frabeg-praesentiert-sich-beim-klimaquartier-sossenheim\/","name":"FraBeG pr\u00e4sentiert sich beim \u201eKlimaquartier Sossenheim\u201c - Frankfurter B\u00fcrgerenergiegenossenschaft eG","isPartOf":{"@id":"https:\/\/www.frabeg.de\/#website"},"primaryImageOfPage":{"@id":"https:\/\/www.frabeg.de\/index.php\/2024\/12\/03\/frabeg-praesentiert-sich-beim-klimaquartier-sossenheim\/#primaryimage"},"image":{"@id":"https:\/\/www.frabeg.de\/index.php\/2024\/12\/03\/frabeg-praesentiert-sich-beim-klimaquartier-sossenheim\/#primaryimage"},"thumbnailUrl":"https:\/\/www.frabeg.de\/wp-content\/uploads\/2024\/12\/Klimaquartier-Sossenheim-scaled.jpg","datePublished":"2024-12-03T18:52:53+00:00","dateModified":"2024-12-04T13:43:01+00:00","breadcrumb":{"@id":"https:\/\/www.frabeg.de\/index.php\/2024\/12\/03\/frabeg-praesentiert-sich-beim-klimaquartier-sossenheim\/#breadcrumb"},"inLanguage":"de","potentialAction":[{"@type":"ReadAction","target":["https:\/\/www.frabeg.de\/index.php\/2024\/12\/03\/frabeg-praesentiert-sich-beim-klimaquartier-sossenheim\/"]}]},{"@type":"ImageObject","inLanguage":"de","@id":"https:\/\/www.frabeg.de\/index.php\/2024\/12\/03\/frabeg-praesentiert-sich-beim-klimaquartier-sossenheim\/#primaryimage","url":"https:\/\/www.frabeg.de\/wp-content\/uploads\/2024\/12\/Klimaquartier-Sossenheim-scaled.jpg","contentUrl":"https:\/\/www.frabeg.de\/wp-content\/uploads\/2024\/12\/Klimaquartier-Sossenheim-scaled.jpg","width":2560,"height":1211},{"@type":"BreadcrumbList","@id":"https:\/\/www.frabeg.de\/index.php\/2024\/12\/03\/frabeg-praesentiert-sich-beim-klimaquartier-sossenheim\/#breadcrumb","itemListElement":[{"@type":"ListItem","position":1,"name":"Startseite","item":"https:\/\/www.frabeg.de\/"},{"@type":"ListItem","position":2,"name":"FraBeG pr\u00e4sentiert sich beim \u201eKlimaquartier Sossenheim\u201c"}]},{"@type":"WebSite","@id":"https:\/\/www.frabeg.de\/#website","url":"https:\/\/www.frabeg.de\/","name":"Frankfurter B\u00fcrgerenergiegenossenschaft eG","description":"Seien sie bei der Energiewende dabei","publisher":{"@id":"https:\/\/www.frabeg.de\/#organization"},"potentialAction":[{"@type":"SearchAction","target":{"@type":"EntryPoint","urlTemplate":"https:\/\/www.frabeg.de\/?s={search_term_string}"},"query-input":{"@type":"PropertyValueSpecification","valueRequired":true,"valueName":"search_term_string"}}],"inLanguage":"de"},{"@type":"Organization","@id":"https:\/\/www.frabeg.de\/#organization","name":"Frankfurter B\u00fcrgerenergiegenossenschaft eG","url":"https:\/\/www.frabeg.de\/","logo":{"@type":"ImageObject","inLanguage":"de","@id":"https:\/\/www.frabeg.de\/#\/schema\/logo\/image\/","url":"https:\/\/www.frabeg.de\/wp-content\/uploads\/2024\/05\/ar_FRB_LCI_Logo-C-04-b-HiRes_freistell_NEBENeinander_UM_0180424.png","contentUrl":"https:\/\/www.frabeg.de\/wp-content\/uploads\/2024\/05\/ar_FRB_LCI_Logo-C-04-b-HiRes_freistell_NEBENeinander_UM_0180424.png","width":8000,"height":3000,"caption":"Frankfurter B\u00fcrgerenergiegenossenschaft eG"},"image":{"@id":"https:\/\/www.frabeg.de\/#\/schema\/logo\/image\/"}},{"@type":"Person","@id":"https:\/\/www.frabeg.de\/#\/schema\/person\/581e01cefa7f04805f855d18805d5762","name":"admin","image":{"@type":"ImageObject","inLanguage":"de","@id":"https:\/\/secure.gravatar.com\/avatar\/76d187f7cecdac6652b9dcfaef58cda08a1823d0e12de71c5d9977b6c05cf1ae?s=96&d=mm&r=g","url":"https:\/\/secure.gravatar.com\/avatar\/76d187f7cecdac6652b9dcfaef58cda08a1823d0e12de71c5d9977b6c05cf1ae?s=96&d=mm&r=g","contentUrl":"https:\/\/secure.gravatar.com\/avatar\/76d187f7cecdac6652b9dcfaef58cda08a1823d0e12de71c5d9977b6c05cf1ae?s=96&d=mm&r=g","caption":"admin"},"sameAs":["https:\/\/www.frabeg.de"],"url":"https:\/\/www.frabeg.de\/index.php\/author\/fm_yismh9xu\/"}]}},"_links":{"self":[{"href":"https:\/\/www.frabeg.de\/index.php\/wp-json\/wp\/v2\/posts\/1380","targetHints":{"allow":["GET"]}}],"collection":[{"href":"https:\/\/www.frabeg.de\/index.php\/wp-json\/wp\/v2\/posts"}],"about":[{"href":"https:\/\/www.frabeg.de\/index.php\/wp-json\/wp\/v2\/types\/post"}],"author":[{"embeddable":true,"href":"https:\/\/www.frabeg.de\/index.php\/wp-json\/wp\/v2\/users\/1"}],"replies":[{"embeddable":true,"href":"https:\/\/www.frabeg.de\/index.php\/wp-json\/wp\/v2\/comments?post=1380"}],"version-history":[{"count":1,"href":"https:\/\/www.frabeg.de\/index.php\/wp-json\/wp\/v2\/posts\/1380\/revisions"}],"predecessor-version":[{"id":1382,"href":"https:\/\/www.frabeg.de\/index.php\/wp-json\/wp\/v2\/posts\/1380\/revisions\/1382"}],"wp:featuredmedia":[{"embeddable":true,"href":"https:\/\/www.frabeg.de\/index.php\/wp-json\/wp\/v2\/media\/1381"}],"wp:attachment":[{"href":"https:\/\/www.frabeg.de\/index.php\/wp-json\/wp\/v2\/media?parent=1380"}],"wp:term":[{"taxonomy":"category","embeddable":true,"href":"https:\/\/www.frabeg.de\/index.php\/wp-json\/wp\/v2\/categories?post=1380"},{"taxonomy":"post_tag","embeddable":true,"href":"https:\/\/www.frabeg.de\/index.php\/wp-json\/wp\/v2\/tags?post=1380"}],"curies":[{"name":"wp","href":"https:\/\/api.w.org\/{rel}","templated":true}]}}