{"id":1234,"date":"2024-09-29T14:02:51","date_gmt":"2024-09-29T12:02:51","guid":{"rendered":"https:\/\/www.frabeg.de\/?p=1234"},"modified":"2025-02-10T16:41:49","modified_gmt":"2025-02-10T15:41:49","slug":"mini-pv-anlagen-ein-wichtiger-beitrag-zur-energiewende","status":"publish","type":"post","link":"https:\/\/www.frabeg.de\/index.php\/2024\/09\/29\/mini-pv-anlagen-ein-wichtiger-beitrag-zur-energiewende\/","title":{"rendered":"Mini-PV-Anlagen: \u201eEin wichtiger Beitrag zur Energiewende!\u201c"},"content":{"rendered":"<style>.kb-row-layout-id1234_cc7765-b8 > .kt-row-column-wrap{align-content:start;}:where(.kb-row-layout-id1234_cc7765-b8 > .kt-row-column-wrap) > .wp-block-kadence-column{justify-content:start;}.kb-row-layout-id1234_cc7765-b8 > .kt-row-column-wrap{column-gap:var(--global-kb-gap-md, 2rem);row-gap:var(--global-kb-gap-md, 2rem);padding-top:var(--global-kb-spacing-xxs, 0.5rem);padding-bottom:var(--global-kb-spacing-lg, 3rem);grid-template-columns:minmax(0, 1fr) minmax(0, 2fr);}.kb-row-layout-id1234_cc7765-b8 > .kt-row-layout-overlay{opacity:0.30;}@media all and (max-width: 1024px){.kb-row-layout-id1234_cc7765-b8 > .kt-row-column-wrap{grid-template-columns:minmax(0, 1fr) minmax(0, 2fr);}}@media all and (max-width: 767px){.kb-row-layout-id1234_cc7765-b8 > .kt-row-column-wrap{grid-template-columns:minmax(0, 1fr);}}<\/style><div class=\"kb-row-layout-wrap kb-row-layout-id1234_cc7765-b8 alignnone wp-block-kadence-rowlayout\"><div class=\"kt-row-column-wrap kt-has-2-columns kt-row-layout-right-golden kt-tab-layout-inherit kt-mobile-layout-row kt-row-valign-top\">\n<style>.kadence-column1234_ac12d0-cc > .kt-inside-inner-col,.kadence-column1234_ac12d0-cc > .kt-inside-inner-col:before{border-top-left-radius:0px;border-top-right-radius:0px;border-bottom-right-radius:0px;border-bottom-left-radius:0px;}.kadence-column1234_ac12d0-cc > .kt-inside-inner-col{column-gap:var(--global-kb-gap-sm, 1rem);}.kadence-column1234_ac12d0-cc > .kt-inside-inner-col{flex-direction:column;}.kadence-column1234_ac12d0-cc > .kt-inside-inner-col > .aligncenter{width:100%;}.kadence-column1234_ac12d0-cc > .kt-inside-inner-col:before{opacity:0.3;}.kadence-column1234_ac12d0-cc{position:relative;}@media all and (max-width: 1024px){.kadence-column1234_ac12d0-cc > .kt-inside-inner-col{flex-direction:column;justify-content:center;}}@media all and (max-width: 767px){.kadence-column1234_ac12d0-cc > .kt-inside-inner-col{flex-direction:column;justify-content:center;}}<\/style>\n<div class=\"wp-block-kadence-column kadence-column1234_ac12d0-cc\"><div class=\"kt-inside-inner-col\"><div class=\"wp-block-image\">\n<figure class=\"aligncenter size-large is-resized\"><img loading=\"lazy\" decoding=\"async\" width=\"547\" height=\"1024\" src=\"https:\/\/www.frabeg.de\/wp-content\/uploads\/2024\/09\/20240227_222329-scaled-e1727610111828-547x1024.jpg\" alt=\"\" class=\"wp-image-1233\" style=\"width:121px;height:auto\"\/><\/figure>\n<\/div><\/div><\/div>\n\n\n<style>.kadence-column1234_7160eb-eb > .kt-inside-inner-col,.kadence-column1234_7160eb-eb > .kt-inside-inner-col:before{border-top-left-radius:0px;border-top-right-radius:0px;border-bottom-right-radius:0px;border-bottom-left-radius:0px;}.kadence-column1234_7160eb-eb > .kt-inside-inner-col{column-gap:var(--global-kb-gap-sm, 1rem);}.kadence-column1234_7160eb-eb > .kt-inside-inner-col{flex-direction:column;}.kadence-column1234_7160eb-eb > .kt-inside-inner-col > .aligncenter{width:100%;}.kadence-column1234_7160eb-eb > .kt-inside-inner-col:before{opacity:0.3;}.kadence-column1234_7160eb-eb{position:relative;}@media all and (max-width: 1024px){.kadence-column1234_7160eb-eb > .kt-inside-inner-col{flex-direction:column;justify-content:center;}}@media all and (max-width: 767px){.kadence-column1234_7160eb-eb > .kt-inside-inner-col{flex-direction:column;justify-content:center;}}<\/style>\n<div class=\"wp-block-kadence-column kadence-column1234_7160eb-eb\"><div class=\"kt-inside-inner-col\">\n<p><\/p>\n\n\n\n<h5 class=\"wp-block-heading\"><strong>Die Frankfurter B\u00fcrgerenergiegenossenschaft (FraBeG) h\u00e4lt sogenannte Balkonkraftwerke f\u00fcr ideal, um die Vorteile von Solarstrom kennenzulernen. FraBeG-Vorstandsmitglied Markus Schaufler erkl\u00e4rt, warum.<\/strong><\/h5>\n<\/div><\/div>\n\n<\/div><\/div>\n\n\n<p><strong>Nehmen wir an, ich interessiere mich f\u00fcr Photovoltaik, bin aber noch Anf\u00e4nger. Kann dann eine Mini-PV-Anlage, oft auch \u201eBalkonkraftwerk\u201c genannt, ein guter Einstieg sein?<\/strong><\/p>\n\n\n\n<p><strong>Markus Schaufler:<\/strong>&nbsp; Mini-PV-Anlagen sind tats\u00e4chlich der optimale Einstieg, um die Wirksamkeit einer PV-Anlage selbst zu beobachten. Zus\u00e4tzlich ergibt sich der Vorteil, dass man seine Stromkosten unmittelbar senkt und Geld spart.<\/p>\n\n\n\n<p><strong>Braucht man f\u00fcr die Montage Fachkenntnisse oder kann das \u201eJedermann&#8220;?<\/strong><\/p>\n\n\n\n<p>Fachkenntnis ist nicht unmittelbar notwendig, jedoch sollte man keine \u201ezwei linken H\u00e4nde\u201d haben, und ein Helfer zus\u00e4tzlich ist sehr zu empfehlen, besonders, wenn es sich tats\u00e4chlich um eine Montage am Balkongel\u00e4nder handelt. Auf Gartenschuppen, Garagend\u00e4chern und \u00e4hnlichen Pl\u00e4tzen geht es einfacher. Es gibt auch immer wieder Helfer, die gerne zur Hand gehen.<\/p>\n\n\n\n<p><strong>Wie viel Solarstrom kann man realistischerweise mit ein oder zwei Panels im Jahr ernten?<\/strong><\/p>\n\n\n\n<p>Je nach nach Aufstellart und Ausrichtung sind 200 bis 400 Kilowattstunden pro Jahr und Panel m\u00f6glich. Zum Vergleich: Ein Zwei-Personen-Haushalt verbraucht pro Jahr 2.000 bis 3.500 Kilowattstunden.<\/p>\n\n\n\n<p><strong>Fr\u00fcher gab es viele H\u00fcrden, zum Beispiel war ein Stromz\u00e4hler erforderlich, der nicht r\u00fcckw\u00e4rtsl\u00e4uft. Wie sieht aktuell die Rechtslage aus?<\/strong><\/p>\n\n\n\n<p>Seit 16. Mai 2024 kann der bestehende Z\u00e4hler ohne schlechtes Gewissen genutzt werden. Gerade die alten Z\u00e4hler bieten die beste M\u00f6glichkeit, Geld bis zum Tausch zu sparen. Was jedoch ben\u00f6tigt wird, ist die Registrierung beim sogenannten MarktStammdatenRegister. Das ist in etwa das Gleiche, wie ein Kundenkonto bei einem Onlinedienste-Anbieter zu erstellen. Man kann diesen Schritt auch schon im Vorfeld vornehmen. Irgendwann meldet sich dann der Netzdienstbetreiber schon wegen des Z\u00e4hlertauschs.<\/p>\n\n\n\n<p><strong>Als Fazit &#8211; wie bewertet die FraBeG Mini-PV-Anlagen: Ist das eher ein Spielzeug oder ein echter Beitrag zur Energiewende?<\/strong><\/p>\n\n\n\n<p>Mini-PV-Anlagen erm\u00f6glichen, sofern im MaStR eingetragen, die Last an die Stromnetze zu reduzieren. Als Einstieg, um die Effizienz von Photovoltaik kennenzulernen, sind Mini-PV-Anlagen optimal. Sie k\u00f6nnen nie den Bedarf nach mittleren und gro\u00dfen Anlagen ersetzen, sondern nur erg\u00e4nzen. Allerdings: Im vergangenen Jahr sind bundesweit 300.000 dieser Anlagen installiert wurden \u2013 sie decken in Summe den Jahresstrombedarf von 55.000 Haushalten. Das ist ein nicht zu untersch\u00e4tzender Beitrag zur Energiewende!<\/p>\n","protected":false},"excerpt":{"rendered":"<p>Die Frankfurter B\u00fcrgerenergiegenossenschaft (FraBeG) h\u00e4lt sogenannte Balkonkraftwerke f\u00fcr ideal, um die Vorteile von Solarstrom kennenzulernen. FraBeG-Vorstandsmitglied Markus Schaufler erkl\u00e4rt, warum. Nehmen wir an, ich interessiere mich f\u00fcr Photovoltaik, bin aber noch Anf\u00e4nger. Kann dann eine Mini-PV-Anlage, oft auch \u201eBalkonkraftwerk\u201c genannt, ein guter Einstieg sein? Markus Schaufler:&nbsp; Mini-PV-Anlagen sind tats\u00e4chlich der optimale Einstieg, um die Wirksamkeit&#8230;<\/p>\n","protected":false},"author":1,"featured_media":992,"comment_status":"closed","ping_status":"open","sticky":false,"template":"","format":"standard","meta":{"_kadence_starter_templates_imported_post":false,"_kad_post_transparent":"","_kad_post_title":"","_kad_post_layout":"","_kad_post_sidebar_id":"","_kad_post_content_style":"","_kad_post_vertical_padding":"","_kad_post_feature":"","_kad_post_feature_position":"","_kad_post_header":false,"_kad_post_footer":false,"_kad_post_classname":"","footnotes":""},"categories":[1],"tags":[],"class_list":["post-1234","post","type-post","status-publish","format-standard","has-post-thumbnail","hentry","category-allgemeine-news"],"yoast_head":"<!-- This site is optimized with the Yoast SEO plugin v27.4 - https:\/\/yoast.com\/product\/yoast-seo-wordpress\/ -->\n<title>Mini-PV-Anlagen: \u201eEin wichtiger Beitrag zur Energiewende!\u201c - Frankfurter B\u00fcrgerenergiegenossenschaft eG<\/title>\n<meta name=\"robots\" content=\"index, follow, max-snippet:-1, max-image-preview:large, max-video-preview:-1\" \/>\n<link rel=\"canonical\" href=\"https:\/\/www.frabeg.de\/index.php\/2024\/09\/29\/mini-pv-anlagen-ein-wichtiger-beitrag-zur-energiewende\/\" \/>\n<script type=\"application\/ld+json\" class=\"yoast-schema-graph\">{\"@context\":\"https:\\\/\\\/schema.org\",\"@graph\":[{\"@type\":\"Article\",\"@id\":\"https:\\\/\\\/www.frabeg.de\\\/index.php\\\/2024\\\/09\\\/29\\\/mini-pv-anlagen-ein-wichtiger-beitrag-zur-energiewende\\\/#article\",\"isPartOf\":{\"@id\":\"https:\\\/\\\/www.frabeg.de\\\/index.php\\\/2024\\\/09\\\/29\\\/mini-pv-anlagen-ein-wichtiger-beitrag-zur-energiewende\\\/\"},\"author\":{\"name\":\"admin\",\"@id\":\"https:\\\/\\\/www.frabeg.de\\\/#\\\/schema\\\/person\\\/581e01cefa7f04805f855d18805d5762\"},\"headline\":\"Mini-PV-Anlagen: \u201eEin wichtiger Beitrag zur Energiewende!\u201c\",\"datePublished\":\"2024-09-29T12:02:51+00:00\",\"dateModified\":\"2025-02-10T15:41:49+00:00\",\"mainEntityOfPage\":{\"@id\":\"https:\\\/\\\/www.frabeg.de\\\/index.php\\\/2024\\\/09\\\/29\\\/mini-pv-anlagen-ein-wichtiger-beitrag-zur-energiewende\\\/\"},\"wordCount\":384,\"publisher\":{\"@id\":\"https:\\\/\\\/www.frabeg.de\\\/#organization\"},\"image\":{\"@id\":\"https:\\\/\\\/www.frabeg.de\\\/index.php\\\/2024\\\/09\\\/29\\\/mini-pv-anlagen-ein-wichtiger-beitrag-zur-energiewende\\\/#primaryimage\"},\"thumbnailUrl\":\"https:\\\/\\\/www.frabeg.de\\\/wp-content\\\/uploads\\\/2024\\\/03\\\/20231111_110812-scaled.jpg\",\"inLanguage\":\"de\"},{\"@type\":\"WebPage\",\"@id\":\"https:\\\/\\\/www.frabeg.de\\\/index.php\\\/2024\\\/09\\\/29\\\/mini-pv-anlagen-ein-wichtiger-beitrag-zur-energiewende\\\/\",\"url\":\"https:\\\/\\\/www.frabeg.de\\\/index.php\\\/2024\\\/09\\\/29\\\/mini-pv-anlagen-ein-wichtiger-beitrag-zur-energiewende\\\/\",\"name\":\"Mini-PV-Anlagen: \u201eEin wichtiger Beitrag zur Energiewende!\u201c - Frankfurter B\u00fcrgerenergiegenossenschaft eG\",\"isPartOf\":{\"@id\":\"https:\\\/\\\/www.frabeg.de\\\/#website\"},\"primaryImageOfPage\":{\"@id\":\"https:\\\/\\\/www.frabeg.de\\\/index.php\\\/2024\\\/09\\\/29\\\/mini-pv-anlagen-ein-wichtiger-beitrag-zur-energiewende\\\/#primaryimage\"},\"image\":{\"@id\":\"https:\\\/\\\/www.frabeg.de\\\/index.php\\\/2024\\\/09\\\/29\\\/mini-pv-anlagen-ein-wichtiger-beitrag-zur-energiewende\\\/#primaryimage\"},\"thumbnailUrl\":\"https:\\\/\\\/www.frabeg.de\\\/wp-content\\\/uploads\\\/2024\\\/03\\\/20231111_110812-scaled.jpg\",\"datePublished\":\"2024-09-29T12:02:51+00:00\",\"dateModified\":\"2025-02-10T15:41:49+00:00\",\"breadcrumb\":{\"@id\":\"https:\\\/\\\/www.frabeg.de\\\/index.php\\\/2024\\\/09\\\/29\\\/mini-pv-anlagen-ein-wichtiger-beitrag-zur-energiewende\\\/#breadcrumb\"},\"inLanguage\":\"de\",\"potentialAction\":[{\"@type\":\"ReadAction\",\"target\":[\"https:\\\/\\\/www.frabeg.de\\\/index.php\\\/2024\\\/09\\\/29\\\/mini-pv-anlagen-ein-wichtiger-beitrag-zur-energiewende\\\/\"]}]},{\"@type\":\"ImageObject\",\"inLanguage\":\"de\",\"@id\":\"https:\\\/\\\/www.frabeg.de\\\/index.php\\\/2024\\\/09\\\/29\\\/mini-pv-anlagen-ein-wichtiger-beitrag-zur-energiewende\\\/#primaryimage\",\"url\":\"https:\\\/\\\/www.frabeg.de\\\/wp-content\\\/uploads\\\/2024\\\/03\\\/20231111_110812-scaled.jpg\",\"contentUrl\":\"https:\\\/\\\/www.frabeg.de\\\/wp-content\\\/uploads\\\/2024\\\/03\\\/20231111_110812-scaled.jpg\",\"width\":2560,\"height\":1920},{\"@type\":\"BreadcrumbList\",\"@id\":\"https:\\\/\\\/www.frabeg.de\\\/index.php\\\/2024\\\/09\\\/29\\\/mini-pv-anlagen-ein-wichtiger-beitrag-zur-energiewende\\\/#breadcrumb\",\"itemListElement\":[{\"@type\":\"ListItem\",\"position\":1,\"name\":\"Startseite\",\"item\":\"https:\\\/\\\/www.frabeg.de\\\/\"},{\"@type\":\"ListItem\",\"position\":2,\"name\":\"Mini-PV-Anlagen: \u201eEin wichtiger Beitrag zur Energiewende!\u201c\"}]},{\"@type\":\"WebSite\",\"@id\":\"https:\\\/\\\/www.frabeg.de\\\/#website\",\"url\":\"https:\\\/\\\/www.frabeg.de\\\/\",\"name\":\"Frankfurter B\u00fcrgerenergiegenossenschaft eG\",\"description\":\"Seien sie bei der Energiewende dabei\",\"publisher\":{\"@id\":\"https:\\\/\\\/www.frabeg.de\\\/#organization\"},\"potentialAction\":[{\"@type\":\"SearchAction\",\"target\":{\"@type\":\"EntryPoint\",\"urlTemplate\":\"https:\\\/\\\/www.frabeg.de\\\/?s={search_term_string}\"},\"query-input\":{\"@type\":\"PropertyValueSpecification\",\"valueRequired\":true,\"valueName\":\"search_term_string\"}}],\"inLanguage\":\"de\"},{\"@type\":\"Organization\",\"@id\":\"https:\\\/\\\/www.frabeg.de\\\/#organization\",\"name\":\"Frankfurter B\u00fcrgerenergiegenossenschaft eG\",\"url\":\"https:\\\/\\\/www.frabeg.de\\\/\",\"logo\":{\"@type\":\"ImageObject\",\"inLanguage\":\"de\",\"@id\":\"https:\\\/\\\/www.frabeg.de\\\/#\\\/schema\\\/logo\\\/image\\\/\",\"url\":\"https:\\\/\\\/www.frabeg.de\\\/wp-content\\\/uploads\\\/2024\\\/05\\\/ar_FRB_LCI_Logo-C-04-b-HiRes_freistell_NEBENeinander_UM_0180424.png\",\"contentUrl\":\"https:\\\/\\\/www.frabeg.de\\\/wp-content\\\/uploads\\\/2024\\\/05\\\/ar_FRB_LCI_Logo-C-04-b-HiRes_freistell_NEBENeinander_UM_0180424.png\",\"width\":8000,\"height\":3000,\"caption\":\"Frankfurter B\u00fcrgerenergiegenossenschaft eG\"},\"image\":{\"@id\":\"https:\\\/\\\/www.frabeg.de\\\/#\\\/schema\\\/logo\\\/image\\\/\"}},{\"@type\":\"Person\",\"@id\":\"https:\\\/\\\/www.frabeg.de\\\/#\\\/schema\\\/person\\\/581e01cefa7f04805f855d18805d5762\",\"name\":\"admin\",\"image\":{\"@type\":\"ImageObject\",\"inLanguage\":\"de\",\"@id\":\"https:\\\/\\\/secure.gravatar.com\\\/avatar\\\/76d187f7cecdac6652b9dcfaef58cda08a1823d0e12de71c5d9977b6c05cf1ae?s=96&d=mm&r=g\",\"url\":\"https:\\\/\\\/secure.gravatar.com\\\/avatar\\\/76d187f7cecdac6652b9dcfaef58cda08a1823d0e12de71c5d9977b6c05cf1ae?s=96&d=mm&r=g\",\"contentUrl\":\"https:\\\/\\\/secure.gravatar.com\\\/avatar\\\/76d187f7cecdac6652b9dcfaef58cda08a1823d0e12de71c5d9977b6c05cf1ae?s=96&d=mm&r=g\",\"caption\":\"admin\"},\"sameAs\":[\"https:\\\/\\\/www.frabeg.de\"],\"url\":\"https:\\\/\\\/www.frabeg.de\\\/index.php\\\/author\\\/fm_yismh9xu\\\/\"}]}<\/script>\n<!-- \/ Yoast SEO plugin. -->","yoast_head_json":{"title":"Mini-PV-Anlagen: \u201eEin wichtiger Beitrag zur Energiewende!\u201c - Frankfurter B\u00fcrgerenergiegenossenschaft eG","robots":{"index":"index","follow":"follow","max-snippet":"max-snippet:-1","max-image-preview":"max-image-preview:large","max-video-preview":"max-video-preview:-1"},"canonical":"https:\/\/www.frabeg.de\/index.php\/2024\/09\/29\/mini-pv-anlagen-ein-wichtiger-beitrag-zur-energiewende\/","schema":{"@context":"https:\/\/schema.org","@graph":[{"@type":"Article","@id":"https:\/\/www.frabeg.de\/index.php\/2024\/09\/29\/mini-pv-anlagen-ein-wichtiger-beitrag-zur-energiewende\/#article","isPartOf":{"@id":"https:\/\/www.frabeg.de\/index.php\/2024\/09\/29\/mini-pv-anlagen-ein-wichtiger-beitrag-zur-energiewende\/"},"author":{"name":"admin","@id":"https:\/\/www.frabeg.de\/#\/schema\/person\/581e01cefa7f04805f855d18805d5762"},"headline":"Mini-PV-Anlagen: \u201eEin wichtiger Beitrag zur Energiewende!\u201c","datePublished":"2024-09-29T12:02:51+00:00","dateModified":"2025-02-10T15:41:49+00:00","mainEntityOfPage":{"@id":"https:\/\/www.frabeg.de\/index.php\/2024\/09\/29\/mini-pv-anlagen-ein-wichtiger-beitrag-zur-energiewende\/"},"wordCount":384,"publisher":{"@id":"https:\/\/www.frabeg.de\/#organization"},"image":{"@id":"https:\/\/www.frabeg.de\/index.php\/2024\/09\/29\/mini-pv-anlagen-ein-wichtiger-beitrag-zur-energiewende\/#primaryimage"},"thumbnailUrl":"https:\/\/www.frabeg.de\/wp-content\/uploads\/2024\/03\/20231111_110812-scaled.jpg","inLanguage":"de"},{"@type":"WebPage","@id":"https:\/\/www.frabeg.de\/index.php\/2024\/09\/29\/mini-pv-anlagen-ein-wichtiger-beitrag-zur-energiewende\/","url":"https:\/\/www.frabeg.de\/index.php\/2024\/09\/29\/mini-pv-anlagen-ein-wichtiger-beitrag-zur-energiewende\/","name":"Mini-PV-Anlagen: \u201eEin wichtiger Beitrag zur Energiewende!\u201c - Frankfurter B\u00fcrgerenergiegenossenschaft eG","isPartOf":{"@id":"https:\/\/www.frabeg.de\/#website"},"primaryImageOfPage":{"@id":"https:\/\/www.frabeg.de\/index.php\/2024\/09\/29\/mini-pv-anlagen-ein-wichtiger-beitrag-zur-energiewende\/#primaryimage"},"image":{"@id":"https:\/\/www.frabeg.de\/index.php\/2024\/09\/29\/mini-pv-anlagen-ein-wichtiger-beitrag-zur-energiewende\/#primaryimage"},"thumbnailUrl":"https:\/\/www.frabeg.de\/wp-content\/uploads\/2024\/03\/20231111_110812-scaled.jpg","datePublished":"2024-09-29T12:02:51+00:00","dateModified":"2025-02-10T15:41:49+00:00","breadcrumb":{"@id":"https:\/\/www.frabeg.de\/index.php\/2024\/09\/29\/mini-pv-anlagen-ein-wichtiger-beitrag-zur-energiewende\/#breadcrumb"},"inLanguage":"de","potentialAction":[{"@type":"ReadAction","target":["https:\/\/www.frabeg.de\/index.php\/2024\/09\/29\/mini-pv-anlagen-ein-wichtiger-beitrag-zur-energiewende\/"]}]},{"@type":"ImageObject","inLanguage":"de","@id":"https:\/\/www.frabeg.de\/index.php\/2024\/09\/29\/mini-pv-anlagen-ein-wichtiger-beitrag-zur-energiewende\/#primaryimage","url":"https:\/\/www.frabeg.de\/wp-content\/uploads\/2024\/03\/20231111_110812-scaled.jpg","contentUrl":"https:\/\/www.frabeg.de\/wp-content\/uploads\/2024\/03\/20231111_110812-scaled.jpg","width":2560,"height":1920},{"@type":"BreadcrumbList","@id":"https:\/\/www.frabeg.de\/index.php\/2024\/09\/29\/mini-pv-anlagen-ein-wichtiger-beitrag-zur-energiewende\/#breadcrumb","itemListElement":[{"@type":"ListItem","position":1,"name":"Startseite","item":"https:\/\/www.frabeg.de\/"},{"@type":"ListItem","position":2,"name":"Mini-PV-Anlagen: \u201eEin wichtiger Beitrag zur Energiewende!\u201c"}]},{"@type":"WebSite","@id":"https:\/\/www.frabeg.de\/#website","url":"https:\/\/www.frabeg.de\/","name":"Frankfurter B\u00fcrgerenergiegenossenschaft eG","description":"Seien sie bei der Energiewende dabei","publisher":{"@id":"https:\/\/www.frabeg.de\/#organization"},"potentialAction":[{"@type":"SearchAction","target":{"@type":"EntryPoint","urlTemplate":"https:\/\/www.frabeg.de\/?s={search_term_string}"},"query-input":{"@type":"PropertyValueSpecification","valueRequired":true,"valueName":"search_term_string"}}],"inLanguage":"de"},{"@type":"Organization","@id":"https:\/\/www.frabeg.de\/#organization","name":"Frankfurter B\u00fcrgerenergiegenossenschaft eG","url":"https:\/\/www.frabeg.de\/","logo":{"@type":"ImageObject","inLanguage":"de","@id":"https:\/\/www.frabeg.de\/#\/schema\/logo\/image\/","url":"https:\/\/www.frabeg.de\/wp-content\/uploads\/2024\/05\/ar_FRB_LCI_Logo-C-04-b-HiRes_freistell_NEBENeinander_UM_0180424.png","contentUrl":"https:\/\/www.frabeg.de\/wp-content\/uploads\/2024\/05\/ar_FRB_LCI_Logo-C-04-b-HiRes_freistell_NEBENeinander_UM_0180424.png","width":8000,"height":3000,"caption":"Frankfurter B\u00fcrgerenergiegenossenschaft eG"},"image":{"@id":"https:\/\/www.frabeg.de\/#\/schema\/logo\/image\/"}},{"@type":"Person","@id":"https:\/\/www.frabeg.de\/#\/schema\/person\/581e01cefa7f04805f855d18805d5762","name":"admin","image":{"@type":"ImageObject","inLanguage":"de","@id":"https:\/\/secure.gravatar.com\/avatar\/76d187f7cecdac6652b9dcfaef58cda08a1823d0e12de71c5d9977b6c05cf1ae?s=96&d=mm&r=g","url":"https:\/\/secure.gravatar.com\/avatar\/76d187f7cecdac6652b9dcfaef58cda08a1823d0e12de71c5d9977b6c05cf1ae?s=96&d=mm&r=g","contentUrl":"https:\/\/secure.gravatar.com\/avatar\/76d187f7cecdac6652b9dcfaef58cda08a1823d0e12de71c5d9977b6c05cf1ae?s=96&d=mm&r=g","caption":"admin"},"sameAs":["https:\/\/www.frabeg.de"],"url":"https:\/\/www.frabeg.de\/index.php\/author\/fm_yismh9xu\/"}]}},"_links":{"self":[{"href":"https:\/\/www.frabeg.de\/index.php\/wp-json\/wp\/v2\/posts\/1234","targetHints":{"allow":["GET"]}}],"collection":[{"href":"https:\/\/www.frabeg.de\/index.php\/wp-json\/wp\/v2\/posts"}],"about":[{"href":"https:\/\/www.frabeg.de\/index.php\/wp-json\/wp\/v2\/types\/post"}],"author":[{"embeddable":true,"href":"https:\/\/www.frabeg.de\/index.php\/wp-json\/wp\/v2\/users\/1"}],"replies":[{"embeddable":true,"href":"https:\/\/www.frabeg.de\/index.php\/wp-json\/wp\/v2\/comments?post=1234"}],"version-history":[{"count":8,"href":"https:\/\/www.frabeg.de\/index.php\/wp-json\/wp\/v2\/posts\/1234\/revisions"}],"predecessor-version":[{"id":1245,"href":"https:\/\/www.frabeg.de\/index.php\/wp-json\/wp\/v2\/posts\/1234\/revisions\/1245"}],"wp:featuredmedia":[{"embeddable":true,"href":"https:\/\/www.frabeg.de\/index.php\/wp-json\/wp\/v2\/media\/992"}],"wp:attachment":[{"href":"https:\/\/www.frabeg.de\/index.php\/wp-json\/wp\/v2\/media?parent=1234"}],"wp:term":[{"taxonomy":"category","embeddable":true,"href":"https:\/\/www.frabeg.de\/index.php\/wp-json\/wp\/v2\/categories?post=1234"},{"taxonomy":"post_tag","embeddable":true,"href":"https:\/\/www.frabeg.de\/index.php\/wp-json\/wp\/v2\/tags?post=1234"}],"curies":[{"name":"wp","href":"https:\/\/api.w.org\/{rel}","templated":true}]}}