{"id":1219,"date":"2024-05-17T12:07:00","date_gmt":"2024-05-17T10:07:00","guid":{"rendered":"https:\/\/www.frabeg.de\/?p=1219"},"modified":"2024-09-24T21:17:04","modified_gmt":"2024-09-24T19:17:04","slug":"stadt-frankfurt-wuerdigt-frabeg-als-motor-der-energiewende-in-buergerhand","status":"publish","type":"post","link":"https:\/\/www.frabeg.de\/index.php\/2024\/05\/17\/stadt-frankfurt-wuerdigt-frabeg-als-motor-der-energiewende-in-buergerhand\/","title":{"rendered":"Stadt Frankfurt w\u00fcrdigt FraBeG als Motor der Energiewende in B\u00fcrgerhand"},"content":{"rendered":"\n<p>Die FraBeg, die erste B\u00fcrgerenergiegenossenschaft in Frankfurt, hat bei einer Veranstaltung der Stadt Frankfurt am 16. Mai 2024 f\u00fcr die Idee der Energiegenossenschaft geworben. \u201eNur wenn wir die B\u00fcrgerinnen und B\u00fcrger mitnehmen, k\u00f6nnen wir die Energiewende schaffen\u201c, sagte Andreas Heming, Aufsichtsratsvorsitzender der FraBeG, beim B\u00fcrgerdialog \u201eSolarenergie in Frankfurt. Wie k\u00f6nnen wir die Kraft der Sonne nutzen?\u201c im Senckenberg-Institut.<\/p>\n\n\n\n<p>Bei der Veranstaltung wurde deutlich: Daf\u00fcr gibt es mehrere Wege. Aber die FraBeG ist eine besonders attraktive M\u00f6glichkeit, erl\u00e4utert Andreas Heming. In seiner Heimat im M\u00fcnsterland seien Energiegenossenschaft weit verbreitet. Widerstand gegen regenerative Energieformen gebe es dort nicht \u2013 im Gegenteil. Das liege darin, dass die Menschen vor Ort mitgenommen werden. \u201eJeder ist in einer Genossenschaft stimmberechtigt, unabh\u00e4ngig von der Zahl der gezeichneten Anteilsscheine.\u201c Genossin oder Genosse kann man bei der FraBeG bereits mit 150 Euro \u2013 plus ein kleines Aufgeld \u2013 werden. \u201eEgal, zu welchem Zeitpunkt jemand einsteigt \u2013 der Gewinn wird demokratisch ausgesch\u00fcttet\u201c, erl\u00e4uterte er.<\/p>\n\n\n\n<p>Besonders gro\u00df ist im sonnenreichen Frankfurt das Potenzial f\u00fcr Solaranlagen, sagte Hans-Georg Dannert, Leiter des Klimareferats der Stadt Frankfurt, vor rund 60 interessierten Zuh\u00f6rern. Theoretisch k\u00f6nnten mit dem Potenzial der Dachfl\u00e4chen 80 Prozent der Haushalte mit regenerativer Energie versorgt werden. Aktuell liege Frankfurt in diesem Prozess \u201enicht weit vorn\u201c. Aber die Stadt habe mit dem F\u00f6rderprogramm \u201eKlima-Bonus\u201c in H\u00f6he von 21 Millionen Euro Fahrt aufgenommen.<\/p>\n\n\n\n<p>F\u00fcr eine andere Organisationsform als eine B\u00fcrgerenergiegenossenschaft steht Volker Kl\u00f6s, Gesch\u00e4ftsf\u00fchrer der Sonneninitiative e.V. aus Marburg. Seit 2003 projektiert und plant der Verein Photovoltaikanlagen und ist mittlerweile einer der gr\u00f6\u00dften Betreiber kommunaler PV-Anlagen in Deutschland, erl\u00e4uterte Kl\u00f6s. Die \u201eB\u00fcrgersonnenkraftwerke\u201c seien ein Angebot an alle, die keine M\u00f6glichkeit haben, Sonnenenergie auf dem eigenen Grundst\u00fcck einzufangen. Bei der Sonneninitiative errichten und betreiben einzelne Solaranlagenbesitzer auf einem fremden Dach eine PV-Anlage.<\/p>\n\n\n\n<p>F\u00fcr B\u00fcrgerinnen und B\u00fcrger in Frankfurt, die eine Erstberatung suchen, sei der Verein \u201eEnergiepunkt\u201c eine gute Anlaufstelle, sagte Dannert. Dort stehe man Bauherren, Mietern oder kleinen oder mittleren Unternehmen in allen Energiefragen beratend zur Seite.<\/p>\n\n\n\n<p>Eine besonders niedrigschwellige M\u00f6glichkeit, sich dem Thema anzun\u00e4hern, seien Balkonkraftwerke. Mit dem sogenannten Solarpaket 1 der Bundesregierung, das Mitte Mai in Kraft getreten ist, seien diese Anlagen auch nicht mehr anmeldepflichtig bei den Netzdiensten Rhein-Main&nbsp; (NRM). Das sei insbesondere f\u00fcr Menschen eine Option, die \u201emit kleinem Budget unterwegs sind\u201c, sagte der Leiter des Klimareferats und verwies auf einen speziellen F\u00f6rdertopf der Stadt daf\u00fcr \u2013 der allerdings zur Zeit ausgesch\u00f6pft ist. Die Politik sei unterwegs, diesen Topf wieder zu bef\u00fcllen, versicherte Dannert: \u201eWir sind dran.\u201c<\/p>\n\n\n\n<p>Mit Unterst\u00fctzung der FraBeG sind in den vergangenen Monaten rund 50 dieser kleinen Solarkraftwerke installiert worden, berichtete Markus Schaufler, Vorstandsmitglied der B\u00fcrgerenergiegenossenschaft. Die FraBeG halte Balkonkraftwerke als Einstieg in die Gewinnung von Solarenergie f\u00fcr ideal, sagte der Aufsichtsratsvorsitzende Andreas Heming.<\/p>\n\n\n\n<p>Er ermutigte B\u00fcrgerinnen und B\u00fcrger ausdr\u00fccklich, mit Projektanfragen auf die FraBeG zuzukommen. Es gebe keine Mindestgr\u00f6\u00dfe bei einer Dachfl\u00e4che, ab der sich die B\u00fcrgerenergiegenossenschaft mit einem Projekt besch\u00e4ftigte. Wichtig sei insbesondere, ob es im konkreten Fall bereits Engagierte vor Ort gibt, die in der Vorplanung aktiv sind oder ob der Eigent\u00fcmer der Immobilie das Projekt unterst\u00fctzt, erl\u00e4uterte Heming.<\/p>\n\n\n\n<p>Die FraBeG, die erst im Januar gegr\u00fcndet wurde und am 15. Mai von Oberb\u00fcrgermeister Mike Josef der \u00d6ffentlichkeit vorgestellt wurde, will ihr eigenes Tempo hochhalten. \u201eEnde dieser Sommerferien\u201c solle das erste gro\u00dfe Projekt der FraBeG auf dem Dach der Josephine-Baker-Gesamtschule in Frankfurt-Riedberg installiert sein, versicherte Heming.<\/p>\n\n\n\n<p>\u201eB\u00fcrgerliches Engagement ist zentral\u201c, fasste Hans-Georg Dannert vom Klimareferat der Stadt Frankfurt zusammen. Die FraBeG und die Sonneninitiative seien zwei erfolgreiche Initiativen, die sich das Thema zu eigen gemacht h\u00e4tten. \u201eGemeinsam werden wir st\u00e4rker!\u201c<\/p>\n\n\n\n<p><\/p>\n","protected":false},"excerpt":{"rendered":"<p>Die FraBeg, die erste B\u00fcrgerenergiegenossenschaft in Frankfurt, hat bei einer Veranstaltung der Stadt Frankfurt am 16. Mai 2024 f\u00fcr die Idee der Energiegenossenschaft geworben. \u201eNur wenn wir die B\u00fcrgerinnen und B\u00fcrger mitnehmen, k\u00f6nnen wir die Energiewende schaffen\u201c, sagte Andreas Heming, Aufsichtsratsvorsitzender der FraBeG, beim B\u00fcrgerdialog \u201eSolarenergie in Frankfurt. Wie k\u00f6nnen wir die Kraft der Sonne&#8230;<\/p>\n","protected":false},"author":1,"featured_media":1220,"comment_status":"closed","ping_status":"open","sticky":false,"template":"","format":"standard","meta":{"_kadence_starter_templates_imported_post":false,"_kad_post_transparent":"","_kad_post_title":"","_kad_post_layout":"","_kad_post_sidebar_id":"","_kad_post_content_style":"","_kad_post_vertical_padding":"","_kad_post_feature":"","_kad_post_feature_position":"","_kad_post_header":false,"_kad_post_footer":false,"_kad_post_classname":"","footnotes":""},"categories":[1,8],"tags":[20,22,18,19],"class_list":["post-1219","post","type-post","status-publish","format-standard","has-post-thumbnail","hentry","category-allgemeine-news","category-presse-news","tag-buergerenergiegenossenschaft","tag-energiewende","tag-frabeg","tag-frankfurt-am-main"],"yoast_head":"<!-- This site is optimized with the Yoast SEO plugin v27.4 - https:\/\/yoast.com\/product\/yoast-seo-wordpress\/ -->\n<title>Stadt Frankfurt w\u00fcrdigt FraBeG als Motor der Energiewende in B\u00fcrgerhand - Frankfurter B\u00fcrgerenergiegenossenschaft eG<\/title>\n<meta name=\"robots\" content=\"index, follow, max-snippet:-1, max-image-preview:large, max-video-preview:-1\" \/>\n<link rel=\"canonical\" href=\"https:\/\/www.frabeg.de\/index.php\/2024\/05\/17\/stadt-frankfurt-wuerdigt-frabeg-als-motor-der-energiewende-in-buergerhand\/\" \/>\n<script type=\"application\/ld+json\" class=\"yoast-schema-graph\">{\"@context\":\"https:\\\/\\\/schema.org\",\"@graph\":[{\"@type\":\"Article\",\"@id\":\"https:\\\/\\\/www.frabeg.de\\\/index.php\\\/2024\\\/05\\\/17\\\/stadt-frankfurt-wuerdigt-frabeg-als-motor-der-energiewende-in-buergerhand\\\/#article\",\"isPartOf\":{\"@id\":\"https:\\\/\\\/www.frabeg.de\\\/index.php\\\/2024\\\/05\\\/17\\\/stadt-frankfurt-wuerdigt-frabeg-als-motor-der-energiewende-in-buergerhand\\\/\"},\"author\":{\"name\":\"admin\",\"@id\":\"https:\\\/\\\/www.frabeg.de\\\/#\\\/schema\\\/person\\\/581e01cefa7f04805f855d18805d5762\"},\"headline\":\"Stadt Frankfurt w\u00fcrdigt FraBeG als Motor der Energiewende in B\u00fcrgerhand\",\"datePublished\":\"2024-05-17T10:07:00+00:00\",\"dateModified\":\"2024-09-24T19:17:04+00:00\",\"mainEntityOfPage\":{\"@id\":\"https:\\\/\\\/www.frabeg.de\\\/index.php\\\/2024\\\/05\\\/17\\\/stadt-frankfurt-wuerdigt-frabeg-als-motor-der-energiewende-in-buergerhand\\\/\"},\"wordCount\":644,\"publisher\":{\"@id\":\"https:\\\/\\\/www.frabeg.de\\\/#organization\"},\"image\":{\"@id\":\"https:\\\/\\\/www.frabeg.de\\\/index.php\\\/2024\\\/05\\\/17\\\/stadt-frankfurt-wuerdigt-frabeg-als-motor-der-energiewende-in-buergerhand\\\/#primaryimage\"},\"thumbnailUrl\":\"https:\\\/\\\/www.frabeg.de\\\/wp-content\\\/uploads\\\/2024\\\/09\\\/FragBeg.jpg\",\"keywords\":[\"b\u00fcrgerenergiegenossenschaft\",\"energiewende\",\"frabeg\",\"frankfurt am main\"],\"articleSection\":{\"1\":\"Presse\"},\"inLanguage\":\"de\"},{\"@type\":\"WebPage\",\"@id\":\"https:\\\/\\\/www.frabeg.de\\\/index.php\\\/2024\\\/05\\\/17\\\/stadt-frankfurt-wuerdigt-frabeg-als-motor-der-energiewende-in-buergerhand\\\/\",\"url\":\"https:\\\/\\\/www.frabeg.de\\\/index.php\\\/2024\\\/05\\\/17\\\/stadt-frankfurt-wuerdigt-frabeg-als-motor-der-energiewende-in-buergerhand\\\/\",\"name\":\"Stadt Frankfurt w\u00fcrdigt FraBeG als Motor der Energiewende in B\u00fcrgerhand - Frankfurter B\u00fcrgerenergiegenossenschaft eG\",\"isPartOf\":{\"@id\":\"https:\\\/\\\/www.frabeg.de\\\/#website\"},\"primaryImageOfPage\":{\"@id\":\"https:\\\/\\\/www.frabeg.de\\\/index.php\\\/2024\\\/05\\\/17\\\/stadt-frankfurt-wuerdigt-frabeg-als-motor-der-energiewende-in-buergerhand\\\/#primaryimage\"},\"image\":{\"@id\":\"https:\\\/\\\/www.frabeg.de\\\/index.php\\\/2024\\\/05\\\/17\\\/stadt-frankfurt-wuerdigt-frabeg-als-motor-der-energiewende-in-buergerhand\\\/#primaryimage\"},\"thumbnailUrl\":\"https:\\\/\\\/www.frabeg.de\\\/wp-content\\\/uploads\\\/2024\\\/09\\\/FragBeg.jpg\",\"datePublished\":\"2024-05-17T10:07:00+00:00\",\"dateModified\":\"2024-09-24T19:17:04+00:00\",\"breadcrumb\":{\"@id\":\"https:\\\/\\\/www.frabeg.de\\\/index.php\\\/2024\\\/05\\\/17\\\/stadt-frankfurt-wuerdigt-frabeg-als-motor-der-energiewende-in-buergerhand\\\/#breadcrumb\"},\"inLanguage\":\"de\",\"potentialAction\":[{\"@type\":\"ReadAction\",\"target\":[\"https:\\\/\\\/www.frabeg.de\\\/index.php\\\/2024\\\/05\\\/17\\\/stadt-frankfurt-wuerdigt-frabeg-als-motor-der-energiewende-in-buergerhand\\\/\"]}]},{\"@type\":\"ImageObject\",\"inLanguage\":\"de\",\"@id\":\"https:\\\/\\\/www.frabeg.de\\\/index.php\\\/2024\\\/05\\\/17\\\/stadt-frankfurt-wuerdigt-frabeg-als-motor-der-energiewende-in-buergerhand\\\/#primaryimage\",\"url\":\"https:\\\/\\\/www.frabeg.de\\\/wp-content\\\/uploads\\\/2024\\\/09\\\/FragBeg.jpg\",\"contentUrl\":\"https:\\\/\\\/www.frabeg.de\\\/wp-content\\\/uploads\\\/2024\\\/09\\\/FragBeg.jpg\",\"width\":1472,\"height\":967,\"caption\":\"Abbildung 1 B\u00fcrgerdialog, von links nach rechts: Moderation Ariane Wick, Volker Kl\u00f6s ( Sonneninitiative e.V. ), Hans-Georg Dannert (Klimareferat der Stadt Frankfurt), Andreas Heming (Frankfurter B\u00fcrgerenergiegenossenschaft FraBeG eG)\"},{\"@type\":\"BreadcrumbList\",\"@id\":\"https:\\\/\\\/www.frabeg.de\\\/index.php\\\/2024\\\/05\\\/17\\\/stadt-frankfurt-wuerdigt-frabeg-als-motor-der-energiewende-in-buergerhand\\\/#breadcrumb\",\"itemListElement\":[{\"@type\":\"ListItem\",\"position\":1,\"name\":\"Startseite\",\"item\":\"https:\\\/\\\/www.frabeg.de\\\/\"},{\"@type\":\"ListItem\",\"position\":2,\"name\":\"Stadt Frankfurt w\u00fcrdigt FraBeG als Motor der Energiewende in B\u00fcrgerhand\"}]},{\"@type\":\"WebSite\",\"@id\":\"https:\\\/\\\/www.frabeg.de\\\/#website\",\"url\":\"https:\\\/\\\/www.frabeg.de\\\/\",\"name\":\"Frankfurter B\u00fcrgerenergiegenossenschaft eG\",\"description\":\"Seien sie bei der Energiewende dabei\",\"publisher\":{\"@id\":\"https:\\\/\\\/www.frabeg.de\\\/#organization\"},\"potentialAction\":[{\"@type\":\"SearchAction\",\"target\":{\"@type\":\"EntryPoint\",\"urlTemplate\":\"https:\\\/\\\/www.frabeg.de\\\/?s={search_term_string}\"},\"query-input\":{\"@type\":\"PropertyValueSpecification\",\"valueRequired\":true,\"valueName\":\"search_term_string\"}}],\"inLanguage\":\"de\"},{\"@type\":\"Organization\",\"@id\":\"https:\\\/\\\/www.frabeg.de\\\/#organization\",\"name\":\"Frankfurter B\u00fcrgerenergiegenossenschaft eG\",\"url\":\"https:\\\/\\\/www.frabeg.de\\\/\",\"logo\":{\"@type\":\"ImageObject\",\"inLanguage\":\"de\",\"@id\":\"https:\\\/\\\/www.frabeg.de\\\/#\\\/schema\\\/logo\\\/image\\\/\",\"url\":\"https:\\\/\\\/www.frabeg.de\\\/wp-content\\\/uploads\\\/2024\\\/05\\\/ar_FRB_LCI_Logo-C-04-b-HiRes_freistell_NEBENeinander_UM_0180424.png\",\"contentUrl\":\"https:\\\/\\\/www.frabeg.de\\\/wp-content\\\/uploads\\\/2024\\\/05\\\/ar_FRB_LCI_Logo-C-04-b-HiRes_freistell_NEBENeinander_UM_0180424.png\",\"width\":8000,\"height\":3000,\"caption\":\"Frankfurter B\u00fcrgerenergiegenossenschaft eG\"},\"image\":{\"@id\":\"https:\\\/\\\/www.frabeg.de\\\/#\\\/schema\\\/logo\\\/image\\\/\"}},{\"@type\":\"Person\",\"@id\":\"https:\\\/\\\/www.frabeg.de\\\/#\\\/schema\\\/person\\\/581e01cefa7f04805f855d18805d5762\",\"name\":\"admin\",\"image\":{\"@type\":\"ImageObject\",\"inLanguage\":\"de\",\"@id\":\"https:\\\/\\\/secure.gravatar.com\\\/avatar\\\/76d187f7cecdac6652b9dcfaef58cda08a1823d0e12de71c5d9977b6c05cf1ae?s=96&d=mm&r=g\",\"url\":\"https:\\\/\\\/secure.gravatar.com\\\/avatar\\\/76d187f7cecdac6652b9dcfaef58cda08a1823d0e12de71c5d9977b6c05cf1ae?s=96&d=mm&r=g\",\"contentUrl\":\"https:\\\/\\\/secure.gravatar.com\\\/avatar\\\/76d187f7cecdac6652b9dcfaef58cda08a1823d0e12de71c5d9977b6c05cf1ae?s=96&d=mm&r=g\",\"caption\":\"admin\"},\"sameAs\":[\"https:\\\/\\\/www.frabeg.de\"],\"url\":\"https:\\\/\\\/www.frabeg.de\\\/index.php\\\/author\\\/fm_yismh9xu\\\/\"}]}<\/script>\n<!-- \/ Yoast SEO plugin. -->","yoast_head_json":{"title":"Stadt Frankfurt w\u00fcrdigt FraBeG als Motor der Energiewende in B\u00fcrgerhand - Frankfurter B\u00fcrgerenergiegenossenschaft eG","robots":{"index":"index","follow":"follow","max-snippet":"max-snippet:-1","max-image-preview":"max-image-preview:large","max-video-preview":"max-video-preview:-1"},"canonical":"https:\/\/www.frabeg.de\/index.php\/2024\/05\/17\/stadt-frankfurt-wuerdigt-frabeg-als-motor-der-energiewende-in-buergerhand\/","schema":{"@context":"https:\/\/schema.org","@graph":[{"@type":"Article","@id":"https:\/\/www.frabeg.de\/index.php\/2024\/05\/17\/stadt-frankfurt-wuerdigt-frabeg-als-motor-der-energiewende-in-buergerhand\/#article","isPartOf":{"@id":"https:\/\/www.frabeg.de\/index.php\/2024\/05\/17\/stadt-frankfurt-wuerdigt-frabeg-als-motor-der-energiewende-in-buergerhand\/"},"author":{"name":"admin","@id":"https:\/\/www.frabeg.de\/#\/schema\/person\/581e01cefa7f04805f855d18805d5762"},"headline":"Stadt Frankfurt w\u00fcrdigt FraBeG als Motor der Energiewende in B\u00fcrgerhand","datePublished":"2024-05-17T10:07:00+00:00","dateModified":"2024-09-24T19:17:04+00:00","mainEntityOfPage":{"@id":"https:\/\/www.frabeg.de\/index.php\/2024\/05\/17\/stadt-frankfurt-wuerdigt-frabeg-als-motor-der-energiewende-in-buergerhand\/"},"wordCount":644,"publisher":{"@id":"https:\/\/www.frabeg.de\/#organization"},"image":{"@id":"https:\/\/www.frabeg.de\/index.php\/2024\/05\/17\/stadt-frankfurt-wuerdigt-frabeg-als-motor-der-energiewende-in-buergerhand\/#primaryimage"},"thumbnailUrl":"https:\/\/www.frabeg.de\/wp-content\/uploads\/2024\/09\/FragBeg.jpg","keywords":["b\u00fcrgerenergiegenossenschaft","energiewende","frabeg","frankfurt am main"],"articleSection":{"1":"Presse"},"inLanguage":"de"},{"@type":"WebPage","@id":"https:\/\/www.frabeg.de\/index.php\/2024\/05\/17\/stadt-frankfurt-wuerdigt-frabeg-als-motor-der-energiewende-in-buergerhand\/","url":"https:\/\/www.frabeg.de\/index.php\/2024\/05\/17\/stadt-frankfurt-wuerdigt-frabeg-als-motor-der-energiewende-in-buergerhand\/","name":"Stadt Frankfurt w\u00fcrdigt FraBeG als Motor der Energiewende in B\u00fcrgerhand - Frankfurter B\u00fcrgerenergiegenossenschaft eG","isPartOf":{"@id":"https:\/\/www.frabeg.de\/#website"},"primaryImageOfPage":{"@id":"https:\/\/www.frabeg.de\/index.php\/2024\/05\/17\/stadt-frankfurt-wuerdigt-frabeg-als-motor-der-energiewende-in-buergerhand\/#primaryimage"},"image":{"@id":"https:\/\/www.frabeg.de\/index.php\/2024\/05\/17\/stadt-frankfurt-wuerdigt-frabeg-als-motor-der-energiewende-in-buergerhand\/#primaryimage"},"thumbnailUrl":"https:\/\/www.frabeg.de\/wp-content\/uploads\/2024\/09\/FragBeg.jpg","datePublished":"2024-05-17T10:07:00+00:00","dateModified":"2024-09-24T19:17:04+00:00","breadcrumb":{"@id":"https:\/\/www.frabeg.de\/index.php\/2024\/05\/17\/stadt-frankfurt-wuerdigt-frabeg-als-motor-der-energiewende-in-buergerhand\/#breadcrumb"},"inLanguage":"de","potentialAction":[{"@type":"ReadAction","target":["https:\/\/www.frabeg.de\/index.php\/2024\/05\/17\/stadt-frankfurt-wuerdigt-frabeg-als-motor-der-energiewende-in-buergerhand\/"]}]},{"@type":"ImageObject","inLanguage":"de","@id":"https:\/\/www.frabeg.de\/index.php\/2024\/05\/17\/stadt-frankfurt-wuerdigt-frabeg-als-motor-der-energiewende-in-buergerhand\/#primaryimage","url":"https:\/\/www.frabeg.de\/wp-content\/uploads\/2024\/09\/FragBeg.jpg","contentUrl":"https:\/\/www.frabeg.de\/wp-content\/uploads\/2024\/09\/FragBeg.jpg","width":1472,"height":967,"caption":"Abbildung 1 B\u00fcrgerdialog, von links nach rechts: Moderation Ariane Wick, Volker Kl\u00f6s ( Sonneninitiative e.V. ), Hans-Georg Dannert (Klimareferat der Stadt Frankfurt), Andreas Heming (Frankfurter B\u00fcrgerenergiegenossenschaft FraBeG eG)"},{"@type":"BreadcrumbList","@id":"https:\/\/www.frabeg.de\/index.php\/2024\/05\/17\/stadt-frankfurt-wuerdigt-frabeg-als-motor-der-energiewende-in-buergerhand\/#breadcrumb","itemListElement":[{"@type":"ListItem","position":1,"name":"Startseite","item":"https:\/\/www.frabeg.de\/"},{"@type":"ListItem","position":2,"name":"Stadt Frankfurt w\u00fcrdigt FraBeG als Motor der Energiewende in B\u00fcrgerhand"}]},{"@type":"WebSite","@id":"https:\/\/www.frabeg.de\/#website","url":"https:\/\/www.frabeg.de\/","name":"Frankfurter B\u00fcrgerenergiegenossenschaft eG","description":"Seien sie bei der Energiewende dabei","publisher":{"@id":"https:\/\/www.frabeg.de\/#organization"},"potentialAction":[{"@type":"SearchAction","target":{"@type":"EntryPoint","urlTemplate":"https:\/\/www.frabeg.de\/?s={search_term_string}"},"query-input":{"@type":"PropertyValueSpecification","valueRequired":true,"valueName":"search_term_string"}}],"inLanguage":"de"},{"@type":"Organization","@id":"https:\/\/www.frabeg.de\/#organization","name":"Frankfurter B\u00fcrgerenergiegenossenschaft eG","url":"https:\/\/www.frabeg.de\/","logo":{"@type":"ImageObject","inLanguage":"de","@id":"https:\/\/www.frabeg.de\/#\/schema\/logo\/image\/","url":"https:\/\/www.frabeg.de\/wp-content\/uploads\/2024\/05\/ar_FRB_LCI_Logo-C-04-b-HiRes_freistell_NEBENeinander_UM_0180424.png","contentUrl":"https:\/\/www.frabeg.de\/wp-content\/uploads\/2024\/05\/ar_FRB_LCI_Logo-C-04-b-HiRes_freistell_NEBENeinander_UM_0180424.png","width":8000,"height":3000,"caption":"Frankfurter B\u00fcrgerenergiegenossenschaft eG"},"image":{"@id":"https:\/\/www.frabeg.de\/#\/schema\/logo\/image\/"}},{"@type":"Person","@id":"https:\/\/www.frabeg.de\/#\/schema\/person\/581e01cefa7f04805f855d18805d5762","name":"admin","image":{"@type":"ImageObject","inLanguage":"de","@id":"https:\/\/secure.gravatar.com\/avatar\/76d187f7cecdac6652b9dcfaef58cda08a1823d0e12de71c5d9977b6c05cf1ae?s=96&d=mm&r=g","url":"https:\/\/secure.gravatar.com\/avatar\/76d187f7cecdac6652b9dcfaef58cda08a1823d0e12de71c5d9977b6c05cf1ae?s=96&d=mm&r=g","contentUrl":"https:\/\/secure.gravatar.com\/avatar\/76d187f7cecdac6652b9dcfaef58cda08a1823d0e12de71c5d9977b6c05cf1ae?s=96&d=mm&r=g","caption":"admin"},"sameAs":["https:\/\/www.frabeg.de"],"url":"https:\/\/www.frabeg.de\/index.php\/author\/fm_yismh9xu\/"}]}},"_links":{"self":[{"href":"https:\/\/www.frabeg.de\/index.php\/wp-json\/wp\/v2\/posts\/1219","targetHints":{"allow":["GET"]}}],"collection":[{"href":"https:\/\/www.frabeg.de\/index.php\/wp-json\/wp\/v2\/posts"}],"about":[{"href":"https:\/\/www.frabeg.de\/index.php\/wp-json\/wp\/v2\/types\/post"}],"author":[{"embeddable":true,"href":"https:\/\/www.frabeg.de\/index.php\/wp-json\/wp\/v2\/users\/1"}],"replies":[{"embeddable":true,"href":"https:\/\/www.frabeg.de\/index.php\/wp-json\/wp\/v2\/comments?post=1219"}],"version-history":[{"count":2,"href":"https:\/\/www.frabeg.de\/index.php\/wp-json\/wp\/v2\/posts\/1219\/revisions"}],"predecessor-version":[{"id":1222,"href":"https:\/\/www.frabeg.de\/index.php\/wp-json\/wp\/v2\/posts\/1219\/revisions\/1222"}],"wp:featuredmedia":[{"embeddable":true,"href":"https:\/\/www.frabeg.de\/index.php\/wp-json\/wp\/v2\/media\/1220"}],"wp:attachment":[{"href":"https:\/\/www.frabeg.de\/index.php\/wp-json\/wp\/v2\/media?parent=1219"}],"wp:term":[{"taxonomy":"category","embeddable":true,"href":"https:\/\/www.frabeg.de\/index.php\/wp-json\/wp\/v2\/categories?post=1219"},{"taxonomy":"post_tag","embeddable":true,"href":"https:\/\/www.frabeg.de\/index.php\/wp-json\/wp\/v2\/tags?post=1219"}],"curies":[{"name":"wp","href":"https:\/\/api.w.org\/{rel}","templated":true}]}}