{"id":1199,"date":"2024-09-24T13:10:39","date_gmt":"2024-09-24T11:10:39","guid":{"rendered":"https:\/\/www.frabeg.de\/?p=1199"},"modified":"2024-09-24T13:42:45","modified_gmt":"2024-09-24T11:42:45","slug":"grosses-interesse-an-frabeg-beim-rotlintstrassenfest","status":"publish","type":"post","link":"https:\/\/www.frabeg.de\/index.php\/2024\/09\/24\/grosses-interesse-an-frabeg-beim-rotlintstrassenfest\/","title":{"rendered":"Gro\u00dfes Interesse an FraBeG beim Rotlintstra\u00dfenfest"},"content":{"rendered":"\n<p>Die Frankfurter B\u00fcrgerenergiegenossenschaft (FraBeG) war am 7. September beim traditionsreichen Rotlintstra\u00dfenfest im Frankfurter Nordend mit einem Stand vertreten. Viele B\u00fcrgerinnen und B\u00fcrger kamen zum Stand \u2013 die Bandbreite der Fragen war gro\u00df: Lohnt sich eine Solaranlage auf meinem Haus, rentiert sich ein Balkonkraftwerk, wie ist die aktuelle rechtliche Situation bei Mieterstrom und Photovoltaik?<br><br>Andere wollten erkl\u00e4rt bekommen, was die FraBeG eigentlich macht und wie man Genossin oder Genosse werden kann (durch das Zeichnen von mindestens einem Anteil in H\u00f6he von 150,- Euro). Genau das ist f\u00fcr die weitere Entwicklung der ersten Frankfurter B\u00fcrgerenergiegenossenschaft besonders wichtig: Neue Mitglieder und ihre Anteilszeichnungen erlauben es der FraBeG, neue Projekte zu planen und zu finanzieren. So kommen wir der Energiewende Schritt f\u00fcr Schritt n\u00e4her!<\/p>\n","protected":false},"excerpt":{"rendered":"<p>Die Frankfurter B\u00fcrgerenergiegenossenschaft (FraBeG) war am 7. September beim traditionsreichen Rotlintstra\u00dfenfest im Frankfurter Nordend mit einem Stand vertreten. Viele B\u00fcrgerinnen und B\u00fcrger kamen zum Stand \u2013 die Bandbreite der Fragen war gro\u00df: Lohnt sich eine Solaranlage auf meinem Haus, rentiert sich ein Balkonkraftwerk, wie ist die aktuelle rechtliche Situation bei Mieterstrom und Photovoltaik? Andere wollten&#8230;<\/p>\n","protected":false},"author":1,"featured_media":1204,"comment_status":"closed","ping_status":"open","sticky":false,"template":"","format":"standard","meta":{"_kadence_starter_templates_imported_post":false,"_kad_post_transparent":"","_kad_post_title":"","_kad_post_layout":"","_kad_post_sidebar_id":"","_kad_post_content_style":"","_kad_post_vertical_padding":"","_kad_post_feature":"","_kad_post_feature_position":"","_kad_post_header":false,"_kad_post_footer":false,"_kad_post_classname":"","footnotes":""},"categories":[1],"tags":[20,18,19,17],"class_list":["post-1199","post","type-post","status-publish","format-standard","has-post-thumbnail","hentry","category-allgemeine-news","tag-buergerenergiegenossenschaft","tag-frabeg","tag-frankfurt-am-main","tag-rotlintstrassenfest"],"yoast_head":"<!-- This site is optimized with the Yoast SEO plugin v27.4 - https:\/\/yoast.com\/product\/yoast-seo-wordpress\/ -->\n<title>Gro\u00dfes Interesse an FraBeG beim Rotlintstra\u00dfenfest - Frankfurter B\u00fcrgerenergiegenossenschaft eG<\/title>\n<meta name=\"robots\" content=\"index, follow, max-snippet:-1, max-image-preview:large, max-video-preview:-1\" \/>\n<link rel=\"canonical\" href=\"https:\/\/www.frabeg.de\/index.php\/2024\/09\/24\/grosses-interesse-an-frabeg-beim-rotlintstrassenfest\/\" \/>\n<script type=\"application\/ld+json\" class=\"yoast-schema-graph\">{\"@context\":\"https:\\\/\\\/schema.org\",\"@graph\":[{\"@type\":\"Article\",\"@id\":\"https:\\\/\\\/www.frabeg.de\\\/index.php\\\/2024\\\/09\\\/24\\\/grosses-interesse-an-frabeg-beim-rotlintstrassenfest\\\/#article\",\"isPartOf\":{\"@id\":\"https:\\\/\\\/www.frabeg.de\\\/index.php\\\/2024\\\/09\\\/24\\\/grosses-interesse-an-frabeg-beim-rotlintstrassenfest\\\/\"},\"author\":{\"name\":\"admin\",\"@id\":\"https:\\\/\\\/www.frabeg.de\\\/#\\\/schema\\\/person\\\/581e01cefa7f04805f855d18805d5762\"},\"headline\":\"Gro\u00dfes Interesse an FraBeG beim Rotlintstra\u00dfenfest\",\"datePublished\":\"2024-09-24T11:10:39+00:00\",\"dateModified\":\"2024-09-24T11:42:45+00:00\",\"mainEntityOfPage\":{\"@id\":\"https:\\\/\\\/www.frabeg.de\\\/index.php\\\/2024\\\/09\\\/24\\\/grosses-interesse-an-frabeg-beim-rotlintstrassenfest\\\/\"},\"wordCount\":136,\"publisher\":{\"@id\":\"https:\\\/\\\/www.frabeg.de\\\/#organization\"},\"image\":{\"@id\":\"https:\\\/\\\/www.frabeg.de\\\/index.php\\\/2024\\\/09\\\/24\\\/grosses-interesse-an-frabeg-beim-rotlintstrassenfest\\\/#primaryimage\"},\"thumbnailUrl\":\"https:\\\/\\\/www.frabeg.de\\\/wp-content\\\/uploads\\\/2024\\\/09\\\/Birgit1-20240915-scaled-e1727014717509.jpg\",\"keywords\":[\"b\u00fcrgerenergiegenossenschaft\",\"frabeg\",\"frankfurt am main\",\"rotlintstra\u00dfenfest\"],\"inLanguage\":\"de\"},{\"@type\":\"WebPage\",\"@id\":\"https:\\\/\\\/www.frabeg.de\\\/index.php\\\/2024\\\/09\\\/24\\\/grosses-interesse-an-frabeg-beim-rotlintstrassenfest\\\/\",\"url\":\"https:\\\/\\\/www.frabeg.de\\\/index.php\\\/2024\\\/09\\\/24\\\/grosses-interesse-an-frabeg-beim-rotlintstrassenfest\\\/\",\"name\":\"Gro\u00dfes Interesse an FraBeG beim Rotlintstra\u00dfenfest - Frankfurter B\u00fcrgerenergiegenossenschaft eG\",\"isPartOf\":{\"@id\":\"https:\\\/\\\/www.frabeg.de\\\/#website\"},\"primaryImageOfPage\":{\"@id\":\"https:\\\/\\\/www.frabeg.de\\\/index.php\\\/2024\\\/09\\\/24\\\/grosses-interesse-an-frabeg-beim-rotlintstrassenfest\\\/#primaryimage\"},\"image\":{\"@id\":\"https:\\\/\\\/www.frabeg.de\\\/index.php\\\/2024\\\/09\\\/24\\\/grosses-interesse-an-frabeg-beim-rotlintstrassenfest\\\/#primaryimage\"},\"thumbnailUrl\":\"https:\\\/\\\/www.frabeg.de\\\/wp-content\\\/uploads\\\/2024\\\/09\\\/Birgit1-20240915-scaled-e1727014717509.jpg\",\"datePublished\":\"2024-09-24T11:10:39+00:00\",\"dateModified\":\"2024-09-24T11:42:45+00:00\",\"breadcrumb\":{\"@id\":\"https:\\\/\\\/www.frabeg.de\\\/index.php\\\/2024\\\/09\\\/24\\\/grosses-interesse-an-frabeg-beim-rotlintstrassenfest\\\/#breadcrumb\"},\"inLanguage\":\"de\",\"potentialAction\":[{\"@type\":\"ReadAction\",\"target\":[\"https:\\\/\\\/www.frabeg.de\\\/index.php\\\/2024\\\/09\\\/24\\\/grosses-interesse-an-frabeg-beim-rotlintstrassenfest\\\/\"]}]},{\"@type\":\"ImageObject\",\"inLanguage\":\"de\",\"@id\":\"https:\\\/\\\/www.frabeg.de\\\/index.php\\\/2024\\\/09\\\/24\\\/grosses-interesse-an-frabeg-beim-rotlintstrassenfest\\\/#primaryimage\",\"url\":\"https:\\\/\\\/www.frabeg.de\\\/wp-content\\\/uploads\\\/2024\\\/09\\\/Birgit1-20240915-scaled-e1727014717509.jpg\",\"contentUrl\":\"https:\\\/\\\/www.frabeg.de\\\/wp-content\\\/uploads\\\/2024\\\/09\\\/Birgit1-20240915-scaled-e1727014717509.jpg\",\"width\":2094,\"height\":1125},{\"@type\":\"BreadcrumbList\",\"@id\":\"https:\\\/\\\/www.frabeg.de\\\/index.php\\\/2024\\\/09\\\/24\\\/grosses-interesse-an-frabeg-beim-rotlintstrassenfest\\\/#breadcrumb\",\"itemListElement\":[{\"@type\":\"ListItem\",\"position\":1,\"name\":\"Startseite\",\"item\":\"https:\\\/\\\/www.frabeg.de\\\/\"},{\"@type\":\"ListItem\",\"position\":2,\"name\":\"Gro\u00dfes Interesse an FraBeG beim Rotlintstra\u00dfenfest\"}]},{\"@type\":\"WebSite\",\"@id\":\"https:\\\/\\\/www.frabeg.de\\\/#website\",\"url\":\"https:\\\/\\\/www.frabeg.de\\\/\",\"name\":\"Frankfurter B\u00fcrgerenergiegenossenschaft eG\",\"description\":\"Seien sie bei der Energiewende dabei\",\"publisher\":{\"@id\":\"https:\\\/\\\/www.frabeg.de\\\/#organization\"},\"potentialAction\":[{\"@type\":\"SearchAction\",\"target\":{\"@type\":\"EntryPoint\",\"urlTemplate\":\"https:\\\/\\\/www.frabeg.de\\\/?s={search_term_string}\"},\"query-input\":{\"@type\":\"PropertyValueSpecification\",\"valueRequired\":true,\"valueName\":\"search_term_string\"}}],\"inLanguage\":\"de\"},{\"@type\":\"Organization\",\"@id\":\"https:\\\/\\\/www.frabeg.de\\\/#organization\",\"name\":\"Frankfurter B\u00fcrgerenergiegenossenschaft eG\",\"url\":\"https:\\\/\\\/www.frabeg.de\\\/\",\"logo\":{\"@type\":\"ImageObject\",\"inLanguage\":\"de\",\"@id\":\"https:\\\/\\\/www.frabeg.de\\\/#\\\/schema\\\/logo\\\/image\\\/\",\"url\":\"https:\\\/\\\/www.frabeg.de\\\/wp-content\\\/uploads\\\/2024\\\/05\\\/ar_FRB_LCI_Logo-C-04-b-HiRes_freistell_NEBENeinander_UM_0180424.png\",\"contentUrl\":\"https:\\\/\\\/www.frabeg.de\\\/wp-content\\\/uploads\\\/2024\\\/05\\\/ar_FRB_LCI_Logo-C-04-b-HiRes_freistell_NEBENeinander_UM_0180424.png\",\"width\":8000,\"height\":3000,\"caption\":\"Frankfurter B\u00fcrgerenergiegenossenschaft eG\"},\"image\":{\"@id\":\"https:\\\/\\\/www.frabeg.de\\\/#\\\/schema\\\/logo\\\/image\\\/\"}},{\"@type\":\"Person\",\"@id\":\"https:\\\/\\\/www.frabeg.de\\\/#\\\/schema\\\/person\\\/581e01cefa7f04805f855d18805d5762\",\"name\":\"admin\",\"image\":{\"@type\":\"ImageObject\",\"inLanguage\":\"de\",\"@id\":\"https:\\\/\\\/secure.gravatar.com\\\/avatar\\\/76d187f7cecdac6652b9dcfaef58cda08a1823d0e12de71c5d9977b6c05cf1ae?s=96&d=mm&r=g\",\"url\":\"https:\\\/\\\/secure.gravatar.com\\\/avatar\\\/76d187f7cecdac6652b9dcfaef58cda08a1823d0e12de71c5d9977b6c05cf1ae?s=96&d=mm&r=g\",\"contentUrl\":\"https:\\\/\\\/secure.gravatar.com\\\/avatar\\\/76d187f7cecdac6652b9dcfaef58cda08a1823d0e12de71c5d9977b6c05cf1ae?s=96&d=mm&r=g\",\"caption\":\"admin\"},\"sameAs\":[\"https:\\\/\\\/www.frabeg.de\"],\"url\":\"https:\\\/\\\/www.frabeg.de\\\/index.php\\\/author\\\/fm_yismh9xu\\\/\"}]}<\/script>\n<!-- \/ Yoast SEO plugin. -->","yoast_head_json":{"title":"Gro\u00dfes Interesse an FraBeG beim Rotlintstra\u00dfenfest - Frankfurter B\u00fcrgerenergiegenossenschaft eG","robots":{"index":"index","follow":"follow","max-snippet":"max-snippet:-1","max-image-preview":"max-image-preview:large","max-video-preview":"max-video-preview:-1"},"canonical":"https:\/\/www.frabeg.de\/index.php\/2024\/09\/24\/grosses-interesse-an-frabeg-beim-rotlintstrassenfest\/","schema":{"@context":"https:\/\/schema.org","@graph":[{"@type":"Article","@id":"https:\/\/www.frabeg.de\/index.php\/2024\/09\/24\/grosses-interesse-an-frabeg-beim-rotlintstrassenfest\/#article","isPartOf":{"@id":"https:\/\/www.frabeg.de\/index.php\/2024\/09\/24\/grosses-interesse-an-frabeg-beim-rotlintstrassenfest\/"},"author":{"name":"admin","@id":"https:\/\/www.frabeg.de\/#\/schema\/person\/581e01cefa7f04805f855d18805d5762"},"headline":"Gro\u00dfes Interesse an FraBeG beim Rotlintstra\u00dfenfest","datePublished":"2024-09-24T11:10:39+00:00","dateModified":"2024-09-24T11:42:45+00:00","mainEntityOfPage":{"@id":"https:\/\/www.frabeg.de\/index.php\/2024\/09\/24\/grosses-interesse-an-frabeg-beim-rotlintstrassenfest\/"},"wordCount":136,"publisher":{"@id":"https:\/\/www.frabeg.de\/#organization"},"image":{"@id":"https:\/\/www.frabeg.de\/index.php\/2024\/09\/24\/grosses-interesse-an-frabeg-beim-rotlintstrassenfest\/#primaryimage"},"thumbnailUrl":"https:\/\/www.frabeg.de\/wp-content\/uploads\/2024\/09\/Birgit1-20240915-scaled-e1727014717509.jpg","keywords":["b\u00fcrgerenergiegenossenschaft","frabeg","frankfurt am main","rotlintstra\u00dfenfest"],"inLanguage":"de"},{"@type":"WebPage","@id":"https:\/\/www.frabeg.de\/index.php\/2024\/09\/24\/grosses-interesse-an-frabeg-beim-rotlintstrassenfest\/","url":"https:\/\/www.frabeg.de\/index.php\/2024\/09\/24\/grosses-interesse-an-frabeg-beim-rotlintstrassenfest\/","name":"Gro\u00dfes Interesse an FraBeG beim Rotlintstra\u00dfenfest - Frankfurter B\u00fcrgerenergiegenossenschaft eG","isPartOf":{"@id":"https:\/\/www.frabeg.de\/#website"},"primaryImageOfPage":{"@id":"https:\/\/www.frabeg.de\/index.php\/2024\/09\/24\/grosses-interesse-an-frabeg-beim-rotlintstrassenfest\/#primaryimage"},"image":{"@id":"https:\/\/www.frabeg.de\/index.php\/2024\/09\/24\/grosses-interesse-an-frabeg-beim-rotlintstrassenfest\/#primaryimage"},"thumbnailUrl":"https:\/\/www.frabeg.de\/wp-content\/uploads\/2024\/09\/Birgit1-20240915-scaled-e1727014717509.jpg","datePublished":"2024-09-24T11:10:39+00:00","dateModified":"2024-09-24T11:42:45+00:00","breadcrumb":{"@id":"https:\/\/www.frabeg.de\/index.php\/2024\/09\/24\/grosses-interesse-an-frabeg-beim-rotlintstrassenfest\/#breadcrumb"},"inLanguage":"de","potentialAction":[{"@type":"ReadAction","target":["https:\/\/www.frabeg.de\/index.php\/2024\/09\/24\/grosses-interesse-an-frabeg-beim-rotlintstrassenfest\/"]}]},{"@type":"ImageObject","inLanguage":"de","@id":"https:\/\/www.frabeg.de\/index.php\/2024\/09\/24\/grosses-interesse-an-frabeg-beim-rotlintstrassenfest\/#primaryimage","url":"https:\/\/www.frabeg.de\/wp-content\/uploads\/2024\/09\/Birgit1-20240915-scaled-e1727014717509.jpg","contentUrl":"https:\/\/www.frabeg.de\/wp-content\/uploads\/2024\/09\/Birgit1-20240915-scaled-e1727014717509.jpg","width":2094,"height":1125},{"@type":"BreadcrumbList","@id":"https:\/\/www.frabeg.de\/index.php\/2024\/09\/24\/grosses-interesse-an-frabeg-beim-rotlintstrassenfest\/#breadcrumb","itemListElement":[{"@type":"ListItem","position":1,"name":"Startseite","item":"https:\/\/www.frabeg.de\/"},{"@type":"ListItem","position":2,"name":"Gro\u00dfes Interesse an FraBeG beim Rotlintstra\u00dfenfest"}]},{"@type":"WebSite","@id":"https:\/\/www.frabeg.de\/#website","url":"https:\/\/www.frabeg.de\/","name":"Frankfurter B\u00fcrgerenergiegenossenschaft eG","description":"Seien sie bei der Energiewende dabei","publisher":{"@id":"https:\/\/www.frabeg.de\/#organization"},"potentialAction":[{"@type":"SearchAction","target":{"@type":"EntryPoint","urlTemplate":"https:\/\/www.frabeg.de\/?s={search_term_string}"},"query-input":{"@type":"PropertyValueSpecification","valueRequired":true,"valueName":"search_term_string"}}],"inLanguage":"de"},{"@type":"Organization","@id":"https:\/\/www.frabeg.de\/#organization","name":"Frankfurter B\u00fcrgerenergiegenossenschaft eG","url":"https:\/\/www.frabeg.de\/","logo":{"@type":"ImageObject","inLanguage":"de","@id":"https:\/\/www.frabeg.de\/#\/schema\/logo\/image\/","url":"https:\/\/www.frabeg.de\/wp-content\/uploads\/2024\/05\/ar_FRB_LCI_Logo-C-04-b-HiRes_freistell_NEBENeinander_UM_0180424.png","contentUrl":"https:\/\/www.frabeg.de\/wp-content\/uploads\/2024\/05\/ar_FRB_LCI_Logo-C-04-b-HiRes_freistell_NEBENeinander_UM_0180424.png","width":8000,"height":3000,"caption":"Frankfurter B\u00fcrgerenergiegenossenschaft eG"},"image":{"@id":"https:\/\/www.frabeg.de\/#\/schema\/logo\/image\/"}},{"@type":"Person","@id":"https:\/\/www.frabeg.de\/#\/schema\/person\/581e01cefa7f04805f855d18805d5762","name":"admin","image":{"@type":"ImageObject","inLanguage":"de","@id":"https:\/\/secure.gravatar.com\/avatar\/76d187f7cecdac6652b9dcfaef58cda08a1823d0e12de71c5d9977b6c05cf1ae?s=96&d=mm&r=g","url":"https:\/\/secure.gravatar.com\/avatar\/76d187f7cecdac6652b9dcfaef58cda08a1823d0e12de71c5d9977b6c05cf1ae?s=96&d=mm&r=g","contentUrl":"https:\/\/secure.gravatar.com\/avatar\/76d187f7cecdac6652b9dcfaef58cda08a1823d0e12de71c5d9977b6c05cf1ae?s=96&d=mm&r=g","caption":"admin"},"sameAs":["https:\/\/www.frabeg.de"],"url":"https:\/\/www.frabeg.de\/index.php\/author\/fm_yismh9xu\/"}]}},"_links":{"self":[{"href":"https:\/\/www.frabeg.de\/index.php\/wp-json\/wp\/v2\/posts\/1199","targetHints":{"allow":["GET"]}}],"collection":[{"href":"https:\/\/www.frabeg.de\/index.php\/wp-json\/wp\/v2\/posts"}],"about":[{"href":"https:\/\/www.frabeg.de\/index.php\/wp-json\/wp\/v2\/types\/post"}],"author":[{"embeddable":true,"href":"https:\/\/www.frabeg.de\/index.php\/wp-json\/wp\/v2\/users\/1"}],"replies":[{"embeddable":true,"href":"https:\/\/www.frabeg.de\/index.php\/wp-json\/wp\/v2\/comments?post=1199"}],"version-history":[{"count":4,"href":"https:\/\/www.frabeg.de\/index.php\/wp-json\/wp\/v2\/posts\/1199\/revisions"}],"predecessor-version":[{"id":1213,"href":"https:\/\/www.frabeg.de\/index.php\/wp-json\/wp\/v2\/posts\/1199\/revisions\/1213"}],"wp:featuredmedia":[{"embeddable":true,"href":"https:\/\/www.frabeg.de\/index.php\/wp-json\/wp\/v2\/media\/1204"}],"wp:attachment":[{"href":"https:\/\/www.frabeg.de\/index.php\/wp-json\/wp\/v2\/media?parent=1199"}],"wp:term":[{"taxonomy":"category","embeddable":true,"href":"https:\/\/www.frabeg.de\/index.php\/wp-json\/wp\/v2\/categories?post=1199"},{"taxonomy":"post_tag","embeddable":true,"href":"https:\/\/www.frabeg.de\/index.php\/wp-json\/wp\/v2\/tags?post=1199"}],"curies":[{"name":"wp","href":"https:\/\/api.w.org\/{rel}","templated":true}]}}