{"id":1157,"date":"2024-05-21T21:47:14","date_gmt":"2024-05-21T19:47:14","guid":{"rendered":"https:\/\/www.frabeg.de\/?p=1157"},"modified":"2025-11-29T19:23:30","modified_gmt":"2025-11-29T18:23:30","slug":"erste-pressekonferenz","status":"publish","type":"post","link":"https:\/\/www.frabeg.de\/index.php\/2024\/05\/21\/erste-pressekonferenz\/","title":{"rendered":"Oberb\u00fcrgermeister Mike Josef unterst\u00fctzt die FraBeG"},"content":{"rendered":"\n<h4 class=\"wp-block-heading\">Erste Pressekonferenz<\/h4>\n\n\n\n<p><strong>Frankfurt am Main, 15. Mai 2024.<\/strong> Der Oberb\u00fcrgermeister der Stadt Frankfurt am Main, Mike Josef, hat am Mittwoch die Gr\u00fcndung der ersten Frankfurter B\u00fcrgerenergiegenossenschaft (FraBeG) begr\u00fc\u00dft. <strong>Die FraBeG hat sich das Ziel gesetzt, Projekte im Bereich erneuerbarer Energien zu planen und umzusetzen.<\/strong> Josef \u00e4u\u00dferte die Hoffnung, dass die Genossenschaft die Unterst\u00fctzung vieler B\u00fcrgerinnen und B\u00fcrger im Rhein-Main-Gebiet gewinnen kann.<\/p>\n\n\n\n<p>Der Oberb\u00fcrgermeister signalisierte bei einer Pressekonferenz zusammen mit Frankfurts Klima- und Umwelt-Dezernentin Rosemarie Heilig sowie Vorstand und Aufsichtsrat der FraBeG, dass die Stadt das Vorhaben politisch unterst\u00fctzt. Im Mai 2022 hatte die Frankfurter Stadtverordnetenversammlung das Klimaschutzpaket beschlossen. Frankfurt soll bis 2035 klimaneutral werden, die Stadtverwaltung bereits bis 2030.<\/p>\n\n\n<style>.wp-block-kadence-advancedbtn.kb-btns1157_db5647-c3{gap:var(--global-kb-gap-xs, 0.5rem );justify-content:center;align-items:center;}.kt-btns1157_db5647-c3 .kt-button{font-weight:normal;font-style:normal;}.kt-btns1157_db5647-c3 .kt-btn-wrap-0{margin-right:5px;}.wp-block-kadence-advancedbtn.kt-btns1157_db5647-c3 .kt-btn-wrap-0 .kt-button{color:#555555;border-color:#555555;}.wp-block-kadence-advancedbtn.kt-btns1157_db5647-c3 .kt-btn-wrap-0 .kt-button:hover, .wp-block-kadence-advancedbtn.kt-btns1157_db5647-c3 .kt-btn-wrap-0 .kt-button:focus{color:#ffffff;border-color:#444444;}.wp-block-kadence-advancedbtn.kt-btns1157_db5647-c3 .kt-btn-wrap-0 .kt-button::before{display:none;}.wp-block-kadence-advancedbtn.kt-btns1157_db5647-c3 .kt-btn-wrap-0 .kt-button:hover, .wp-block-kadence-advancedbtn.kt-btns1157_db5647-c3 .kt-btn-wrap-0 .kt-button:focus{background:#444444;}<\/style>\n<div class=\"wp-block-kadence-advancedbtn kb-buttons-wrap kb-btns1157_db5647-c3\"><style>ul.menu .wp-block-kadence-advancedbtn .kb-btn1157_1d06a6-13.kb-button{width:initial;}<\/style><a class=\"kb-button kt-button button kb-btn1157_1d06a6-13 kt-btn-size-standard kt-btn-width-type-auto kb-btn-global-fill  kt-btn-has-text-true kt-btn-has-svg-false  wp-block-kadence-singlebtn\" href=\"https:\/\/www.frabeg.de\/wp-content\/uploads\/2024\/05\/Pressemitteilung_FraBeG_15052024-final.pdf\" target=\"_blank\" rel=\"noreferrer noopener\"><span class=\"kt-btn-inner-text\">Pressemitteilung der FraBeG<\/span><\/a><\/div>\n","protected":false},"excerpt":{"rendered":"<p>Erste Pressekonferenz<\/p>\n","protected":false},"author":10,"featured_media":1100,"comment_status":"closed","ping_status":"closed","sticky":false,"template":"","format":"standard","meta":{"_kadence_starter_templates_imported_post":false,"_kad_post_transparent":"","_kad_post_title":"","_kad_post_layout":"","_kad_post_sidebar_id":"","_kad_post_content_style":"","_kad_post_vertical_padding":"","_kad_post_feature":"","_kad_post_feature_position":"","_kad_post_header":false,"_kad_post_footer":false,"_kad_post_classname":"","footnotes":""},"categories":[1],"tags":[12,11],"class_list":["post-1157","post","type-post","status-publish","format-standard","has-post-thumbnail","hentry","category-allgemeine-news","tag-oberbuergermeister-frankfurt","tag-pressekonferenz"],"yoast_head":"<!-- This site is optimized with the Yoast SEO plugin v27.4 - https:\/\/yoast.com\/product\/yoast-seo-wordpress\/ -->\n<title>Oberb\u00fcrgermeister Mike Josef unterst\u00fctzt die FraBeG - Frankfurter B\u00fcrgerenergiegenossenschaft eG<\/title>\n<meta name=\"robots\" content=\"index, follow, max-snippet:-1, max-image-preview:large, max-video-preview:-1\" \/>\n<link rel=\"canonical\" href=\"https:\/\/www.frabeg.de\/index.php\/2024\/05\/21\/erste-pressekonferenz\/\" \/>\n<script type=\"application\/ld+json\" class=\"yoast-schema-graph\">{\"@context\":\"https:\\\/\\\/schema.org\",\"@graph\":[{\"@type\":\"Article\",\"@id\":\"https:\\\/\\\/www.frabeg.de\\\/index.php\\\/2024\\\/05\\\/21\\\/erste-pressekonferenz\\\/#article\",\"isPartOf\":{\"@id\":\"https:\\\/\\\/www.frabeg.de\\\/index.php\\\/2024\\\/05\\\/21\\\/erste-pressekonferenz\\\/\"},\"author\":{\"name\":\"Christian Stenglein\",\"@id\":\"https:\\\/\\\/www.frabeg.de\\\/#\\\/schema\\\/person\\\/ccc11827b8f406f540dacccbbcaa72ba\"},\"headline\":\"Oberb\u00fcrgermeister Mike Josef unterst\u00fctzt die FraBeG\",\"datePublished\":\"2024-05-21T19:47:14+00:00\",\"dateModified\":\"2025-11-29T18:23:30+00:00\",\"mainEntityOfPage\":{\"@id\":\"https:\\\/\\\/www.frabeg.de\\\/index.php\\\/2024\\\/05\\\/21\\\/erste-pressekonferenz\\\/\"},\"wordCount\":122,\"publisher\":{\"@id\":\"https:\\\/\\\/www.frabeg.de\\\/#organization\"},\"image\":{\"@id\":\"https:\\\/\\\/www.frabeg.de\\\/index.php\\\/2024\\\/05\\\/21\\\/erste-pressekonferenz\\\/#primaryimage\"},\"thumbnailUrl\":\"https:\\\/\\\/www.frabeg.de\\\/wp-content\\\/uploads\\\/2024\\\/05\\\/ar_FRB_LCI_Logo-C-04-b-HiRes_freistell_UNTEReinander_UM_010324.png\",\"keywords\":[\"Oberb\u00fcrgermeister Frankfurt\",\"Pressekonferenz\"],\"inLanguage\":\"de\"},{\"@type\":\"WebPage\",\"@id\":\"https:\\\/\\\/www.frabeg.de\\\/index.php\\\/2024\\\/05\\\/21\\\/erste-pressekonferenz\\\/\",\"url\":\"https:\\\/\\\/www.frabeg.de\\\/index.php\\\/2024\\\/05\\\/21\\\/erste-pressekonferenz\\\/\",\"name\":\"Oberb\u00fcrgermeister Mike Josef unterst\u00fctzt die FraBeG - Frankfurter B\u00fcrgerenergiegenossenschaft eG\",\"isPartOf\":{\"@id\":\"https:\\\/\\\/www.frabeg.de\\\/#website\"},\"primaryImageOfPage\":{\"@id\":\"https:\\\/\\\/www.frabeg.de\\\/index.php\\\/2024\\\/05\\\/21\\\/erste-pressekonferenz\\\/#primaryimage\"},\"image\":{\"@id\":\"https:\\\/\\\/www.frabeg.de\\\/index.php\\\/2024\\\/05\\\/21\\\/erste-pressekonferenz\\\/#primaryimage\"},\"thumbnailUrl\":\"https:\\\/\\\/www.frabeg.de\\\/wp-content\\\/uploads\\\/2024\\\/05\\\/ar_FRB_LCI_Logo-C-04-b-HiRes_freistell_UNTEReinander_UM_010324.png\",\"datePublished\":\"2024-05-21T19:47:14+00:00\",\"dateModified\":\"2025-11-29T18:23:30+00:00\",\"breadcrumb\":{\"@id\":\"https:\\\/\\\/www.frabeg.de\\\/index.php\\\/2024\\\/05\\\/21\\\/erste-pressekonferenz\\\/#breadcrumb\"},\"inLanguage\":\"de\",\"potentialAction\":[{\"@type\":\"ReadAction\",\"target\":[\"https:\\\/\\\/www.frabeg.de\\\/index.php\\\/2024\\\/05\\\/21\\\/erste-pressekonferenz\\\/\"]}]},{\"@type\":\"ImageObject\",\"inLanguage\":\"de\",\"@id\":\"https:\\\/\\\/www.frabeg.de\\\/index.php\\\/2024\\\/05\\\/21\\\/erste-pressekonferenz\\\/#primaryimage\",\"url\":\"https:\\\/\\\/www.frabeg.de\\\/wp-content\\\/uploads\\\/2024\\\/05\\\/ar_FRB_LCI_Logo-C-04-b-HiRes_freistell_UNTEReinander_UM_010324.png\",\"contentUrl\":\"https:\\\/\\\/www.frabeg.de\\\/wp-content\\\/uploads\\\/2024\\\/05\\\/ar_FRB_LCI_Logo-C-04-b-HiRes_freistell_UNTEReinander_UM_010324.png\",\"width\":6000,\"height\":6000},{\"@type\":\"BreadcrumbList\",\"@id\":\"https:\\\/\\\/www.frabeg.de\\\/index.php\\\/2024\\\/05\\\/21\\\/erste-pressekonferenz\\\/#breadcrumb\",\"itemListElement\":[{\"@type\":\"ListItem\",\"position\":1,\"name\":\"Startseite\",\"item\":\"https:\\\/\\\/www.frabeg.de\\\/\"},{\"@type\":\"ListItem\",\"position\":2,\"name\":\"Oberb\u00fcrgermeister Mike Josef unterst\u00fctzt die FraBeG\"}]},{\"@type\":\"WebSite\",\"@id\":\"https:\\\/\\\/www.frabeg.de\\\/#website\",\"url\":\"https:\\\/\\\/www.frabeg.de\\\/\",\"name\":\"Frankfurter B\u00fcrgerenergiegenossenschaft eG\",\"description\":\"Seien sie bei der Energiewende dabei\",\"publisher\":{\"@id\":\"https:\\\/\\\/www.frabeg.de\\\/#organization\"},\"potentialAction\":[{\"@type\":\"SearchAction\",\"target\":{\"@type\":\"EntryPoint\",\"urlTemplate\":\"https:\\\/\\\/www.frabeg.de\\\/?s={search_term_string}\"},\"query-input\":{\"@type\":\"PropertyValueSpecification\",\"valueRequired\":true,\"valueName\":\"search_term_string\"}}],\"inLanguage\":\"de\"},{\"@type\":\"Organization\",\"@id\":\"https:\\\/\\\/www.frabeg.de\\\/#organization\",\"name\":\"Frankfurter B\u00fcrgerenergiegenossenschaft eG\",\"url\":\"https:\\\/\\\/www.frabeg.de\\\/\",\"logo\":{\"@type\":\"ImageObject\",\"inLanguage\":\"de\",\"@id\":\"https:\\\/\\\/www.frabeg.de\\\/#\\\/schema\\\/logo\\\/image\\\/\",\"url\":\"https:\\\/\\\/www.frabeg.de\\\/wp-content\\\/uploads\\\/2024\\\/05\\\/ar_FRB_LCI_Logo-C-04-b-HiRes_freistell_NEBENeinander_UM_0180424.png\",\"contentUrl\":\"https:\\\/\\\/www.frabeg.de\\\/wp-content\\\/uploads\\\/2024\\\/05\\\/ar_FRB_LCI_Logo-C-04-b-HiRes_freistell_NEBENeinander_UM_0180424.png\",\"width\":8000,\"height\":3000,\"caption\":\"Frankfurter B\u00fcrgerenergiegenossenschaft eG\"},\"image\":{\"@id\":\"https:\\\/\\\/www.frabeg.de\\\/#\\\/schema\\\/logo\\\/image\\\/\"}},{\"@type\":\"Person\",\"@id\":\"https:\\\/\\\/www.frabeg.de\\\/#\\\/schema\\\/person\\\/ccc11827b8f406f540dacccbbcaa72ba\",\"name\":\"Christian Stenglein\",\"image\":{\"@type\":\"ImageObject\",\"inLanguage\":\"de\",\"@id\":\"https:\\\/\\\/secure.gravatar.com\\\/avatar\\\/e86c9f0c02602df006f8aefe813d6ff54311a55bf9390b09db2d87de7db689f6?s=96&d=mm&r=g\",\"url\":\"https:\\\/\\\/secure.gravatar.com\\\/avatar\\\/e86c9f0c02602df006f8aefe813d6ff54311a55bf9390b09db2d87de7db689f6?s=96&d=mm&r=g\",\"contentUrl\":\"https:\\\/\\\/secure.gravatar.com\\\/avatar\\\/e86c9f0c02602df006f8aefe813d6ff54311a55bf9390b09db2d87de7db689f6?s=96&d=mm&r=g\",\"caption\":\"Christian Stenglein\"},\"url\":\"https:\\\/\\\/www.frabeg.de\\\/index.php\\\/author\\\/christian-stengleinfrabeg-de\\\/\"}]}<\/script>\n<!-- \/ Yoast SEO plugin. -->","yoast_head_json":{"title":"Oberb\u00fcrgermeister Mike Josef unterst\u00fctzt die FraBeG - Frankfurter B\u00fcrgerenergiegenossenschaft eG","robots":{"index":"index","follow":"follow","max-snippet":"max-snippet:-1","max-image-preview":"max-image-preview:large","max-video-preview":"max-video-preview:-1"},"canonical":"https:\/\/www.frabeg.de\/index.php\/2024\/05\/21\/erste-pressekonferenz\/","schema":{"@context":"https:\/\/schema.org","@graph":[{"@type":"Article","@id":"https:\/\/www.frabeg.de\/index.php\/2024\/05\/21\/erste-pressekonferenz\/#article","isPartOf":{"@id":"https:\/\/www.frabeg.de\/index.php\/2024\/05\/21\/erste-pressekonferenz\/"},"author":{"name":"Christian Stenglein","@id":"https:\/\/www.frabeg.de\/#\/schema\/person\/ccc11827b8f406f540dacccbbcaa72ba"},"headline":"Oberb\u00fcrgermeister Mike Josef unterst\u00fctzt die FraBeG","datePublished":"2024-05-21T19:47:14+00:00","dateModified":"2025-11-29T18:23:30+00:00","mainEntityOfPage":{"@id":"https:\/\/www.frabeg.de\/index.php\/2024\/05\/21\/erste-pressekonferenz\/"},"wordCount":122,"publisher":{"@id":"https:\/\/www.frabeg.de\/#organization"},"image":{"@id":"https:\/\/www.frabeg.de\/index.php\/2024\/05\/21\/erste-pressekonferenz\/#primaryimage"},"thumbnailUrl":"https:\/\/www.frabeg.de\/wp-content\/uploads\/2024\/05\/ar_FRB_LCI_Logo-C-04-b-HiRes_freistell_UNTEReinander_UM_010324.png","keywords":["Oberb\u00fcrgermeister Frankfurt","Pressekonferenz"],"inLanguage":"de"},{"@type":"WebPage","@id":"https:\/\/www.frabeg.de\/index.php\/2024\/05\/21\/erste-pressekonferenz\/","url":"https:\/\/www.frabeg.de\/index.php\/2024\/05\/21\/erste-pressekonferenz\/","name":"Oberb\u00fcrgermeister Mike Josef unterst\u00fctzt die FraBeG - Frankfurter B\u00fcrgerenergiegenossenschaft eG","isPartOf":{"@id":"https:\/\/www.frabeg.de\/#website"},"primaryImageOfPage":{"@id":"https:\/\/www.frabeg.de\/index.php\/2024\/05\/21\/erste-pressekonferenz\/#primaryimage"},"image":{"@id":"https:\/\/www.frabeg.de\/index.php\/2024\/05\/21\/erste-pressekonferenz\/#primaryimage"},"thumbnailUrl":"https:\/\/www.frabeg.de\/wp-content\/uploads\/2024\/05\/ar_FRB_LCI_Logo-C-04-b-HiRes_freistell_UNTEReinander_UM_010324.png","datePublished":"2024-05-21T19:47:14+00:00","dateModified":"2025-11-29T18:23:30+00:00","breadcrumb":{"@id":"https:\/\/www.frabeg.de\/index.php\/2024\/05\/21\/erste-pressekonferenz\/#breadcrumb"},"inLanguage":"de","potentialAction":[{"@type":"ReadAction","target":["https:\/\/www.frabeg.de\/index.php\/2024\/05\/21\/erste-pressekonferenz\/"]}]},{"@type":"ImageObject","inLanguage":"de","@id":"https:\/\/www.frabeg.de\/index.php\/2024\/05\/21\/erste-pressekonferenz\/#primaryimage","url":"https:\/\/www.frabeg.de\/wp-content\/uploads\/2024\/05\/ar_FRB_LCI_Logo-C-04-b-HiRes_freistell_UNTEReinander_UM_010324.png","contentUrl":"https:\/\/www.frabeg.de\/wp-content\/uploads\/2024\/05\/ar_FRB_LCI_Logo-C-04-b-HiRes_freistell_UNTEReinander_UM_010324.png","width":6000,"height":6000},{"@type":"BreadcrumbList","@id":"https:\/\/www.frabeg.de\/index.php\/2024\/05\/21\/erste-pressekonferenz\/#breadcrumb","itemListElement":[{"@type":"ListItem","position":1,"name":"Startseite","item":"https:\/\/www.frabeg.de\/"},{"@type":"ListItem","position":2,"name":"Oberb\u00fcrgermeister Mike Josef unterst\u00fctzt die FraBeG"}]},{"@type":"WebSite","@id":"https:\/\/www.frabeg.de\/#website","url":"https:\/\/www.frabeg.de\/","name":"Frankfurter B\u00fcrgerenergiegenossenschaft eG","description":"Seien sie bei der Energiewende dabei","publisher":{"@id":"https:\/\/www.frabeg.de\/#organization"},"potentialAction":[{"@type":"SearchAction","target":{"@type":"EntryPoint","urlTemplate":"https:\/\/www.frabeg.de\/?s={search_term_string}"},"query-input":{"@type":"PropertyValueSpecification","valueRequired":true,"valueName":"search_term_string"}}],"inLanguage":"de"},{"@type":"Organization","@id":"https:\/\/www.frabeg.de\/#organization","name":"Frankfurter B\u00fcrgerenergiegenossenschaft eG","url":"https:\/\/www.frabeg.de\/","logo":{"@type":"ImageObject","inLanguage":"de","@id":"https:\/\/www.frabeg.de\/#\/schema\/logo\/image\/","url":"https:\/\/www.frabeg.de\/wp-content\/uploads\/2024\/05\/ar_FRB_LCI_Logo-C-04-b-HiRes_freistell_NEBENeinander_UM_0180424.png","contentUrl":"https:\/\/www.frabeg.de\/wp-content\/uploads\/2024\/05\/ar_FRB_LCI_Logo-C-04-b-HiRes_freistell_NEBENeinander_UM_0180424.png","width":8000,"height":3000,"caption":"Frankfurter B\u00fcrgerenergiegenossenschaft eG"},"image":{"@id":"https:\/\/www.frabeg.de\/#\/schema\/logo\/image\/"}},{"@type":"Person","@id":"https:\/\/www.frabeg.de\/#\/schema\/person\/ccc11827b8f406f540dacccbbcaa72ba","name":"Christian Stenglein","image":{"@type":"ImageObject","inLanguage":"de","@id":"https:\/\/secure.gravatar.com\/avatar\/e86c9f0c02602df006f8aefe813d6ff54311a55bf9390b09db2d87de7db689f6?s=96&d=mm&r=g","url":"https:\/\/secure.gravatar.com\/avatar\/e86c9f0c02602df006f8aefe813d6ff54311a55bf9390b09db2d87de7db689f6?s=96&d=mm&r=g","contentUrl":"https:\/\/secure.gravatar.com\/avatar\/e86c9f0c02602df006f8aefe813d6ff54311a55bf9390b09db2d87de7db689f6?s=96&d=mm&r=g","caption":"Christian Stenglein"},"url":"https:\/\/www.frabeg.de\/index.php\/author\/christian-stengleinfrabeg-de\/"}]}},"_links":{"self":[{"href":"https:\/\/www.frabeg.de\/index.php\/wp-json\/wp\/v2\/posts\/1157","targetHints":{"allow":["GET"]}}],"collection":[{"href":"https:\/\/www.frabeg.de\/index.php\/wp-json\/wp\/v2\/posts"}],"about":[{"href":"https:\/\/www.frabeg.de\/index.php\/wp-json\/wp\/v2\/types\/post"}],"author":[{"embeddable":true,"href":"https:\/\/www.frabeg.de\/index.php\/wp-json\/wp\/v2\/users\/10"}],"replies":[{"embeddable":true,"href":"https:\/\/www.frabeg.de\/index.php\/wp-json\/wp\/v2\/comments?post=1157"}],"version-history":[{"count":6,"href":"https:\/\/www.frabeg.de\/index.php\/wp-json\/wp\/v2\/posts\/1157\/revisions"}],"predecessor-version":[{"id":1189,"href":"https:\/\/www.frabeg.de\/index.php\/wp-json\/wp\/v2\/posts\/1157\/revisions\/1189"}],"wp:featuredmedia":[{"embeddable":true,"href":"https:\/\/www.frabeg.de\/index.php\/wp-json\/wp\/v2\/media\/1100"}],"wp:attachment":[{"href":"https:\/\/www.frabeg.de\/index.php\/wp-json\/wp\/v2\/media?parent=1157"}],"wp:term":[{"taxonomy":"category","embeddable":true,"href":"https:\/\/www.frabeg.de\/index.php\/wp-json\/wp\/v2\/categories?post=1157"},{"taxonomy":"post_tag","embeddable":true,"href":"https:\/\/www.frabeg.de\/index.php\/wp-json\/wp\/v2\/tags?post=1157"}],"curies":[{"name":"wp","href":"https:\/\/api.w.org\/{rel}","templated":true}]}}