{"id":1011,"date":"2024-05-09T08:56:35","date_gmt":"2024-05-09T06:56:35","guid":{"rendered":"https:\/\/www.frabeg.de\/?p=1011"},"modified":"2025-02-10T16:57:58","modified_gmt":"2025-02-10T15:57:58","slug":"erste-gemeinsame-sitzung-von-aufsichtsrat-und-vorstand","status":"publish","type":"post","link":"https:\/\/www.frabeg.de\/index.php\/2024\/05\/09\/erste-gemeinsame-sitzung-von-aufsichtsrat-und-vorstand\/","title":{"rendered":"Vorstand und Aufsichtsrat tagen erstmals gemeinsam"},"content":{"rendered":"\n<h4 class=\"wp-block-heading\">Wichtiger Schritt nach Gr\u00fcndung<\/h4>\n\n\n\n<p>Die erste Sitzung von Aufsichtsrad und Vorstand haben viele grunds\u00e4tzliche Fragen gekl\u00e4rt und viele n\u00e4chste Schritte vorbereitet. Jetzt gibt es auch erste offizielle Fotos vom Vorstandsteam.<\/p>\n\n\n\n<p>Von links nach rechts: Markus Schaufler, Lothar Stanka, Christian Stenglein<\/p>\n","protected":false},"excerpt":{"rendered":"<p>Wichtiger Schritt nach Gr\u00fcndung<\/p>\n","protected":false},"author":10,"featured_media":1444,"comment_status":"closed","ping_status":"closed","sticky":false,"template":"","format":"standard","meta":{"_kadence_starter_templates_imported_post":false,"_kad_post_transparent":"","_kad_post_title":"","_kad_post_layout":"","_kad_post_sidebar_id":"","_kad_post_content_style":"","_kad_post_vertical_padding":"","_kad_post_feature":"","_kad_post_feature_position":"","_kad_post_header":false,"_kad_post_footer":false,"_kad_post_classname":"","footnotes":""},"categories":[1],"tags":[],"class_list":["post-1011","post","type-post","status-publish","format-standard","has-post-thumbnail","hentry","category-allgemeine-news"],"yoast_head":"<!-- This site is optimized with the Yoast SEO plugin v27.4 - https:\/\/yoast.com\/product\/yoast-seo-wordpress\/ -->\n<title>Vorstand und Aufsichtsrat tagen erstmals gemeinsam - Frankfurter B\u00fcrgerenergiegenossenschaft eG<\/title>\n<meta name=\"robots\" content=\"index, follow, max-snippet:-1, max-image-preview:large, max-video-preview:-1\" \/>\n<link rel=\"canonical\" href=\"https:\/\/www.frabeg.de\/index.php\/2024\/05\/09\/erste-gemeinsame-sitzung-von-aufsichtsrat-und-vorstand\/\" \/>\n<script type=\"application\/ld+json\" class=\"yoast-schema-graph\">{\"@context\":\"https:\\\/\\\/schema.org\",\"@graph\":[{\"@type\":\"Article\",\"@id\":\"https:\\\/\\\/www.frabeg.de\\\/index.php\\\/2024\\\/05\\\/09\\\/erste-gemeinsame-sitzung-von-aufsichtsrat-und-vorstand\\\/#article\",\"isPartOf\":{\"@id\":\"https:\\\/\\\/www.frabeg.de\\\/index.php\\\/2024\\\/05\\\/09\\\/erste-gemeinsame-sitzung-von-aufsichtsrat-und-vorstand\\\/\"},\"author\":{\"name\":\"Christian Stenglein\",\"@id\":\"https:\\\/\\\/www.frabeg.de\\\/#\\\/schema\\\/person\\\/ccc11827b8f406f540dacccbbcaa72ba\"},\"headline\":\"Vorstand und Aufsichtsrat tagen erstmals gemeinsam\",\"datePublished\":\"2024-05-09T06:56:35+00:00\",\"dateModified\":\"2025-02-10T15:57:58+00:00\",\"mainEntityOfPage\":{\"@id\":\"https:\\\/\\\/www.frabeg.de\\\/index.php\\\/2024\\\/05\\\/09\\\/erste-gemeinsame-sitzung-von-aufsichtsrat-und-vorstand\\\/\"},\"wordCount\":50,\"publisher\":{\"@id\":\"https:\\\/\\\/www.frabeg.de\\\/#organization\"},\"image\":{\"@id\":\"https:\\\/\\\/www.frabeg.de\\\/index.php\\\/2024\\\/05\\\/09\\\/erste-gemeinsame-sitzung-von-aufsichtsrat-und-vorstand\\\/#primaryimage\"},\"thumbnailUrl\":\"https:\\\/\\\/www.frabeg.de\\\/wp-content\\\/uploads\\\/2025\\\/02\\\/Vorstaende-FraBeg-e1739203040210.jpg\",\"inLanguage\":\"de\"},{\"@type\":\"WebPage\",\"@id\":\"https:\\\/\\\/www.frabeg.de\\\/index.php\\\/2024\\\/05\\\/09\\\/erste-gemeinsame-sitzung-von-aufsichtsrat-und-vorstand\\\/\",\"url\":\"https:\\\/\\\/www.frabeg.de\\\/index.php\\\/2024\\\/05\\\/09\\\/erste-gemeinsame-sitzung-von-aufsichtsrat-und-vorstand\\\/\",\"name\":\"Vorstand und Aufsichtsrat tagen erstmals gemeinsam - Frankfurter B\u00fcrgerenergiegenossenschaft eG\",\"isPartOf\":{\"@id\":\"https:\\\/\\\/www.frabeg.de\\\/#website\"},\"primaryImageOfPage\":{\"@id\":\"https:\\\/\\\/www.frabeg.de\\\/index.php\\\/2024\\\/05\\\/09\\\/erste-gemeinsame-sitzung-von-aufsichtsrat-und-vorstand\\\/#primaryimage\"},\"image\":{\"@id\":\"https:\\\/\\\/www.frabeg.de\\\/index.php\\\/2024\\\/05\\\/09\\\/erste-gemeinsame-sitzung-von-aufsichtsrat-und-vorstand\\\/#primaryimage\"},\"thumbnailUrl\":\"https:\\\/\\\/www.frabeg.de\\\/wp-content\\\/uploads\\\/2025\\\/02\\\/Vorstaende-FraBeg-e1739203040210.jpg\",\"datePublished\":\"2024-05-09T06:56:35+00:00\",\"dateModified\":\"2025-02-10T15:57:58+00:00\",\"breadcrumb\":{\"@id\":\"https:\\\/\\\/www.frabeg.de\\\/index.php\\\/2024\\\/05\\\/09\\\/erste-gemeinsame-sitzung-von-aufsichtsrat-und-vorstand\\\/#breadcrumb\"},\"inLanguage\":\"de\",\"potentialAction\":[{\"@type\":\"ReadAction\",\"target\":[\"https:\\\/\\\/www.frabeg.de\\\/index.php\\\/2024\\\/05\\\/09\\\/erste-gemeinsame-sitzung-von-aufsichtsrat-und-vorstand\\\/\"]}]},{\"@type\":\"ImageObject\",\"inLanguage\":\"de\",\"@id\":\"https:\\\/\\\/www.frabeg.de\\\/index.php\\\/2024\\\/05\\\/09\\\/erste-gemeinsame-sitzung-von-aufsichtsrat-und-vorstand\\\/#primaryimage\",\"url\":\"https:\\\/\\\/www.frabeg.de\\\/wp-content\\\/uploads\\\/2025\\\/02\\\/Vorstaende-FraBeg-e1739203040210.jpg\",\"contentUrl\":\"https:\\\/\\\/www.frabeg.de\\\/wp-content\\\/uploads\\\/2025\\\/02\\\/Vorstaende-FraBeg-e1739203040210.jpg\",\"width\":1249,\"height\":656},{\"@type\":\"BreadcrumbList\",\"@id\":\"https:\\\/\\\/www.frabeg.de\\\/index.php\\\/2024\\\/05\\\/09\\\/erste-gemeinsame-sitzung-von-aufsichtsrat-und-vorstand\\\/#breadcrumb\",\"itemListElement\":[{\"@type\":\"ListItem\",\"position\":1,\"name\":\"Startseite\",\"item\":\"https:\\\/\\\/www.frabeg.de\\\/\"},{\"@type\":\"ListItem\",\"position\":2,\"name\":\"Vorstand und Aufsichtsrat tagen erstmals gemeinsam\"}]},{\"@type\":\"WebSite\",\"@id\":\"https:\\\/\\\/www.frabeg.de\\\/#website\",\"url\":\"https:\\\/\\\/www.frabeg.de\\\/\",\"name\":\"Frankfurter B\u00fcrgerenergiegenossenschaft eG\",\"description\":\"Seien sie bei der Energiewende dabei\",\"publisher\":{\"@id\":\"https:\\\/\\\/www.frabeg.de\\\/#organization\"},\"potentialAction\":[{\"@type\":\"SearchAction\",\"target\":{\"@type\":\"EntryPoint\",\"urlTemplate\":\"https:\\\/\\\/www.frabeg.de\\\/?s={search_term_string}\"},\"query-input\":{\"@type\":\"PropertyValueSpecification\",\"valueRequired\":true,\"valueName\":\"search_term_string\"}}],\"inLanguage\":\"de\"},{\"@type\":\"Organization\",\"@id\":\"https:\\\/\\\/www.frabeg.de\\\/#organization\",\"name\":\"Frankfurter B\u00fcrgerenergiegenossenschaft eG\",\"url\":\"https:\\\/\\\/www.frabeg.de\\\/\",\"logo\":{\"@type\":\"ImageObject\",\"inLanguage\":\"de\",\"@id\":\"https:\\\/\\\/www.frabeg.de\\\/#\\\/schema\\\/logo\\\/image\\\/\",\"url\":\"https:\\\/\\\/www.frabeg.de\\\/wp-content\\\/uploads\\\/2024\\\/05\\\/ar_FRB_LCI_Logo-C-04-b-HiRes_freistell_NEBENeinander_UM_0180424.png\",\"contentUrl\":\"https:\\\/\\\/www.frabeg.de\\\/wp-content\\\/uploads\\\/2024\\\/05\\\/ar_FRB_LCI_Logo-C-04-b-HiRes_freistell_NEBENeinander_UM_0180424.png\",\"width\":8000,\"height\":3000,\"caption\":\"Frankfurter B\u00fcrgerenergiegenossenschaft eG\"},\"image\":{\"@id\":\"https:\\\/\\\/www.frabeg.de\\\/#\\\/schema\\\/logo\\\/image\\\/\"}},{\"@type\":\"Person\",\"@id\":\"https:\\\/\\\/www.frabeg.de\\\/#\\\/schema\\\/person\\\/ccc11827b8f406f540dacccbbcaa72ba\",\"name\":\"Christian Stenglein\",\"image\":{\"@type\":\"ImageObject\",\"inLanguage\":\"de\",\"@id\":\"https:\\\/\\\/secure.gravatar.com\\\/avatar\\\/e86c9f0c02602df006f8aefe813d6ff54311a55bf9390b09db2d87de7db689f6?s=96&d=mm&r=g\",\"url\":\"https:\\\/\\\/secure.gravatar.com\\\/avatar\\\/e86c9f0c02602df006f8aefe813d6ff54311a55bf9390b09db2d87de7db689f6?s=96&d=mm&r=g\",\"contentUrl\":\"https:\\\/\\\/secure.gravatar.com\\\/avatar\\\/e86c9f0c02602df006f8aefe813d6ff54311a55bf9390b09db2d87de7db689f6?s=96&d=mm&r=g\",\"caption\":\"Christian Stenglein\"},\"url\":\"https:\\\/\\\/www.frabeg.de\\\/index.php\\\/author\\\/christian-stengleinfrabeg-de\\\/\"}]}<\/script>\n<!-- \/ Yoast SEO plugin. -->","yoast_head_json":{"title":"Vorstand und Aufsichtsrat tagen erstmals gemeinsam - Frankfurter B\u00fcrgerenergiegenossenschaft eG","robots":{"index":"index","follow":"follow","max-snippet":"max-snippet:-1","max-image-preview":"max-image-preview:large","max-video-preview":"max-video-preview:-1"},"canonical":"https:\/\/www.frabeg.de\/index.php\/2024\/05\/09\/erste-gemeinsame-sitzung-von-aufsichtsrat-und-vorstand\/","schema":{"@context":"https:\/\/schema.org","@graph":[{"@type":"Article","@id":"https:\/\/www.frabeg.de\/index.php\/2024\/05\/09\/erste-gemeinsame-sitzung-von-aufsichtsrat-und-vorstand\/#article","isPartOf":{"@id":"https:\/\/www.frabeg.de\/index.php\/2024\/05\/09\/erste-gemeinsame-sitzung-von-aufsichtsrat-und-vorstand\/"},"author":{"name":"Christian Stenglein","@id":"https:\/\/www.frabeg.de\/#\/schema\/person\/ccc11827b8f406f540dacccbbcaa72ba"},"headline":"Vorstand und Aufsichtsrat tagen erstmals gemeinsam","datePublished":"2024-05-09T06:56:35+00:00","dateModified":"2025-02-10T15:57:58+00:00","mainEntityOfPage":{"@id":"https:\/\/www.frabeg.de\/index.php\/2024\/05\/09\/erste-gemeinsame-sitzung-von-aufsichtsrat-und-vorstand\/"},"wordCount":50,"publisher":{"@id":"https:\/\/www.frabeg.de\/#organization"},"image":{"@id":"https:\/\/www.frabeg.de\/index.php\/2024\/05\/09\/erste-gemeinsame-sitzung-von-aufsichtsrat-und-vorstand\/#primaryimage"},"thumbnailUrl":"https:\/\/www.frabeg.de\/wp-content\/uploads\/2025\/02\/Vorstaende-FraBeg-e1739203040210.jpg","inLanguage":"de"},{"@type":"WebPage","@id":"https:\/\/www.frabeg.de\/index.php\/2024\/05\/09\/erste-gemeinsame-sitzung-von-aufsichtsrat-und-vorstand\/","url":"https:\/\/www.frabeg.de\/index.php\/2024\/05\/09\/erste-gemeinsame-sitzung-von-aufsichtsrat-und-vorstand\/","name":"Vorstand und Aufsichtsrat tagen erstmals gemeinsam - Frankfurter B\u00fcrgerenergiegenossenschaft eG","isPartOf":{"@id":"https:\/\/www.frabeg.de\/#website"},"primaryImageOfPage":{"@id":"https:\/\/www.frabeg.de\/index.php\/2024\/05\/09\/erste-gemeinsame-sitzung-von-aufsichtsrat-und-vorstand\/#primaryimage"},"image":{"@id":"https:\/\/www.frabeg.de\/index.php\/2024\/05\/09\/erste-gemeinsame-sitzung-von-aufsichtsrat-und-vorstand\/#primaryimage"},"thumbnailUrl":"https:\/\/www.frabeg.de\/wp-content\/uploads\/2025\/02\/Vorstaende-FraBeg-e1739203040210.jpg","datePublished":"2024-05-09T06:56:35+00:00","dateModified":"2025-02-10T15:57:58+00:00","breadcrumb":{"@id":"https:\/\/www.frabeg.de\/index.php\/2024\/05\/09\/erste-gemeinsame-sitzung-von-aufsichtsrat-und-vorstand\/#breadcrumb"},"inLanguage":"de","potentialAction":[{"@type":"ReadAction","target":["https:\/\/www.frabeg.de\/index.php\/2024\/05\/09\/erste-gemeinsame-sitzung-von-aufsichtsrat-und-vorstand\/"]}]},{"@type":"ImageObject","inLanguage":"de","@id":"https:\/\/www.frabeg.de\/index.php\/2024\/05\/09\/erste-gemeinsame-sitzung-von-aufsichtsrat-und-vorstand\/#primaryimage","url":"https:\/\/www.frabeg.de\/wp-content\/uploads\/2025\/02\/Vorstaende-FraBeg-e1739203040210.jpg","contentUrl":"https:\/\/www.frabeg.de\/wp-content\/uploads\/2025\/02\/Vorstaende-FraBeg-e1739203040210.jpg","width":1249,"height":656},{"@type":"BreadcrumbList","@id":"https:\/\/www.frabeg.de\/index.php\/2024\/05\/09\/erste-gemeinsame-sitzung-von-aufsichtsrat-und-vorstand\/#breadcrumb","itemListElement":[{"@type":"ListItem","position":1,"name":"Startseite","item":"https:\/\/www.frabeg.de\/"},{"@type":"ListItem","position":2,"name":"Vorstand und Aufsichtsrat tagen erstmals gemeinsam"}]},{"@type":"WebSite","@id":"https:\/\/www.frabeg.de\/#website","url":"https:\/\/www.frabeg.de\/","name":"Frankfurter B\u00fcrgerenergiegenossenschaft eG","description":"Seien sie bei der Energiewende dabei","publisher":{"@id":"https:\/\/www.frabeg.de\/#organization"},"potentialAction":[{"@type":"SearchAction","target":{"@type":"EntryPoint","urlTemplate":"https:\/\/www.frabeg.de\/?s={search_term_string}"},"query-input":{"@type":"PropertyValueSpecification","valueRequired":true,"valueName":"search_term_string"}}],"inLanguage":"de"},{"@type":"Organization","@id":"https:\/\/www.frabeg.de\/#organization","name":"Frankfurter B\u00fcrgerenergiegenossenschaft eG","url":"https:\/\/www.frabeg.de\/","logo":{"@type":"ImageObject","inLanguage":"de","@id":"https:\/\/www.frabeg.de\/#\/schema\/logo\/image\/","url":"https:\/\/www.frabeg.de\/wp-content\/uploads\/2024\/05\/ar_FRB_LCI_Logo-C-04-b-HiRes_freistell_NEBENeinander_UM_0180424.png","contentUrl":"https:\/\/www.frabeg.de\/wp-content\/uploads\/2024\/05\/ar_FRB_LCI_Logo-C-04-b-HiRes_freistell_NEBENeinander_UM_0180424.png","width":8000,"height":3000,"caption":"Frankfurter B\u00fcrgerenergiegenossenschaft eG"},"image":{"@id":"https:\/\/www.frabeg.de\/#\/schema\/logo\/image\/"}},{"@type":"Person","@id":"https:\/\/www.frabeg.de\/#\/schema\/person\/ccc11827b8f406f540dacccbbcaa72ba","name":"Christian Stenglein","image":{"@type":"ImageObject","inLanguage":"de","@id":"https:\/\/secure.gravatar.com\/avatar\/e86c9f0c02602df006f8aefe813d6ff54311a55bf9390b09db2d87de7db689f6?s=96&d=mm&r=g","url":"https:\/\/secure.gravatar.com\/avatar\/e86c9f0c02602df006f8aefe813d6ff54311a55bf9390b09db2d87de7db689f6?s=96&d=mm&r=g","contentUrl":"https:\/\/secure.gravatar.com\/avatar\/e86c9f0c02602df006f8aefe813d6ff54311a55bf9390b09db2d87de7db689f6?s=96&d=mm&r=g","caption":"Christian Stenglein"},"url":"https:\/\/www.frabeg.de\/index.php\/author\/christian-stengleinfrabeg-de\/"}]}},"_links":{"self":[{"href":"https:\/\/www.frabeg.de\/index.php\/wp-json\/wp\/v2\/posts\/1011","targetHints":{"allow":["GET"]}}],"collection":[{"href":"https:\/\/www.frabeg.de\/index.php\/wp-json\/wp\/v2\/posts"}],"about":[{"href":"https:\/\/www.frabeg.de\/index.php\/wp-json\/wp\/v2\/types\/post"}],"author":[{"embeddable":true,"href":"https:\/\/www.frabeg.de\/index.php\/wp-json\/wp\/v2\/users\/10"}],"replies":[{"embeddable":true,"href":"https:\/\/www.frabeg.de\/index.php\/wp-json\/wp\/v2\/comments?post=1011"}],"version-history":[{"count":5,"href":"https:\/\/www.frabeg.de\/index.php\/wp-json\/wp\/v2\/posts\/1011\/revisions"}],"predecessor-version":[{"id":1445,"href":"https:\/\/www.frabeg.de\/index.php\/wp-json\/wp\/v2\/posts\/1011\/revisions\/1445"}],"wp:featuredmedia":[{"embeddable":true,"href":"https:\/\/www.frabeg.de\/index.php\/wp-json\/wp\/v2\/media\/1444"}],"wp:attachment":[{"href":"https:\/\/www.frabeg.de\/index.php\/wp-json\/wp\/v2\/media?parent=1011"}],"wp:term":[{"taxonomy":"category","embeddable":true,"href":"https:\/\/www.frabeg.de\/index.php\/wp-json\/wp\/v2\/categories?post=1011"},{"taxonomy":"post_tag","embeddable":true,"href":"https:\/\/www.frabeg.de\/index.php\/wp-json\/wp\/v2\/tags?post=1011"}],"curies":[{"name":"wp","href":"https:\/\/api.w.org\/{rel}","templated":true}]}}